{"id":9913,"date":"2024-10-18T13:52:07","date_gmt":"2024-10-18T12:52:07","guid":{"rendered":"https:\/\/www.amicale-aeap.fr\/word\/?p=9913"},"modified":"2024-10-24T16:41:47","modified_gmt":"2024-10-24T15:41:47","slug":"asterix-26-octobre-2024-article-de-derniere-minute-5-places-se-sont-liberees","status":"publish","type":"post","link":"https:\/\/www.amicale-aeap.fr\/word\/2024\/10\/18\/asterix-26-octobre-2024-article-de-derniere-minute-5-places-se-sont-liberees\/","title":{"rendered":"ASTERIX 26 OCTOBRE 2024 &#8211; ARTICLE DE DERNIERE MINUTE : 5 PLACES SE SONT LIBEREES"},"content":{"rendered":"\n<div class=\"wp-block-group is-vertical is-layout-flex wp-container-core-group-is-layout-fe9cc265 wp-block-group-is-layout-flex\">\n<div class=\"wp-block-group is-vertical is-layout-flex wp-container-core-group-is-layout-fe9cc265 wp-block-group-is-layout-flex\">\n<p>Si vous avez un regret c&rsquo;est le moment \ud83d\ude42 5 places viennent de se lib\u00e9rer pour Ast\u00e9rix , si vous \u00eates int\u00e9ress\u00e9s vous pouvez contacter directement Adeline. <\/p>\n\n\n\n<p class=\"has-text-color has-link-color wp-elements-5fd9331ce3cd63e429ffe0df4b560428\" style=\"color:#fd7101\"><strong>C\u2019est bient\u00f4t Halloween&nbsp;!&nbsp; L\u2019amicale vous propose de partager un moment de frayeur lors d\u2019une sortie au parc Ast\u00e9rix le samedi 26 octobre. Attention, vous pourrez frissonner la journ\u00e9e et trembler de peur la nuit puisque cette sortie permettra de profiter du parc en nocturne.<\/strong><\/p>\n\n\n\n<p><strong>Peut-\u00eatre aurez-vous l\u2019occasion de croiser Chauve-sourix ou Zombix, boire de la cervoise au jus de citrouille (beurk&nbsp;!) ou p\u00e9n\u00e9trer dans les Maison des Fous (celle des 12 travaux d\u2019Ast\u00e9rix).<\/strong><\/p>\n\n\n\n<p class=\"has-text-color has-link-color wp-elements-8f09b62092515ab05a88cf47d71d8999\" style=\"color:#fd7101\"><strong>Attractions th\u00e9matis\u00e9es, rencontres effrayantes dans Les Rues de Paris ou Maisons Hant\u00e9es : les petites et les grandes frayeurs s\u2019installent au Parc Ast\u00e9rix. Plus d\u2019informations sur ce lien&nbsp;:<\/strong><\/p>\n\n\n\n<p><a href=\"https:\/\/www.parcasterix.fr\/peur-sur-parc\"><strong>Peur sur le Parc | Parc Ast\u00e9rix (parcasterix.fr)<\/strong><\/a><\/p>\n<\/div>\n\n\n\n<p><\/p>\n\n\n\n<p><strong>Le tarif amicaliste (transport en bus + billet jour + billet nocturne) est de 20 euros pour adultes et enfants.<\/strong> <\/p>\n<\/div>\n\n\n\n<p class=\"has-text-align-center has-black-color has-background-color-background-color has-text-color has-background has-link-color wp-elements-4fc61076c4927674a0739a4958a988ab\"><strong><em>Le <a href=\"https:\/\/www.amicale-aeap.fr\/word\/wp-content\/uploads\/2024\/09\/Inscription_asterix.pdf\" data-type=\"link\" data-id=\"https:\/\/www.amicale-aeap.fr\/word\/wp-content\/uploads\/2024\/08\/BULLETIN-ASTERIX.pdf\">bulletin r\u00e9ponse<\/a><a href=\"https:\/\/www.amicale-aeap.fr\/word\/wp-content\/uploads\/2024\/08\/BULLETIN-ASTERIX.pdf\" data-type=\"link\" data-id=\"https:\/\/www.amicale-aeap.fr\/word\/wp-content\/uploads\/2024\/08\/BULLETIN-ASTERIX.pdf\"> <\/a>et le r\u00e8glement sont \u00e0 retourner pour le 27 septembre 12h00 \u00e0 Adeline FESSARD (316) ou Bruno PENISSON (321) ou par mail (bulletin + ordre de virement) \u00e0 l&rsquo;adresse : amicaleaeap@amicale-eau-artois-picardie.fr<\/em><\/strong><\/p>\n\n\n\n<p><strong><u>Programme de la journ\u00e9e&nbsp;(Arr\u00eat \u00e0 Fresnes les Montauban possible, merci de nous contacter si besoin)&nbsp;:<\/u><\/strong><\/p>\n\n\n\n<ul class=\"wp-block-list\">\n<li><strong>D\u00e9part de Douai \u00e0 8h00 \/ Arriv\u00e9e \u00e0 Ast\u00e9rix \u00e0 10h00<\/strong><\/li>\n\n\n\n<li><strong>D\u00e9part du parc \u00e0 00h00\/ Retour \u00e0 Douai \u00e0 2h00<\/strong><\/li>\n<\/ul>\n\n\n<div class=\"wp-block-image\">\n<figure class=\"aligncenter size-full is-resized\"><img loading=\"lazy\" decoding=\"async\" width=\"922\" height=\"752\" src=\"https:\/\/www.amicale-aeap.fr\/word\/wp-content\/uploads\/2024\/08\/aster.webp\" alt=\"\" class=\"wp-image-9839\" style=\"width:204px;height:auto\" srcset=\"https:\/\/www.amicale-aeap.fr\/word\/wp-content\/uploads\/2024\/08\/aster.webp 922w, https:\/\/www.amicale-aeap.fr\/word\/wp-content\/uploads\/2024\/08\/aster-300x245.webp 300w, https:\/\/www.amicale-aeap.fr\/word\/wp-content\/uploads\/2024\/08\/aster-768x626.webp 768w, https:\/\/www.amicale-aeap.fr\/word\/wp-content\/uploads\/2024\/08\/aster-736x600.webp 736w\" sizes=\"auto, (max-width: 922px) 100vw, 922px\" \/><\/figure>\n<\/div>\n\n\n<p><strong>Un nombre insuffisant de participants pourra conduire \u00e0 l\u2019annulation de l\u2019activit\u00e9<\/strong><\/p>\n\n\n\n<p><strong>Pour rappel, toute annulation non d\u00fbment justifi\u00e9e se verra appliqu\u00e9e une facturation correspondante au co\u00fbt non subventionn\u00e9 de l&rsquo;activit\u00e9<\/strong><strong><\/strong><\/p>\n\n\n\n<p><strong>Le tarif ext\u00e9rieur est de 114 euros (les ext\u00e9rieurs ne sont pas prioritaires et leur inscription sera valid\u00e9e le 20\/09 \u00e0 16h00)<\/strong><\/p>\n\n\n\n<p><\/p>\n","protected":false},"excerpt":{"rendered":"<p>Si vous avez un regret c&rsquo;est le moment \ud83d\ude42 5 places viennent de se lib\u00e9rer pour Ast\u00e9rix , si vous \u00eates int\u00e9ress\u00e9s vous pouvez contacter directement Adeline. C\u2019est bient\u00f4t Halloween&nbsp;!&nbsp; L\u2019amicale vous propose de partager un moment de frayeur lors d\u2019une sortie au parc Ast\u00e9rix le samedi 26 octobre. Attention, [&hellip;]<\/p>\n","protected":false},"author":174,"featured_media":8975,"comment_status":"closed","ping_status":"closed","sticky":false,"template":"","format":"standard","meta":{"footnotes":""},"categories":[1],"tags":[],"class_list":["post-9913","post","type-post","status-publish","format-standard","has-post-thumbnail","hentry","category-actus"],"_links":{"self":[{"href":"https:\/\/www.amicale-aeap.fr\/word\/wp-json\/wp\/v2\/posts\/9913","targetHints":{"allow":["GET"]}}],"collection":[{"href":"https:\/\/www.amicale-aeap.fr\/word\/wp-json\/wp\/v2\/posts"}],"about":[{"href":"https:\/\/www.amicale-aeap.fr\/word\/wp-json\/wp\/v2\/types\/post"}],"author":[{"embeddable":true,"href":"https:\/\/www.amicale-aeap.fr\/word\/wp-json\/wp\/v2\/users\/174"}],"replies":[{"embeddable":true,"href":"https:\/\/www.amicale-aeap.fr\/word\/wp-json\/wp\/v2\/comments?post=9913"}],"version-history":[{"count":2,"href":"https:\/\/www.amicale-aeap.fr\/word\/wp-json\/wp\/v2\/posts\/9913\/revisions"}],"predecessor-version":[{"id":9916,"href":"https:\/\/www.amicale-aeap.fr\/word\/wp-json\/wp\/v2\/posts\/9913\/revisions\/9916"}],"wp:featuredmedia":[{"embeddable":true,"href":"https:\/\/www.amicale-aeap.fr\/word\/wp-json\/wp\/v2\/media\/8975"}],"wp:attachment":[{"href":"https:\/\/www.amicale-aeap.fr\/word\/wp-json\/wp\/v2\/media?parent=9913"}],"wp:term":[{"taxonomy":"category","embeddable":true,"href":"https:\/\/www.amicale-aeap.fr\/word\/wp-json\/wp\/v2\/categories?post=9913"},{"taxonomy":"post_tag","embeddable":true,"href":"https:\/\/www.amicale-aeap.fr\/word\/wp-json\/wp\/v2\/tags?post=9913"}],"curies":[{"name":"wp","href":"https:\/\/api.w.org\/{rel}","templated":true}]}}