{"id":9799,"date":"2024-08-06T12:30:00","date_gmt":"2024-08-06T11:30:00","guid":{"rendered":"https:\/\/www.amicale-aeap.fr\/word\/?p=9799"},"modified":"2024-08-06T08:25:47","modified_gmt":"2024-08-06T07:25:47","slug":"save-the-date-jeudi-29-aout-12h00-decouvrez-a-lagence-les-paniers-legumes-du-jardin-de-cocagne","status":"publish","type":"post","link":"https:\/\/www.amicale-aeap.fr\/word\/2024\/08\/06\/save-the-date-jeudi-29-aout-12h00-decouvrez-a-lagence-les-paniers-legumes-du-jardin-de-cocagne\/","title":{"rendered":"Save the date &#8211; Jeudi 29 ao\u00fbt 12h00 &#8211; D\u00e9couvrez \u00e0 l&rsquo;agence les \u00ab\u00a0Paniers L\u00e9gumes\u00a0\u00bb du Jardin de Cocagne"},"content":{"rendered":"\n<p>Le <strong>jeudi 29 ao\u00fbt, \u00e0 midi, dans le hall de l&rsquo;agence de l&rsquo;eau<\/strong>, l&rsquo;Amicale vous propose de d\u00e9couvrir <strong>les paniers hebdomadaire de l\u00e9gumes de saisons<\/strong> que propose <a href=\"https:\/\/jdcraquet.notion.site\/jdcraquet\/LE-JARDIN-DE-COCAGNE-DU-RAQUET-5ab905733c014e5881b947f4063f37a9\" data-type=\"link\" data-id=\"https:\/\/jdcraquet.notion.site\/jdcraquet\/LE-JARDIN-DE-COCAGNE-DU-RAQUET-5ab905733c014e5881b947f4063f37a9\">Les Jardins de Cocagne du Raquet<\/a><\/p>\n\n\n\n<figure class=\"wp-block-image alignfull size-large\"><img loading=\"lazy\" decoding=\"async\" width=\"1024\" height=\"577\" src=\"https:\/\/www.amicale-aeap.fr\/word\/wp-content\/uploads\/2024\/08\/bannire_avec_logos-1024x577.webp\" alt=\"Bannire_avec_logos\" class=\"wp-image-9802\" srcset=\"https:\/\/www.amicale-aeap.fr\/word\/wp-content\/uploads\/2024\/08\/bannire_avec_logos-1024x577.webp 1024w, https:\/\/www.amicale-aeap.fr\/word\/wp-content\/uploads\/2024\/08\/bannire_avec_logos-300x169.webp 300w, https:\/\/www.amicale-aeap.fr\/word\/wp-content\/uploads\/2024\/08\/bannire_avec_logos-768x433.webp 768w, https:\/\/www.amicale-aeap.fr\/word\/wp-content\/uploads\/2024\/08\/bannire_avec_logos-1536x866.webp 1536w, https:\/\/www.amicale-aeap.fr\/word\/wp-content\/uploads\/2024\/08\/bannire_avec_logos-800x451.webp 800w, https:\/\/www.amicale-aeap.fr\/word\/wp-content\/uploads\/2024\/08\/bannire_avec_logos-1320x744.webp 1320w, https:\/\/www.amicale-aeap.fr\/word\/wp-content\/uploads\/2024\/08\/bannire_avec_logos.webp 2000w\" sizes=\"auto, (max-width: 1024px) 100vw, 1024px\" \/><\/figure>\n\n\n\n<p>En effet l&rsquo;Amicale s&rsquo;organise pour que l<strong>&lsquo;agence soit un point de retrait <\/strong>de ces paniers et quoi de mieux qu&rsquo;un atelier d\u00e9gustation gourmand des formules propos\u00e9es pour faire connaissance ?<\/p>\n\n\n\n<p class=\"has-text-align-center\">Apprenez-en plus sur les Jardins de Cocagne en consultant leur plaquette<\/p>\n\n\n\n<p class=\"has-text-align-center\"><strong> &#8211;> <a href=\"https:\/\/www.amicale-aeap.fr\/word\/wp-content\/uploads\/2024\/08\/Flyer-Jardin-de-Cocagne-du-Raquet.pdf\" data-type=\"link\" data-id=\"https:\/\/www.amicale-aeap.fr\/word\/wp-content\/uploads\/2024\/08\/Flyer-Jardin-de-Cocagne-du-Raquet.pdf\">ici<\/a> &lt;&#8211;<\/strong><\/p>\n\n\n\n<p>Il se pourrait \u00e9galement que nous pr\u00e9voyions quelques surprises pour cet \u00e9v\u00e8nement \ud83d\ude09<\/p>\n\n\n\n<p class=\"has-text-align-center\"><strong>N&rsquo;h\u00e9sitez pas \u00e0 passer nous voir, le 29 ao\u00fbt \u00e0 midi, pas besoin de s&rsquo;inscrire. L&rsquo;\u00e9v\u00e8nement est gratuit et ouvert \u00e0 toutes et tous<\/strong><\/p>\n\n\n\n<figure class=\"wp-block-image size-large\"><img loading=\"lazy\" decoding=\"async\" width=\"1024\" height=\"341\" src=\"https:\/\/www.amicale-aeap.fr\/word\/wp-content\/uploads\/2024\/08\/logo_jardin-1024x341.webp\" alt=\"Logo_jardin\" class=\"wp-image-9803\" srcset=\"https:\/\/www.amicale-aeap.fr\/word\/wp-content\/uploads\/2024\/08\/logo_jardin-1024x341.webp 1024w, https:\/\/www.amicale-aeap.fr\/word\/wp-content\/uploads\/2024\/08\/logo_jardin-300x100.webp 300w, https:\/\/www.amicale-aeap.fr\/word\/wp-content\/uploads\/2024\/08\/logo_jardin-768x256.webp 768w, https:\/\/www.amicale-aeap.fr\/word\/wp-content\/uploads\/2024\/08\/logo_jardin-800x267.webp 800w, https:\/\/www.amicale-aeap.fr\/word\/wp-content\/uploads\/2024\/08\/logo_jardin.webp 1200w\" sizes=\"auto, (max-width: 1024px) 100vw, 1024px\" \/><\/figure>\n","protected":false},"excerpt":{"rendered":"<p>Le jeudi 29 ao\u00fbt, \u00e0 midi, dans le hall de l&rsquo;agence de l&rsquo;eau, l&rsquo;Amicale vous propose de d\u00e9couvrir les paniers hebdomadaire de l\u00e9gumes de saisons que propose Les Jardins de Cocagne du Raquet En effet l&rsquo;Amicale s&rsquo;organise pour que l&lsquo;agence soit un point de retrait de ces paniers et quoi [&hellip;]<\/p>\n","protected":false},"author":167,"featured_media":9801,"comment_status":"closed","ping_status":"closed","sticky":false,"template":"","format":"standard","meta":{"footnotes":""},"categories":[1],"tags":[],"class_list":["post-9799","post","type-post","status-publish","format-standard","has-post-thumbnail","hentry","category-actus"],"_links":{"self":[{"href":"https:\/\/www.amicale-aeap.fr\/word\/wp-json\/wp\/v2\/posts\/9799","targetHints":{"allow":["GET"]}}],"collection":[{"href":"https:\/\/www.amicale-aeap.fr\/word\/wp-json\/wp\/v2\/posts"}],"about":[{"href":"https:\/\/www.amicale-aeap.fr\/word\/wp-json\/wp\/v2\/types\/post"}],"author":[{"embeddable":true,"href":"https:\/\/www.amicale-aeap.fr\/word\/wp-json\/wp\/v2\/users\/167"}],"replies":[{"embeddable":true,"href":"https:\/\/www.amicale-aeap.fr\/word\/wp-json\/wp\/v2\/comments?post=9799"}],"version-history":[{"count":2,"href":"https:\/\/www.amicale-aeap.fr\/word\/wp-json\/wp\/v2\/posts\/9799\/revisions"}],"predecessor-version":[{"id":9805,"href":"https:\/\/www.amicale-aeap.fr\/word\/wp-json\/wp\/v2\/posts\/9799\/revisions\/9805"}],"wp:featuredmedia":[{"embeddable":true,"href":"https:\/\/www.amicale-aeap.fr\/word\/wp-json\/wp\/v2\/media\/9801"}],"wp:attachment":[{"href":"https:\/\/www.amicale-aeap.fr\/word\/wp-json\/wp\/v2\/media?parent=9799"}],"wp:term":[{"taxonomy":"category","embeddable":true,"href":"https:\/\/www.amicale-aeap.fr\/word\/wp-json\/wp\/v2\/categories?post=9799"},{"taxonomy":"post_tag","embeddable":true,"href":"https:\/\/www.amicale-aeap.fr\/word\/wp-json\/wp\/v2\/tags?post=9799"}],"curies":[{"name":"wp","href":"https:\/\/api.w.org\/{rel}","templated":true}]}}