{"id":9787,"date":"2024-07-25T16:47:00","date_gmt":"2024-07-25T15:47:00","guid":{"rendered":"https:\/\/www.amicale-aeap.fr\/word\/?p=9787"},"modified":"2024-07-25T13:48:43","modified_gmt":"2024-07-25T12:48:43","slug":"foire-expo-gayant-tous-au-carnaval","status":"publish","type":"post","link":"https:\/\/www.amicale-aeap.fr\/word\/2024\/07\/25\/foire-expo-gayant-tous-au-carnaval\/","title":{"rendered":"Foire Expo : Gayant : Tous au carnaval"},"content":{"rendered":"\n<p>Cette ann\u00e9e, la foire exposition de Douai f\u00eate ses <strong><mark style=\"background-color:rgba(0, 0, 0, 0)\" class=\"has-inline-color has-header-gradient-color\">80 ans<\/mark><\/strong> !<\/p>\n\n\n\n<p>L&rsquo;occasion pour elle de sortir ses habits aux milles et une couleurs et de nous faire voyager \u00e0 travers les carnavals du monde entier.<\/p>\n\n\n\n<figure class=\"wp-block-gallery has-nested-images columns-default is-cropped wp-block-gallery-1 is-layout-flex wp-block-gallery-is-layout-flex\">\n<figure class=\"wp-block-image size-large\"><img loading=\"lazy\" decoding=\"async\" width=\"873\" height=\"635\" data-id=\"9790\" src=\"https:\/\/www.amicale-aeap.fr\/word\/wp-content\/uploads\/2024\/07\/pelemele-carna.webp\" alt=\"\" class=\"wp-image-9790\" srcset=\"https:\/\/www.amicale-aeap.fr\/word\/wp-content\/uploads\/2024\/07\/pelemele-carna.webp 873w, https:\/\/www.amicale-aeap.fr\/word\/wp-content\/uploads\/2024\/07\/pelemele-carna-300x218.webp 300w, https:\/\/www.amicale-aeap.fr\/word\/wp-content\/uploads\/2024\/07\/pelemele-carna-768x559.webp 768w, https:\/\/www.amicale-aeap.fr\/word\/wp-content\/uploads\/2024\/07\/pelemele-carna-800x582.webp 800w\" sizes=\"auto, (max-width: 873px) 100vw, 873px\" \/><\/figure>\n<\/figure>\n\n\n\n<p>S&rsquo;il n&rsquo;existait pas, il faudrait l&rsquo;inventer : <a href=\"https:\/\/www.amicale-aeap.fr\/word\/wp-content\/uploads\/2024\/07\/image.webp\">LE CARR\u00c9 BRASSERIE<\/a><\/p>\n\n\n\n<p>Plusieurs restaurants seront pr\u00e9sents pour r\u00e9galer vos papilles avec des saveurs vari\u00e9es du Nord au Canada, avec Arthur et la Cabane \u00e0 Mario, en passant par le Br\u00e9sil ou l&rsquo;Orient, avec Fazenda do Brasil ou le Baloua, et bien plus encore..<\/p>\n\n\n\n<p>Chaque jour sur sc\u00e8ne retrouver spectacles et artistes dans une ambiance survolt\u00e9e !<\/p>\n\n\n<div class=\"wp-block-image\">\n<figure class=\"aligncenter size-full is-resized\"><img loading=\"lazy\" decoding=\"async\" width=\"983\" height=\"1024\" src=\"https:\/\/www.amicale-aeap.fr\/word\/wp-content\/uploads\/2024\/07\/programme-cb-2024-983x1024-1.webp\" alt=\"\" class=\"wp-image-9792\" style=\"width:387px;height:auto\" srcset=\"https:\/\/www.amicale-aeap.fr\/word\/wp-content\/uploads\/2024\/07\/programme-cb-2024-983x1024-1.webp 983w, https:\/\/www.amicale-aeap.fr\/word\/wp-content\/uploads\/2024\/07\/programme-cb-2024-983x1024-1-288x300.webp 288w, https:\/\/www.amicale-aeap.fr\/word\/wp-content\/uploads\/2024\/07\/programme-cb-2024-983x1024-1-768x800.webp 768w, https:\/\/www.amicale-aeap.fr\/word\/wp-content\/uploads\/2024\/07\/programme-cb-2024-983x1024-1-576x600.webp 576w\" sizes=\"auto, (max-width: 983px) 100vw, 983px\" \/><\/figure>\n<\/div>\n\n\n<p><\/p>\n\n\n\n<p>L\u2019Amicale vous offre la possibilit\u00e9 de commander vos billets d\u2019entr\u00e9e aupr\u00e8s de Catherine S. (bureau 520) pour la\u00a0<strong>Foire de Gayant<\/strong>\u00a0au tarif unitaire de\u00a0<strong>2 \u20ac.<\/strong><\/p>\n\n\n\n<p><strong>Merci de faire l\u2019appoint.<\/strong><\/p>\n\n\n\n<p>Le bulletin de commande est t\u00e9l\u00e9chargeable\u00a0<a href=\"https:\/\/www.amicale-aeap.fr\/word\/wp-content\/uploads\/2024\/07\/202409_BC_Gayant-Expo.docx\">ici<\/a>.<\/p>\n\n\n\n<h3 class=\"wp-block-heading\"><mark style=\"background-color:rgba(0, 0, 0, 0);color:#cb3030\" class=\"has-inline-color\">Date limite de commande le 30 ao\u00fbt 2024 \u00e0 12h00<\/mark><\/h3>\n","protected":false},"excerpt":{"rendered":"<p>Cette ann\u00e9e, la foire exposition de Douai f\u00eate ses 80 ans ! L&rsquo;occasion pour elle de sortir ses habits aux milles et une couleurs et de nous faire voyager \u00e0 travers les carnavals du monde entier. S&rsquo;il n&rsquo;existait pas, il faudrait l&rsquo;inventer : LE CARR\u00c9 BRASSERIE Plusieurs restaurants seront pr\u00e9sents [&hellip;]<\/p>\n","protected":false},"author":162,"featured_media":9789,"comment_status":"closed","ping_status":"closed","sticky":false,"template":"","format":"standard","meta":{"footnotes":""},"categories":[51],"tags":[],"class_list":["post-9787","post","type-post","status-publish","format-standard","has-post-thumbnail","hentry","category-billetterie"],"_links":{"self":[{"href":"https:\/\/www.amicale-aeap.fr\/word\/wp-json\/wp\/v2\/posts\/9787","targetHints":{"allow":["GET"]}}],"collection":[{"href":"https:\/\/www.amicale-aeap.fr\/word\/wp-json\/wp\/v2\/posts"}],"about":[{"href":"https:\/\/www.amicale-aeap.fr\/word\/wp-json\/wp\/v2\/types\/post"}],"author":[{"embeddable":true,"href":"https:\/\/www.amicale-aeap.fr\/word\/wp-json\/wp\/v2\/users\/162"}],"replies":[{"embeddable":true,"href":"https:\/\/www.amicale-aeap.fr\/word\/wp-json\/wp\/v2\/comments?post=9787"}],"version-history":[{"count":5,"href":"https:\/\/www.amicale-aeap.fr\/word\/wp-json\/wp\/v2\/posts\/9787\/revisions"}],"predecessor-version":[{"id":9798,"href":"https:\/\/www.amicale-aeap.fr\/word\/wp-json\/wp\/v2\/posts\/9787\/revisions\/9798"}],"wp:featuredmedia":[{"embeddable":true,"href":"https:\/\/www.amicale-aeap.fr\/word\/wp-json\/wp\/v2\/media\/9789"}],"wp:attachment":[{"href":"https:\/\/www.amicale-aeap.fr\/word\/wp-json\/wp\/v2\/media?parent=9787"}],"wp:term":[{"taxonomy":"category","embeddable":true,"href":"https:\/\/www.amicale-aeap.fr\/word\/wp-json\/wp\/v2\/categories?post=9787"},{"taxonomy":"post_tag","embeddable":true,"href":"https:\/\/www.amicale-aeap.fr\/word\/wp-json\/wp\/v2\/tags?post=9787"}],"curies":[{"name":"wp","href":"https:\/\/api.w.org\/{rel}","templated":true}]}}