{"id":9658,"date":"2024-02-03T10:56:21","date_gmt":"2024-02-03T09:56:21","guid":{"rendered":"https:\/\/www.amicale-aeap.fr\/word\/?p=9658"},"modified":"2024-03-18T12:22:22","modified_gmt":"2024-03-18T11:22:22","slug":"ria-2024-port-bail-sur-mer-du-28-au-30-juin-les-inscriptions-sont-ouvertes-3","status":"publish","type":"post","link":"https:\/\/www.amicale-aeap.fr\/word\/2024\/02\/03\/ria-2024-port-bail-sur-mer-du-28-au-30-juin-les-inscriptions-sont-ouvertes-3\/","title":{"rendered":"RIA 2024 &#8211; Port Bail sur Mer du 28 au 30 juin &#8211; Les inscriptions sont ouvertes !"},"content":{"rendered":"\n<p>C\u2019est parti pour les RIA 2024 !&nbsp; Nous devons aussi monter une \u00e9quipe, r\u00e9aliser des d\u00e9fis\u2026et rentrer sans le r\u00e2teau &#x1f609;<br>Ces rencontres se d\u00e9rouleront du <strong>28 au 30 juin 2024 <\/strong>\u00e0<strong> Port Bail sur Mer<\/strong> (VVF Cotentin Iles Anglo Normandes).<\/p>\n\n\n\n<p>Au menu cette ann\u00e9e, les <strong>Jeux Pas Eaulympiques<\/strong>. Le th\u00e8me qui nous a \u00e9t\u00e9 affect\u00e9 est <strong>l&rsquo;Hiver<\/strong>.<\/p>\n\n\n\n<figure class=\"wp-block-image size-full\"><img loading=\"lazy\" decoding=\"async\" width=\"960\" height=\"541\" src=\"https:\/\/www.amicale-aeap.fr\/word\/wp-content\/uploads\/2024\/02\/407385495_10231025399835780_772920803717530683_n.jpg\" alt=\"\" class=\"wp-image-9646\" srcset=\"https:\/\/www.amicale-aeap.fr\/word\/wp-content\/uploads\/2024\/02\/407385495_10231025399835780_772920803717530683_n.jpg 960w, https:\/\/www.amicale-aeap.fr\/word\/wp-content\/uploads\/2024\/02\/407385495_10231025399835780_772920803717530683_n-300x169.jpg 300w, https:\/\/www.amicale-aeap.fr\/word\/wp-content\/uploads\/2024\/02\/407385495_10231025399835780_772920803717530683_n-768x433.jpg 768w, https:\/\/www.amicale-aeap.fr\/word\/wp-content\/uploads\/2024\/02\/407385495_10231025399835780_772920803717530683_n-800x451.jpg 800w\" sizes=\"auto, (max-width: 960px) 100vw, 960px\" \/><\/figure>\n\n\n\n<p>Nous vous proposons de participer aux RIA pour la modique somme de 90\u20ac.<\/p>\n\n\n\n<p>Il s\u2019agit de trois jours avec transport, h\u00e9bergement (logement en bungalows), repas, activit\u00e9s sportives, soir\u00e9es festives, et notre couleur \u00e0 d\u00e9fendre : le Blanc ! Attention, les places sont limit\u00e9s \u00e0 30, n&rsquo;h\u00e9sitez pas \u00e0 amener vos ayants droit !<\/p>\n\n\n\n<figure class=\"wp-block-gallery has-nested-images columns-default is-cropped wp-block-gallery-1 is-layout-flex wp-block-gallery-is-layout-flex\">\n<figure class=\"wp-block-image size-large\"><img loading=\"lazy\" decoding=\"async\" width=\"680\" height=\"510\" data-id=\"9651\" src=\"https:\/\/www.amicale-aeap.fr\/word\/wp-content\/uploads\/2024\/02\/2020-06-27.jpg\" alt=\"\" class=\"wp-image-9651\" srcset=\"https:\/\/www.amicale-aeap.fr\/word\/wp-content\/uploads\/2024\/02\/2020-06-27.jpg 680w, https:\/\/www.amicale-aeap.fr\/word\/wp-content\/uploads\/2024\/02\/2020-06-27-300x225.jpg 300w\" sizes=\"auto, (max-width: 680px) 100vw, 680px\" \/><\/figure>\n\n\n\n<figure class=\"wp-block-image size-large\"><img loading=\"lazy\" decoding=\"async\" width=\"680\" height=\"510\" data-id=\"9648\" src=\"https:\/\/www.amicale-aeap.fr\/word\/wp-content\/uploads\/2024\/02\/2019-07-14.jpg\" alt=\"\" class=\"wp-image-9648\" srcset=\"https:\/\/www.amicale-aeap.fr\/word\/wp-content\/uploads\/2024\/02\/2019-07-14.jpg 680w, https:\/\/www.amicale-aeap.fr\/word\/wp-content\/uploads\/2024\/02\/2019-07-14-300x225.jpg 300w\" sizes=\"auto, (max-width: 680px) 100vw, 680px\" \/><\/figure>\n\n\n\n<figure class=\"wp-block-image size-large\"><img loading=\"lazy\" decoding=\"async\" width=\"680\" height=\"453\" data-id=\"9650\" src=\"https:\/\/www.amicale-aeap.fr\/word\/wp-content\/uploads\/2024\/02\/DSC08933.jpg\" alt=\"\" class=\"wp-image-9650\" srcset=\"https:\/\/www.amicale-aeap.fr\/word\/wp-content\/uploads\/2024\/02\/DSC08933.jpg 680w, https:\/\/www.amicale-aeap.fr\/word\/wp-content\/uploads\/2024\/02\/DSC08933-300x200.jpg 300w, https:\/\/www.amicale-aeap.fr\/word\/wp-content\/uploads\/2024\/02\/DSC08933-360x240.jpg 360w\" sizes=\"auto, (max-width: 680px) 100vw, 680px\" \/><\/figure>\n<\/figure>\n\n\n\n<p>Inscrivez-vous aupr\u00e8s d\u2019Estelle et Karine<strong> avant le 20 mars<\/strong>. : Cliquer <a href=\"https:\/\/www.amicale-aeap.fr\/word\/wp-content\/uploads\/2024\/03\/Inscription_RIA_2024.docx\" data-type=\"link\" data-id=\"https:\/\/www.amicale-aeap.fr\/word\/wp-content\/uploads\/2024\/03\/Inscription_RIA_2024.docx\"><strong>ici<\/strong><\/a> pour t\u00e9l\u00e9charger le bulletin d&rsquo;inscription.<\/p>\n\n\n\n<p>En sus, nous aurons des costumes \u00e0 pr\u00e9parer, des moments sympas \u00e0 passer ensemble, peut-\u00eatre un peu de bricolage et beaucoup de rigolade. Tout cela pour finir par passer un week-end fantastique, plein d\u2019activit\u00e9s dans un site class\u00e9 magnifique. Nous comptons sur vous &#x1f60a;<\/p>\n\n\n\n<p>Le programme annonc\u00e9 est le suivant :<\/p>\n\n\n\n<ul class=\"wp-block-list\">\n<li>Le vendredi soir\u202f: pr\u00e9sentation\/r\u00e8gles du sport pas olympique (vers 18h00) qui nous a \u00e9t\u00e9 affect\u00e9 : Il faut pr\u00e9voir une tenue adapt\u00e9e&nbsp;<\/li>\n\n\n\n<li>Le samedi\u202f: C\u00e9r\u00e9monie de cl\u00f4ture (feu\/flamme\/paillettes)&nbsp;<\/li>\n<\/ul>\n\n\n\n<p>Attention, l\u2019\u00e9co responsabilit\u00e9 des \u00e9quipes sera prise en compte.<\/p>\n\n\n<div class=\"wp-block-image\">\n<figure class=\"aligncenter size-full\"><img loading=\"lazy\" decoding=\"async\" width=\"680\" height=\"489\" src=\"https:\/\/www.amicale-aeap.fr\/word\/wp-content\/uploads\/2024\/02\/vue-aerienne.jpeg\" alt=\"\" class=\"wp-image-9649\" srcset=\"https:\/\/www.amicale-aeap.fr\/word\/wp-content\/uploads\/2024\/02\/vue-aerienne.jpeg 680w, https:\/\/www.amicale-aeap.fr\/word\/wp-content\/uploads\/2024\/02\/vue-aerienne-300x216.jpeg 300w\" sizes=\"auto, (max-width: 680px) 100vw, 680px\" \/><\/figure>\n<\/div>\n\n\n<div class=\"wp-block-file\"><a id=\"wp-block-file--media-5899b558-fae0-41c5-8629-29280fbc3ffa\" href=\"https:\/\/www.amicale-aeap.fr\/word\/wp-content\/uploads\/2024\/03\/Inscription_RIA_2024.docx\">T\u00e9l\u00e9charger le bulletin d&rsquo;inscription<\/a><a href=\"https:\/\/www.amicale-aeap.fr\/word\/wp-content\/uploads\/2024\/03\/Inscription_RIA_2024.docx\" class=\"wp-block-file__button wp-element-button\" download aria-describedby=\"wp-block-file--media-5899b558-fae0-41c5-8629-29280fbc3ffa\">T\u00e9l\u00e9charger<\/a><\/div>\n","protected":false},"excerpt":{"rendered":"<p>C\u2019est parti pour les RIA 2024 !&nbsp; Nous devons aussi monter une \u00e9quipe, r\u00e9aliser des d\u00e9fis\u2026et rentrer sans le r\u00e2teau &#x1f609;Ces rencontres se d\u00e9rouleront du 28 au 30 juin 2024 \u00e0 Port Bail sur Mer (VVF Cotentin Iles Anglo Normandes). Au menu cette ann\u00e9e, les Jeux Pas Eaulympiques. Le th\u00e8me [&hellip;]<\/p>\n","protected":false},"author":167,"featured_media":9647,"comment_status":"closed","ping_status":"closed","sticky":false,"template":"","format":"standard","meta":{"footnotes":""},"categories":[1,34],"tags":[],"class_list":["post-9658","post","type-post","status-publish","format-standard","has-post-thumbnail","hentry","category-actus","category-rencontres-inter-agences"],"_links":{"self":[{"href":"https:\/\/www.amicale-aeap.fr\/word\/wp-json\/wp\/v2\/posts\/9658","targetHints":{"allow":["GET"]}}],"collection":[{"href":"https:\/\/www.amicale-aeap.fr\/word\/wp-json\/wp\/v2\/posts"}],"about":[{"href":"https:\/\/www.amicale-aeap.fr\/word\/wp-json\/wp\/v2\/types\/post"}],"author":[{"embeddable":true,"href":"https:\/\/www.amicale-aeap.fr\/word\/wp-json\/wp\/v2\/users\/167"}],"replies":[{"embeddable":true,"href":"https:\/\/www.amicale-aeap.fr\/word\/wp-json\/wp\/v2\/comments?post=9658"}],"version-history":[{"count":3,"href":"https:\/\/www.amicale-aeap.fr\/word\/wp-json\/wp\/v2\/posts\/9658\/revisions"}],"predecessor-version":[{"id":9723,"href":"https:\/\/www.amicale-aeap.fr\/word\/wp-json\/wp\/v2\/posts\/9658\/revisions\/9723"}],"wp:featuredmedia":[{"embeddable":true,"href":"https:\/\/www.amicale-aeap.fr\/word\/wp-json\/wp\/v2\/media\/9647"}],"wp:attachment":[{"href":"https:\/\/www.amicale-aeap.fr\/word\/wp-json\/wp\/v2\/media?parent=9658"}],"wp:term":[{"taxonomy":"category","embeddable":true,"href":"https:\/\/www.amicale-aeap.fr\/word\/wp-json\/wp\/v2\/categories?post=9658"},{"taxonomy":"post_tag","embeddable":true,"href":"https:\/\/www.amicale-aeap.fr\/word\/wp-json\/wp\/v2\/tags?post=9658"}],"curies":[{"name":"wp","href":"https:\/\/api.w.org\/{rel}","templated":true}]}}