{"id":844,"date":"2011-06-22T15:24:18","date_gmt":"2011-06-22T14:24:18","guid":{"rendered":"http:\/\/www.amicale-aeap.fr\/word\/?p=844"},"modified":"2011-06-22T15:24:19","modified_gmt":"2011-06-22T14:24:19","slug":"ohlain-une-journee-sous-le-signe-de-la-convivialite","status":"publish","type":"post","link":"https:\/\/www.amicale-aeap.fr\/word\/2011\/06\/22\/ohlain-une-journee-sous-le-signe-de-la-convivialite\/","title":{"rendered":"Ohlain : une journ\u00e9e sous le signe de la convivialit\u00e9"},"content":{"rendered":"<p><a rel=\"attachment wp-att-855\" href=\"http:\/\/www.amicale-aeap.fr\/word\/2011\/ohlain-une-journee-sous-le-signe-de-la-convivialite\/img_5982\/\"><\/a><a rel=\"attachment wp-att-852\" href=\"http:\/\/www.amicale-aeap.fr\/word\/2011\/ohlain-une-journee-sous-le-signe-de-la-convivialite\/img_4674\/\"><\/a><a rel=\"attachment wp-att-847\" href=\"http:\/\/www.amicale-aeap.fr\/word\/2011\/ohlain-une-journee-sous-le-signe-de-la-convivialite\/img_5918\/\"><\/a><\/p>\n<p><a rel=\"attachment wp-att-971\" href=\"http:\/\/www.amicale-aeap.fr\/word\/2011\/ohlain-une-journee-sous-le-signe-de-la-convivialite\/img_5977-2\/\"><\/a><a rel=\"attachment wp-att-974\" href=\"http:\/\/www.amicale-aeap.fr\/word\/2011\/ohlain-une-journee-sous-le-signe-de-la-convivialite\/img_5975\/\"><\/a><a rel=\"attachment wp-att-987\" href=\"http:\/\/www.amicale-aeap.fr\/word\/2011\/ohlain-une-journee-sous-le-signe-de-la-convivialite\/img_4707\/\"><\/a>\u00a0 <a rel=\"attachment wp-att-989\" href=\"http:\/\/www.amicale-aeap.fr\/word\/2011\/ohlain-une-journee-sous-le-signe-de-la-convivialite\/dscn0103\/\"><\/a><a rel=\"attachment wp-att-922\" href=\"http:\/\/www.amicale-aeap.fr\/word\/2011\/ohlain-une-journee-sous-le-signe-de-la-convivialite\/img_5918-2\/\"><img loading=\"lazy\" decoding=\"async\" class=\"alignnone size-large wp-image-922\" title=\"IMG_5918\" src=\"http:\/\/www.amicale-aeap.fr\/word\/wp-content\/uploads\/2011\/06\/IMG_59181-1024x682.jpg\" alt=\"\" width=\"540\" height=\"354\" \/><\/a><\/p>\n<p>Quand dimanche nous nous sommes lev\u00e9s t\u00f4t pour aller randonner sur le terril d&rsquo;Ohlain et partager un barbecue, on s&rsquo;est effectivement dit que nous \u00e9tions un peu fous. La m\u00e9t\u00e9o n&rsquo;\u00e9tait pas vraiment avec nous&#8230;<\/p>\n<p><a rel=\"attachment wp-att-848\" href=\"http:\/\/www.amicale-aeap.fr\/word\/2011\/ohlain-une-journee-sous-le-signe-de-la-convivialite\/img_5920\/\"><img loading=\"lazy\" decoding=\"async\" class=\"aligncenter size-medium wp-image-848\" title=\"IMG_5920\" src=\"http:\/\/www.amicale-aeap.fr\/word\/wp-content\/uploads\/2011\/06\/IMG_5920-300x200.jpg\" alt=\"\" width=\"300\" height=\"200\" srcset=\"https:\/\/www.amicale-aeap.fr\/word\/wp-content\/uploads\/2011\/06\/IMG_5920-300x200.jpg 300w, https:\/\/www.amicale-aeap.fr\/word\/wp-content\/uploads\/2011\/06\/IMG_5920-1024x682.jpg 1024w\" sizes=\"auto, (max-width: 300px) 100vw, 300px\" \/><\/a><\/p>\n<p>Mais qu&rsquo;\u00e0 cela ne tienne. Munis de nos plus beaux v\u00eatements de pluie et de nos gros croquenots, nous \u00e9tions une dizaine \u00e0 nous lancer dans l&rsquo;aventure. Oui, je dis bien dans l&rsquo;aventure car nous avons \u00e9t\u00e9 servis : surf sur c\u00f4teaux forestiers, roul\u00e9s boul\u00e9s, bains de boue pour faire la peau douce&#8230; Les chemins d&rsquo;Ohlain sont pleins de surprises.<\/p>\n<p>\u00a0 <a rel=\"attachment wp-att-849\" href=\"http:\/\/www.amicale-aeap.fr\/word\/2011\/ohlain-une-journee-sous-le-signe-de-la-convivialite\/img_5906\/\"><img loading=\"lazy\" decoding=\"async\" class=\"alignnone size-medium wp-image-849\" title=\"IMG_5906\" src=\"http:\/\/www.amicale-aeap.fr\/word\/wp-content\/uploads\/2011\/06\/IMG_5906-300x200.jpg\" alt=\"\" width=\"300\" height=\"200\" srcset=\"https:\/\/www.amicale-aeap.fr\/word\/wp-content\/uploads\/2011\/06\/IMG_5906-300x200.jpg 300w, https:\/\/www.amicale-aeap.fr\/word\/wp-content\/uploads\/2011\/06\/IMG_5906-1024x682.jpg 1024w\" sizes=\"auto, (max-width: 300px) 100vw, 300px\" \/><\/a>\u00a0\u00a0\u00a0\u00a0\u00a0\u00a0\u00a0 \u00a0<a rel=\"attachment wp-att-850\" href=\"http:\/\/www.amicale-aeap.fr\/word\/2011\/ohlain-une-journee-sous-le-signe-de-la-convivialite\/img_5932\/\"><img loading=\"lazy\" decoding=\"async\" class=\"alignnone size-medium wp-image-850\" title=\"IMG_5932\" src=\"http:\/\/www.amicale-aeap.fr\/word\/wp-content\/uploads\/2011\/06\/IMG_5932-200x300.jpg\" alt=\"\" width=\"200\" height=\"300\" srcset=\"https:\/\/www.amicale-aeap.fr\/word\/wp-content\/uploads\/2011\/06\/IMG_5932-200x300.jpg 200w, https:\/\/www.amicale-aeap.fr\/word\/wp-content\/uploads\/2011\/06\/IMG_5932-682x1024.jpg 682w, https:\/\/www.amicale-aeap.fr\/word\/wp-content\/uploads\/2011\/06\/IMG_5932.jpg 1667w\" sizes=\"auto, (max-width: 200px) 100vw, 200px\" \/><\/a><\/p>\n<p>Ceci dit nous n&rsquo;avons pas regrett\u00e9 de nous \u00eatre lev\u00e9s car l&rsquo;ambiance \u00e9tait au beau fixe et le paysage magnifique.<\/p>\n<p><a rel=\"attachment wp-att-904\" href=\"http:\/\/www.amicale-aeap.fr\/word\/2011\/ohlain-une-journee-sous-le-signe-de-la-convivialite\/img_4674-4\/\"><img loading=\"lazy\" decoding=\"async\" class=\"alignnone size-large wp-image-904\" title=\"IMG_4674\" src=\"http:\/\/www.amicale-aeap.fr\/word\/wp-content\/uploads\/2011\/06\/IMG_46743-1024x391.jpg\" alt=\"\" width=\"572\" height=\"166\" \/><\/a><\/p>\n<p><a rel=\"attachment wp-att-899\" href=\"http:\/\/www.amicale-aeap.fr\/word\/2011\/ohlain-une-journee-sous-le-signe-de-la-convivialite\/img_4674-3\/\"><\/a><\/p>\n<p><a rel=\"attachment wp-att-851\" href=\"http:\/\/www.amicale-aeap.fr\/word\/2011\/ohlain-une-journee-sous-le-signe-de-la-convivialite\/img_4671\/\"><\/a><\/p>\n<p><a rel=\"attachment wp-att-861\" href=\"http:\/\/www.amicale-aeap.fr\/word\/2011\/ohlain-une-journee-sous-le-signe-de-la-convivialite\/img_4674-2\/\"><\/a><\/p>\n<p>A notre retour, de nombreux amicalistes \u00e9taient d\u00e9j\u00e0 l\u00e0. Les enfants qui \u00e9taient ravis de jouer tous ensemble couraient dans tous les coins profitant du fait que la pluie avait cess\u00e9. Car pour finir la m\u00e9t\u00e9o nous a souri toute l&rsquo;apr\u00e8s midi !<\/p>\n<p><a rel=\"attachment wp-att-853\" href=\"http:\/\/www.amicale-aeap.fr\/word\/2011\/ohlain-une-journee-sous-le-signe-de-la-convivialite\/img_4682\/\"><\/a><\/p>\n<p><a rel=\"attachment wp-att-870\" href=\"http:\/\/www.amicale-aeap.fr\/word\/2011\/ohlain-une-journee-sous-le-signe-de-la-convivialite\/img_5982-2\/\"><\/a><\/p>\n<p><a rel=\"attachment wp-att-893\" href=\"http:\/\/www.amicale-aeap.fr\/word\/2011\/ohlain-une-journee-sous-le-signe-de-la-convivialite\/img_4682-2\/\"><img loading=\"lazy\" decoding=\"async\" class=\"alignnone size-medium wp-image-893\" title=\"IMG_4682\" src=\"http:\/\/www.amicale-aeap.fr\/word\/wp-content\/uploads\/2011\/06\/IMG_46821-300x200.jpg\" alt=\"\" width=\"300\" height=\"200\" srcset=\"https:\/\/www.amicale-aeap.fr\/word\/wp-content\/uploads\/2011\/06\/IMG_46821-300x200.jpg 300w, https:\/\/www.amicale-aeap.fr\/word\/wp-content\/uploads\/2011\/06\/IMG_46821-1024x682.jpg 1024w\" sizes=\"auto, (max-width: 300px) 100vw, 300px\" \/><\/a>\u00a0 <a rel=\"attachment wp-att-894\" href=\"http:\/\/www.amicale-aeap.fr\/word\/2011\/ohlain-une-journee-sous-le-signe-de-la-convivialite\/img_5982-3\/\"><img loading=\"lazy\" decoding=\"async\" class=\"alignnone size-medium wp-image-894\" title=\"IMG_5982\" src=\"http:\/\/www.amicale-aeap.fr\/word\/wp-content\/uploads\/2011\/06\/IMG_59822-199x300.jpg\" alt=\"\" width=\"199\" height=\"300\" srcset=\"https:\/\/www.amicale-aeap.fr\/word\/wp-content\/uploads\/2011\/06\/IMG_59822-199x300.jpg 199w, https:\/\/www.amicale-aeap.fr\/word\/wp-content\/uploads\/2011\/06\/IMG_59822-681x1024.jpg 681w, https:\/\/www.amicale-aeap.fr\/word\/wp-content\/uploads\/2011\/06\/IMG_59822.jpg 1665w\" sizes=\"auto, (max-width: 199px) 100vw, 199px\" \/><\/a><\/p>\n<p>Pendant que les adultes attaquaient la sangria, les ados jouaient au rugby. Quant aux plus jeunes, ils s&rsquo;en donnaient \u00e0 coeur joie dans la boue :\u00a0construction de barrage sur flaque d&rsquo;eau, touillage de gadoue, travers\u00e9e des eaux&#8230; Je commen\u00e7ais presque \u00e0 regretter d&rsquo;avoir pr\u00e9vu des activit\u00e9s \u00e9labor\u00e9es pour nos bambins l&rsquo;apr\u00e8s midi !<\/p>\n<p><a rel=\"attachment wp-att-917\" href=\"http:\/\/www.amicale-aeap.fr\/word\/2011\/ohlain-une-journee-sous-le-signe-de-la-convivialite\/dscn0089-2\/\"><img loading=\"lazy\" decoding=\"async\" class=\"alignnone size-full wp-image-917\" title=\"DSCN0089\" src=\"http:\/\/www.amicale-aeap.fr\/word\/wp-content\/uploads\/2011\/06\/DSCN00891.jpg\" alt=\"\" width=\"568\" height=\"413\" \/><\/a><\/p>\n<p>\u00a0\u00a0\u00a0\u00a0\u00a0\u00a0\u00a0\u00a0\u00a0\u00a0\u00a0\u00a0\u00a0\u00a0\u00a0\u00a0\u00a0\u00a0\u00a0\u00a0\u00a0\u00a0\u00a0\u00a0\u00a0\u00a0\u00a0\u00a0\u00a0\u00a0\u00a0\u00a0\u00a0\u00a0\u00a0\u00a0\u00a0\u00a0\u00a0\u00a0\u00a0\u00a0\u00a0\u00a0\u00a0\u00a0 <a rel=\"attachment wp-att-927\" href=\"http:\/\/www.amicale-aeap.fr\/word\/2011\/ohlain-une-journee-sous-le-signe-de-la-convivialite\/img_50752\/\"><img loading=\"lazy\" decoding=\"async\" class=\"alignnone size-thumbnail wp-image-927\" title=\"IMG_5075[2]\" src=\"http:\/\/www.amicale-aeap.fr\/word\/wp-content\/uploads\/2011\/06\/IMG_50752-150x150.jpg\" alt=\"\" width=\"150\" height=\"150\" \/><\/a>\u00a0 <a rel=\"attachment wp-att-928\" href=\"http:\/\/www.amicale-aeap.fr\/word\/2011\/ohlain-une-journee-sous-le-signe-de-la-convivialite\/101_0047\/\"><img loading=\"lazy\" decoding=\"async\" class=\"alignnone size-thumbnail wp-image-928\" title=\"101_0047\" src=\"http:\/\/www.amicale-aeap.fr\/word\/wp-content\/uploads\/2011\/06\/101_0047-150x150.jpg\" alt=\"\" width=\"150\" height=\"150\" \/><\/a><\/p>\n<p><a rel=\"attachment wp-att-856\" href=\"http:\/\/www.amicale-aeap.fr\/word\/2011\/ohlain-une-journee-sous-le-signe-de-la-convivialite\/dscn0089\/\"><\/a><\/p>\n<p>A 13h00, il \u00e9tait temps de passer \u00e0 table et l\u00e0 personne ne s&rsquo;est fait prier.<\/p>\n<p><a rel=\"attachment wp-att-935\" href=\"http:\/\/www.amicale-aeap.fr\/word\/2011\/ohlain-une-journee-sous-le-signe-de-la-convivialite\/dscn0082\/\"><img loading=\"lazy\" decoding=\"async\" class=\"alignnone size-full wp-image-935\" title=\"DSCN0082\" src=\"http:\/\/www.amicale-aeap.fr\/word\/wp-content\/uploads\/2011\/06\/DSCN0082.jpg\" alt=\"\" width=\"530\" height=\"385\" \/><\/a><\/p>\n<p>Les plus jeunes \u00e9taient ravis de pouvoir manger avec les doigts : du coup apr\u00e8s s&rsquo;\u00eatre mis de la boue jusqu&rsquo;en haut du pantalon, ils ont attaqu\u00e9 la chemise\u00a0\u00e0 coup de ketchup\u00a0et\u00a0de graisse de chipolata.<\/p>\n<p>\u00a0\u00a0\u00a0 <a rel=\"attachment wp-att-940\" href=\"http:\/\/www.amicale-aeap.fr\/word\/2011\/ohlain-une-journee-sous-le-signe-de-la-convivialite\/img_4696\/\"><img loading=\"lazy\" decoding=\"async\" class=\"alignnone size-thumbnail wp-image-940\" title=\"IMG_4696\" src=\"http:\/\/www.amicale-aeap.fr\/word\/wp-content\/uploads\/2011\/06\/IMG_4696-150x150.jpg\" alt=\"\" width=\"150\" height=\"150\" \/><\/a>\u00a0\u00a0<a rel=\"attachment wp-att-943\" href=\"http:\/\/www.amicale-aeap.fr\/word\/2011\/ohlain-une-journee-sous-le-signe-de-la-convivialite\/img_4693\/\"><img loading=\"lazy\" decoding=\"async\" class=\"alignnone size-thumbnail wp-image-943\" title=\"IMG_4693\" src=\"http:\/\/www.amicale-aeap.fr\/word\/wp-content\/uploads\/2011\/06\/IMG_4693-150x150.jpg\" alt=\"\" width=\"150\" height=\"150\" \/><\/a>\u00a0\u00a0<a rel=\"attachment wp-att-941\" href=\"http:\/\/www.amicale-aeap.fr\/word\/2011\/ohlain-une-journee-sous-le-signe-de-la-convivialite\/img_4698\/\"><img loading=\"lazy\" decoding=\"async\" class=\"alignnone size-thumbnail wp-image-941\" title=\"IMG_4698\" src=\"http:\/\/www.amicale-aeap.fr\/word\/wp-content\/uploads\/2011\/06\/IMG_4698-150x150.jpg\" alt=\"\" width=\"150\" height=\"150\" \/><\/a><\/p>\n<p>Pendant le repas, tout le monde a \u00e9t\u00e9 invit\u00e9 \u00e0 donner son appr\u00e9ciation sur les peintures expos\u00e9es (r\u00e9sultats du concours de peinture tr\u00e8s prochainement&#8230; Il faut bien m\u00e9nager le suspens). De 3 \u00e0 67 ans, tout le monde a vot\u00e9 tr\u00e8s consciencieusement. Je dis tout le monde car, pour finir, nous \u00e9tions tout de m\u00eame 60 !<\/p>\n<p><a rel=\"attachment wp-att-948\" href=\"http:\/\/www.amicale-aeap.fr\/word\/2011\/ohlain-une-journee-sous-le-signe-de-la-convivialite\/img_5059-121\/\"><img loading=\"lazy\" decoding=\"async\" class=\"alignnone size-full wp-image-948\" title=\"IMG_5059 (12)[1]\" src=\"http:\/\/www.amicale-aeap.fr\/word\/wp-content\/uploads\/2011\/06\/IMG_5059-121.jpg\" alt=\"\" width=\"592\" height=\"377\" \/><\/a><\/p>\n<p>Une fois repu, chacun\u00a0est all\u00e9\u00a0dig\u00e9rer \u00e0 sa fa\u00e7on : les moins de 11 ans de leur c\u00f4t\u00e9 ont attaqu\u00e9 leurs activit\u00e9s dans de joyeux cris d&rsquo;excitation, suivis par les mamans des petits bouts de moins de 3 ans qui n&rsquo;\u00e9taient pas du tout d\u00e9cid\u00e9s \u00e0 quitter leurs a\u00een\u00e9s !<\/p>\n<p><a rel=\"attachment wp-att-990\" href=\"http:\/\/www.amicale-aeap.fr\/word\/2011\/ohlain-une-journee-sous-le-signe-de-la-convivialite\/dscn0103-2\/\"><img loading=\"lazy\" decoding=\"async\" class=\"alignnone size-medium wp-image-990\" title=\"DSCN0103\" src=\"http:\/\/www.amicale-aeap.fr\/word\/wp-content\/uploads\/2011\/06\/DSCN01031-300x225.jpg\" alt=\"\" width=\"256\" height=\"190\" \/><\/a>\u00a0 <a rel=\"attachment wp-att-991\" href=\"http:\/\/www.amicale-aeap.fr\/word\/2011\/ohlain-une-journee-sous-le-signe-de-la-convivialite\/dscn0153-2\/\"><img loading=\"lazy\" decoding=\"async\" class=\"alignnone size-medium wp-image-991\" title=\"DSCN0153\" src=\"http:\/\/www.amicale-aeap.fr\/word\/wp-content\/uploads\/2011\/06\/DSCN01531-300x225.jpg\" alt=\"\" width=\"259\" height=\"192\" \/><\/a>\u00a0 <a rel=\"attachment wp-att-992\" href=\"http:\/\/www.amicale-aeap.fr\/word\/2011\/ohlain-une-journee-sous-le-signe-de-la-convivialite\/dscn0121\/\"><img loading=\"lazy\" decoding=\"async\" class=\"alignnone size-medium wp-image-992\" title=\"DSCN0121\" src=\"http:\/\/www.amicale-aeap.fr\/word\/wp-content\/uploads\/2011\/06\/DSCN0121-300x225.jpg\" alt=\"\" width=\"300\" height=\"225\" srcset=\"https:\/\/www.amicale-aeap.fr\/word\/wp-content\/uploads\/2011\/06\/DSCN0121-300x225.jpg 300w, https:\/\/www.amicale-aeap.fr\/word\/wp-content\/uploads\/2011\/06\/DSCN0121.jpg 1024w\" sizes=\"auto, (max-width: 300px) 100vw, 300px\" \/><\/a>\u00a0\u00a0\u00a0\u00a0\u00a0\u00a0\u00a0\u00a0\u00a0\u00a0\u00a0\u00a0\u00a0\u00a0\u00a0\u00a0\u00a0\u00a0\u00a0\u00a0\u00a0\u00a0\u00a0 \u00a0\u00a0 \u00a0\u00a0\u00a0\u00a0\u00a0\u00a0\u00a0\u00a0\u00a0\u00a0\u00a0\u00a0\u00a0\u00a0\u00a0\u00a0\u00a0\u00a0\u00a0\u00a0\u00a0\u00a0\u00a0\u00a0\u00a0\u00a0\u00a0\u00a0 \u00a0<a rel=\"attachment wp-att-993\" href=\"http:\/\/www.amicale-aeap.fr\/word\/2011\/ohlain-une-journee-sous-le-signe-de-la-convivialite\/dscn0110\/\"><img loading=\"lazy\" decoding=\"async\" class=\"alignnone size-medium wp-image-993\" title=\"DSCN0110\" src=\"http:\/\/www.amicale-aeap.fr\/word\/wp-content\/uploads\/2011\/06\/DSCN0110-300x225.jpg\" alt=\"\" width=\"255\" height=\"196\" \/><\/a>\u00a0 <a rel=\"attachment wp-att-994\" href=\"http:\/\/www.amicale-aeap.fr\/word\/2011\/ohlain-une-journee-sous-le-signe-de-la-convivialite\/dscn0111\/\"><img loading=\"lazy\" decoding=\"async\" class=\"alignnone size-medium wp-image-994\" title=\"DSCN0111\" src=\"http:\/\/www.amicale-aeap.fr\/word\/wp-content\/uploads\/2011\/06\/DSCN0111-300x225.jpg\" alt=\"\" width=\"250\" height=\"195\" \/><\/a><\/p>\n<p>Les 3 \u00e9quipes d&rsquo;Handi&rsquo;chien, du Chat l&rsquo;heureux et de l&rsquo;interassociations (la goutte d&rsquo;eau-AFM-Secours populaire) se sont courageusement lanc\u00e9es dans une course effr\u00e9n\u00e9e dans le parc d&rsquo;Ohlain :\u00a0course d&rsquo;orientation, tir \u00e0 l&rsquo;arc, VTT, la chenille (ou comment se casser la binette puisque l&rsquo;on est 4 sur une seule paire de skis&#8230;)<\/p>\n<p>\u00a0\u00a0\u00a0\u00a0\u00a0\u00a0 <a rel=\"attachment wp-att-967\" href=\"http:\/\/www.amicale-aeap.fr\/word\/2011\/ohlain-une-journee-sous-le-signe-de-la-convivialite\/img_5954\/\"><img loading=\"lazy\" decoding=\"async\" class=\"alignnone size-medium wp-image-967\" title=\"IMG_5954\" src=\"http:\/\/www.amicale-aeap.fr\/word\/wp-content\/uploads\/2011\/06\/IMG_5954-300x200.jpg\" alt=\"\" width=\"270\" height=\"166\" \/><\/a>\u00a0 <a rel=\"attachment wp-att-968\" href=\"http:\/\/www.amicale-aeap.fr\/word\/2011\/ohlain-une-journee-sous-le-signe-de-la-convivialite\/img_5961\/\"><img loading=\"lazy\" decoding=\"async\" class=\"alignnone size-medium wp-image-968\" title=\"IMG_5961\" src=\"http:\/\/www.amicale-aeap.fr\/word\/wp-content\/uploads\/2011\/06\/IMG_5961-300x200.jpg\" alt=\"\" width=\"259\" height=\"166\" \/><\/a><\/p>\n<p>\u00a0\u00a0\u00a0\u00a0\u00a0\u00a0 \u00a0\u00a0\u00a0\u00a0\u00a0\u00a0\u00a0\u00a0\u00a0\u00a0 <a rel=\"attachment wp-att-969\" href=\"http:\/\/www.amicale-aeap.fr\/word\/2011\/ohlain-une-journee-sous-le-signe-de-la-convivialite\/img_5976\/\"><img loading=\"lazy\" decoding=\"async\" class=\"alignnone size-thumbnail wp-image-969\" title=\"IMG_5976\" src=\"http:\/\/www.amicale-aeap.fr\/word\/wp-content\/uploads\/2011\/06\/IMG_5976-150x150.jpg\" alt=\"\" width=\"150\" height=\"150\" \/><\/a>\u00a0 <a rel=\"attachment wp-att-970\" href=\"http:\/\/www.amicale-aeap.fr\/word\/2011\/ohlain-une-journee-sous-le-signe-de-la-convivialite\/img_5977\/\"><img loading=\"lazy\" decoding=\"async\" class=\"alignnone size-thumbnail wp-image-970\" title=\"IMG_5977\" src=\"http:\/\/www.amicale-aeap.fr\/word\/wp-content\/uploads\/2011\/06\/IMG_5977-150x150.jpg\" alt=\"\" width=\"150\" height=\"150\" \/><\/a>\u00a0 <a rel=\"attachment wp-att-975\" href=\"http:\/\/www.amicale-aeap.fr\/word\/2011\/ohlain-une-journee-sous-le-signe-de-la-convivialite\/img_5975-2\/\"><img loading=\"lazy\" decoding=\"async\" class=\"alignnone size-thumbnail wp-image-975\" title=\"IMG_5975\" src=\"http:\/\/www.amicale-aeap.fr\/word\/wp-content\/uploads\/2011\/06\/IMG_59751-150x150.jpg\" alt=\"\" width=\"150\" height=\"150\" \/><\/a><\/p>\n<p><span style=\"color: #3366ff;\"><em>\u00a0\u00a0\u00a0\u00a0\u00a0\u00a0\u00a0\u00a0\u00a0\u00a0\u00a0\u00a0\u00a0\u00a0\u00a0\u00a0\u00a0\u00a0\u00a0\u00a0\u00a0\u00a0\u00a0\u00a0\u00a0\u00a0\u00a0\u00a0\u00a0\u00a0\u00a0\u00a0\u00a0\u00a0\u00a0\u00a0\u00a0\u00a0\u00a0\u00a0\u00a0\u00a0\u00a0\u00a0\u00a0\u00a0\u00a0\u00a0\u00a0\u00a0\u00a0\u00a0\u00a0\u00a0\u00a0\u00a0\u00a0\u00a0\u00a0\u00a0\u00a0\u00a0\u00a0\u00a0 \u00a0Elles sont pas belles ces \u00e9quipes !<\/em><\/span><\/p>\n<p>Quant aux \u00e9quipes de p\u00e9tanque, elles ont commenc\u00e9 \u00e0 prendre leurs marques pour s&rsquo;affronter dans une comp\u00e9tition bon enfant.<\/p>\n<p>\u00a0 <a rel=\"attachment wp-att-982\" href=\"http:\/\/www.amicale-aeap.fr\/word\/2011\/ohlain-une-journee-sous-le-signe-de-la-convivialite\/img_4718\/\"><img loading=\"lazy\" decoding=\"async\" class=\"alignnone size-medium wp-image-982\" title=\"IMG_4718\" src=\"http:\/\/www.amicale-aeap.fr\/word\/wp-content\/uploads\/2011\/06\/IMG_4718-200x300.jpg\" alt=\"\" width=\"200\" height=\"300\" srcset=\"https:\/\/www.amicale-aeap.fr\/word\/wp-content\/uploads\/2011\/06\/IMG_4718-200x300.jpg 200w, https:\/\/www.amicale-aeap.fr\/word\/wp-content\/uploads\/2011\/06\/IMG_4718-682x1024.jpg 682w, https:\/\/www.amicale-aeap.fr\/word\/wp-content\/uploads\/2011\/06\/IMG_4718.jpg 1074w\" sizes=\"auto, (max-width: 200px) 100vw, 200px\" \/><\/a>\u00a0 <a rel=\"attachment wp-att-979\" href=\"http:\/\/www.amicale-aeap.fr\/word\/2011\/ohlain-une-journee-sous-le-signe-de-la-convivialite\/dscn0164\/\"><img loading=\"lazy\" decoding=\"async\" class=\"alignnone size-medium wp-image-979\" title=\"DSCN0164\" src=\"http:\/\/www.amicale-aeap.fr\/word\/wp-content\/uploads\/2011\/06\/DSCN0164-300x225.jpg\" alt=\"\" width=\"300\" height=\"225\" srcset=\"https:\/\/www.amicale-aeap.fr\/word\/wp-content\/uploads\/2011\/06\/DSCN0164-300x225.jpg 300w, https:\/\/www.amicale-aeap.fr\/word\/wp-content\/uploads\/2011\/06\/DSCN0164.jpg 1024w\" sizes=\"auto, (max-width: 300px) 100vw, 300px\" \/><\/a><\/p>\n<p><a rel=\"attachment wp-att-983\" href=\"http:\/\/www.amicale-aeap.fr\/word\/2011\/ohlain-une-journee-sous-le-signe-de-la-convivialite\/img_4704-2\/\"><img loading=\"lazy\" decoding=\"async\" class=\"alignnone size-thumbnail wp-image-983\" title=\"IMG_4704\" src=\"http:\/\/www.amicale-aeap.fr\/word\/wp-content\/uploads\/2011\/06\/IMG_47041-150x150.jpg\" alt=\"\" width=\"150\" height=\"150\" \/><\/a>\u00a0 <a rel=\"attachment wp-att-984\" href=\"http:\/\/www.amicale-aeap.fr\/word\/2011\/ohlain-une-journee-sous-le-signe-de-la-convivialite\/img_4706-2\/\"><img loading=\"lazy\" decoding=\"async\" class=\"alignnone size-thumbnail wp-image-984\" title=\"IMG_4706\" src=\"http:\/\/www.amicale-aeap.fr\/word\/wp-content\/uploads\/2011\/06\/IMG_47061-150x150.jpg\" alt=\"\" width=\"150\" height=\"150\" \/><\/a>\u00a0 <a rel=\"attachment wp-att-985\" href=\"http:\/\/www.amicale-aeap.fr\/word\/2011\/ohlain-une-journee-sous-le-signe-de-la-convivialite\/img_4719\/\"><img loading=\"lazy\" decoding=\"async\" class=\"alignnone size-thumbnail wp-image-985\" title=\"IMG_4719\" src=\"http:\/\/www.amicale-aeap.fr\/word\/wp-content\/uploads\/2011\/06\/IMG_4719-150x150.jpg\" alt=\"\" width=\"150\" height=\"150\" \/><\/a><\/p>\n<p>Bon enfant mais tout de m\u00eame&#8230;\u00a0Elles \u00e9taient l\u00e0 pour rapporter des points \u00e0 leurs associations respectives.<\/p>\n<p><a rel=\"attachment wp-att-988\" href=\"http:\/\/www.amicale-aeap.fr\/word\/2011\/ohlain-une-journee-sous-le-signe-de-la-convivialite\/img_4707-2\/\"><img loading=\"lazy\" decoding=\"async\" class=\"alignnone size-large wp-image-988\" title=\"IMG_4707\" src=\"http:\/\/www.amicale-aeap.fr\/word\/wp-content\/uploads\/2011\/06\/IMG_47071-1024x682.jpg\" alt=\"\" width=\"567\" height=\"397\" \/><\/a><\/p>\n<p>A la fin de la journ\u00e9e, tout le monde \u00e9tait tr\u00e8s content de se retrouver autour d&rsquo;un go\u00fbter fait maison, de sodas et de quelques bi\u00e8res (il fallait bien finir le contenu de la pompe \u00e0 bi\u00e8re, \u00e7a ne se fait pas de g\u00e2cher !). On \u00e9tait tellement bien qu&rsquo;on avait du mal \u00e0 se quitter.<\/p>\n<p>Je crois pouvoir dire de la part de tous que c&rsquo;\u00e9tait un excellent dimanche \u00e0 la campagne !<\/p>\n","protected":false},"excerpt":{"rendered":"<p>\u00a0 Quand dimanche nous nous sommes lev\u00e9s t\u00f4t pour aller randonner sur le terril d&rsquo;Ohlain et partager un barbecue, on s&rsquo;est effectivement dit que nous \u00e9tions un peu fous. La m\u00e9t\u00e9o n&rsquo;\u00e9tait pas vraiment avec nous&#8230; Mais qu&rsquo;\u00e0 cela ne tienne. Munis de nos plus beaux v\u00eatements de pluie et [&hellip;]<\/p>\n","protected":false},"author":156,"featured_media":0,"comment_status":"open","ping_status":"closed","sticky":false,"template":"","format":"standard","meta":{"footnotes":""},"categories":[8,7],"tags":[],"class_list":["post-844","post","type-post","status-publish","format-standard","hentry","category-perso","category-40ans"],"_links":{"self":[{"href":"https:\/\/www.amicale-aeap.fr\/word\/wp-json\/wp\/v2\/posts\/844","targetHints":{"allow":["GET"]}}],"collection":[{"href":"https:\/\/www.amicale-aeap.fr\/word\/wp-json\/wp\/v2\/posts"}],"about":[{"href":"https:\/\/www.amicale-aeap.fr\/word\/wp-json\/wp\/v2\/types\/post"}],"author":[{"embeddable":true,"href":"https:\/\/www.amicale-aeap.fr\/word\/wp-json\/wp\/v2\/users\/156"}],"replies":[{"embeddable":true,"href":"https:\/\/www.amicale-aeap.fr\/word\/wp-json\/wp\/v2\/comments?post=844"}],"version-history":[{"count":128,"href":"https:\/\/www.amicale-aeap.fr\/word\/wp-json\/wp\/v2\/posts\/844\/revisions"}],"predecessor-version":[{"id":1034,"href":"https:\/\/www.amicale-aeap.fr\/word\/wp-json\/wp\/v2\/posts\/844\/revisions\/1034"}],"wp:attachment":[{"href":"https:\/\/www.amicale-aeap.fr\/word\/wp-json\/wp\/v2\/media?parent=844"}],"wp:term":[{"taxonomy":"category","embeddable":true,"href":"https:\/\/www.amicale-aeap.fr\/word\/wp-json\/wp\/v2\/categories?post=844"},{"taxonomy":"post_tag","embeddable":true,"href":"https:\/\/www.amicale-aeap.fr\/word\/wp-json\/wp\/v2\/tags?post=844"}],"curies":[{"name":"wp","href":"https:\/\/api.w.org\/{rel}","templated":true}]}}