{"id":8308,"date":"2020-09-29T14:42:41","date_gmt":"2020-09-29T13:42:41","guid":{"rendered":"https:\/\/www.amicale-aeap.fr\/word\/?p=8308"},"modified":"2020-09-29T14:52:37","modified_gmt":"2020-09-29T13:52:37","slug":"rendez-vous-pour-du-ski-en-fevrier-2021-a-arc-2000-savoie","status":"publish","type":"post","link":"https:\/\/www.amicale-aeap.fr\/word\/2020\/09\/29\/rendez-vous-pour-du-ski-en-fevrier-2021-a-arc-2000-savoie\/","title":{"rendered":"Rendez-vous, pour du ski, en f\u00e9vrier 2021 \u00e0 Arc 2000 (Savoie)"},"content":{"rendered":"\n<p>Parlez vous norv\u00e9gien ? Oui, si vous connaissez le ski. Pourquoi ? Parce qu\u2019en norv\u00e9gien, ski se dit ski. <a href=\"https:\/\/www.youtube.com\/watch?v=1eecB0_QI6U\">\u00c9tonnant, non<\/a> ?<\/p>\n\n\n\n<p>Par ailleurs, si il est possible de skier (du verbe skier) sur de la pelouse ou en milieu urbain, le faire sur de la neige (non artificielle de pr\u00e9f\u00e9rence) peut relever d&rsquo;une v\u00e9ritable gageure. Mais bon, nuls doutes que les Inuits trouveraient un nouveau mot pour d\u00e9signer ce cas de figure. En effet, ces derniers ont autant de mots pour caract\u00e9riser la neige que les habitants des Hauts-de-France en ont pour caract\u00e9riser la pluie. <a href=\"https:\/\/toiledefond.net\/wp-content\/uploads\/2017\/10\/Etonnant-non-.jpg\">\u00c9tonnant non ?<\/a><\/p>\n\n\n\n<div class=\"wp-block-image\"><figure class=\"aligncenter\"><img loading=\"lazy\" decoding=\"async\" width=\"1000\" height=\"306\" src=\"http:\/\/www.amicale-aeap.fr\/word\/wp-content\/uploads\/2018\/06\/59a92e51c07c4328184507.jpg\" alt=\"\" class=\"wp-image-7113\" srcset=\"https:\/\/www.amicale-aeap.fr\/word\/wp-content\/uploads\/2018\/06\/59a92e51c07c4328184507.jpg 1000w, https:\/\/www.amicale-aeap.fr\/word\/wp-content\/uploads\/2018\/06\/59a92e51c07c4328184507-300x92.jpg 300w, https:\/\/www.amicale-aeap.fr\/word\/wp-content\/uploads\/2018\/06\/59a92e51c07c4328184507-768x235.jpg 768w\" sizes=\"auto, (max-width: 1000px) 100vw, 1000px\" \/><\/figure><\/div>\n\n\n\n<p>Tout cela pour vous dire que l&rsquo;Amicale du Personnel de l&rsquo;Agence de l&rsquo;Eau Artois-Picardie propose une semaine au ski, du <strong>27 f\u00e9vrier au 6 mars 2021<\/strong>. Vous pourrez ainsi suivre avec passion les \u00e9lections l\u00e9gislatives en Tha\u00eflande, confortablement install\u00e9 dans l&rsquo;<a href=\"https:\/\/goo.gl\/maps\/zD4MarEsBDVxo3iUA\"><strong>H\u00f4tel club MMV Les M\u00e9l\u00e8zes<\/strong><\/a>.<\/p>\n\n\n\n<div class=\"wp-block-image\"><figure class=\"aligncenter size-large\"><img loading=\"lazy\" decoding=\"async\" width=\"750\" height=\"500\" src=\"https:\/\/www.amicale-aeap.fr\/word\/wp-content\/uploads\/2020\/09\/hotel-arc2000-les-melezes_generique-01_thumb_750x500.jpg\" alt=\"\" class=\"wp-image-8313\" srcset=\"https:\/\/www.amicale-aeap.fr\/word\/wp-content\/uploads\/2020\/09\/hotel-arc2000-les-melezes_generique-01_thumb_750x500.jpg 750w, https:\/\/www.amicale-aeap.fr\/word\/wp-content\/uploads\/2020\/09\/hotel-arc2000-les-melezes_generique-01_thumb_750x500-300x200.jpg 300w, https:\/\/www.amicale-aeap.fr\/word\/wp-content\/uploads\/2020\/09\/hotel-arc2000-les-melezes_generique-01_thumb_750x500-360x240.jpg 360w\" sizes=\"auto, (max-width: 750px) 100vw, 750px\" \/><\/figure><\/div>\n\n\n\n<p class=\"has-text-align-center\"><strong>Toutes les informations, les tarifs ainsi que le bulletin d&rsquo;inscriptions sont disponible via le lien ci-dessous :<\/strong><\/p>\n\n\n\n<div class=\"wp-block-file aligncenter\"><a href=\"https:\/\/www.amicale-aeap.fr\/word\/wp-content\/uploads\/2020\/09\/Sejour-neige-2021.ppt\" class=\"wp-block-file__button\" download><strong>T\u00e9l\u00e9charger<\/strong><\/a><\/div>\n\n\n\n<p class=\"has-text-align-center\"><strong>Possibilit\u00e9 de double participation financi\u00e8re de l&rsquo;amicale sur ce voyage, remplissez doctement le bulletin d&rsquo;inscription !<\/strong><\/p>\n\n\n\n<p>Si vous souhaitez en savoir plus sur le lieu qui aura le privil\u00e8ge de recevoir vos augustes personnes,<a href=\"https:\/\/www.mmv.fr\/hotel-club-ski-arc-2000-les-melezes#pills-tabContent\"> cliquez l\u00e0<\/a>.<\/p>\n\n\n\n<p><strong>Infos et inscriptions aupr\u00e8s de Claudine Parnetzki<\/strong>, <\/p>\n\n\n\n<h3 class=\"has-text-align-center wp-block-heading\"><span style=\"color: #ff0000;\"><strong>Date limite d&rsquo;inscription : le 9 octobre 2020<\/strong><\/span><\/h3>\n\n\n\n<div class=\"wp-block-image\"><figure class=\"aligncenter\"><img loading=\"lazy\" decoding=\"async\" width=\"1000\" height=\"279\" src=\"http:\/\/www.amicale-aeap.fr\/word\/wp-content\/uploads\/2018\/06\/resort_la_plagne_8.jpg\" alt=\"\" class=\"wp-image-7115\" srcset=\"https:\/\/www.amicale-aeap.fr\/word\/wp-content\/uploads\/2018\/06\/resort_la_plagne_8.jpg 1000w, https:\/\/www.amicale-aeap.fr\/word\/wp-content\/uploads\/2018\/06\/resort_la_plagne_8-300x84.jpg 300w, https:\/\/www.amicale-aeap.fr\/word\/wp-content\/uploads\/2018\/06\/resort_la_plagne_8-768x214.jpg 768w\" sizes=\"auto, (max-width: 1000px) 100vw, 1000px\" \/><\/figure><\/div>\n\n\n\n<p><\/p>\n","protected":false},"excerpt":{"rendered":"<p>Parlez vous norv\u00e9gien ? Oui, si vous connaissez le ski. Pourquoi ? Parce qu\u2019en norv\u00e9gien, ski se dit ski. \u00c9tonnant, non ? Par ailleurs, si il est possible de skier (du verbe skier) sur de la pelouse ou en milieu urbain, le faire sur de la neige (non artificielle de [&hellip;]<\/p>\n","protected":false},"author":167,"featured_media":8314,"comment_status":"closed","ping_status":"closed","sticky":false,"template":"","format":"standard","meta":{"footnotes":""},"categories":[1,4],"tags":[],"class_list":["post-8308","post","type-post","status-publish","format-standard","has-post-thumbnail","hentry","category-actus","category-sorties"],"_links":{"self":[{"href":"https:\/\/www.amicale-aeap.fr\/word\/wp-json\/wp\/v2\/posts\/8308","targetHints":{"allow":["GET"]}}],"collection":[{"href":"https:\/\/www.amicale-aeap.fr\/word\/wp-json\/wp\/v2\/posts"}],"about":[{"href":"https:\/\/www.amicale-aeap.fr\/word\/wp-json\/wp\/v2\/types\/post"}],"author":[{"embeddable":true,"href":"https:\/\/www.amicale-aeap.fr\/word\/wp-json\/wp\/v2\/users\/167"}],"replies":[{"embeddable":true,"href":"https:\/\/www.amicale-aeap.fr\/word\/wp-json\/wp\/v2\/comments?post=8308"}],"version-history":[{"count":7,"href":"https:\/\/www.amicale-aeap.fr\/word\/wp-json\/wp\/v2\/posts\/8308\/revisions"}],"predecessor-version":[{"id":8319,"href":"https:\/\/www.amicale-aeap.fr\/word\/wp-json\/wp\/v2\/posts\/8308\/revisions\/8319"}],"wp:featuredmedia":[{"embeddable":true,"href":"https:\/\/www.amicale-aeap.fr\/word\/wp-json\/wp\/v2\/media\/8314"}],"wp:attachment":[{"href":"https:\/\/www.amicale-aeap.fr\/word\/wp-json\/wp\/v2\/media?parent=8308"}],"wp:term":[{"taxonomy":"category","embeddable":true,"href":"https:\/\/www.amicale-aeap.fr\/word\/wp-json\/wp\/v2\/categories?post=8308"},{"taxonomy":"post_tag","embeddable":true,"href":"https:\/\/www.amicale-aeap.fr\/word\/wp-json\/wp\/v2\/tags?post=8308"}],"curies":[{"name":"wp","href":"https:\/\/api.w.org\/{rel}","templated":true}]}}