{"id":8206,"date":"2020-04-02T14:50:50","date_gmt":"2020-04-02T13:50:50","guid":{"rendered":"https:\/\/www.amicale-aeap.fr\/word\/?p=8206"},"modified":"2022-02-11T16:43:26","modified_gmt":"2022-02-11T15:43:26","slug":"inscriptions-ria-2020","status":"publish","type":"post","link":"https:\/\/www.amicale-aeap.fr\/word\/2020\/04\/02\/inscriptions-ria-2020\/","title":{"rendered":"Les inscriptions aux RIA 2020 sont ouvertes ! &#8211; RIA Report\u00e9es en 2021"},"content":{"rendered":"\n<p class=\"has-text-align-center has-background-color-background-color has-text-color has-background\" style=\"color:#ff0004\"><strong>LES RIA 2020 SONT REPORTEES \u00c0 2021 &#8211; LE LIEU NE CHANGE PAS ET LA DATE SERA TOUJOURS SEPTEMBRE &#8211; LES INSCRIPTIONS RESTENT OUVERTES !!<\/strong><\/p>\n\n\n\n<h4 class=\"wp-block-heading\" id=\"vous-revez-de-rencontrer-des-gens-liberer-votre-creativite-et-votre-esprit-sportif-dans-la-bonne-humeur-et-la-convivialite-et-pas-par-ecran-interpose-les-ria-sont-faites-pour-vous\">Vous r\u00eavez de rencontrer des gens ? Lib\u00e9rer votre cr\u00e9ativit\u00e9 et votre esprit sportif ? Dans la bonne humeur et la convivialit\u00e9 ? Et pas par \u00e9cran interpos\u00e9 ? Les RIA sont faites pour vous !<\/h4>\n\n\n\n<p>Parce qu&rsquo;il y a un apr\u00e8s-confinement, <a href=\"https:\/\/framadate.org\/7RWNeOdQd42W4nyI\">inscrivez-vous d\u00e8s aujourd&rsquo;hui <\/a>aux rencontres inter-agences !<\/p>\n\n\n\n<p>Rappel : le th\u00e8me de ce weekend festif : <strong>les couloirs du temps<\/strong><\/p>\n\n\n\n<ul class=\"wp-block-list\"><li>Dates : du 18 au 20 septembre 2020<\/li><li>Lieu : La Turballe (44) &#8211; en bord de mer !<\/li><li>Co\u00fbt : 90 \u20ac<\/li><\/ul>\n\n\n\n<p><em>Les soir\u00e9es :<\/em><\/p>\n\n\n\n<ul class=\"wp-block-list\"><li>Vendredi soir : soir\u00e9e cosplay \u00ab&nbsp;s\u00e9ries t\u00e9l\u00e9vis\u00e9es&nbsp;\u00bb <ul><li>Pour Artois-Picardie = les ann\u00e9es 1980s<\/li><\/ul><\/li><li>Samedi soir : soir\u00e9e \u00ab&nbsp;Odyss\u00e9e de l\u2019espace&nbsp;\u00bb<ul><li>Pour Artois-Picardie = Antiquit\u00e9<\/li><\/ul><\/li><\/ul>\n\n\n\n<p><em>Fil rouge :<\/em> pr\u00e9parer une machine \u00e0 voyager dans le temps coh\u00e9rente avec la p\u00e9riode historique de l\u2019agence (Artois-Picardie = Antiquit\u00e9)<\/p>\n\n\n\n<p><em>D\u00e9fi facebook&nbsp;:<\/em> 1 cycle par mois (8 cycles), le nouveau cycle commence le 19 du mois<\/p>\n\n\n\n<p><a href=\"https:\/\/framadate.org\/7RWNeOdQd42W4nyI\">Inscriptions sur le sondage framadate <strong>jusqu&rsquo;au<s> 26 avril 2020<\/s><\/strong><\/a> on ne sais plus trop mais plus tard !<\/p>\n\n\n\n<div class=\"wp-block-image\"><figure class=\"alignleft size-large\"><img loading=\"lazy\" decoding=\"async\" width=\"444\" height=\"179\" src=\"https:\/\/www.amicale-aeap.fr\/word\/wp-content\/uploads\/2020\/02\/couleurs_du_temps_2020.jpeg\" alt=\"\" class=\"wp-image-8064\" srcset=\"https:\/\/www.amicale-aeap.fr\/word\/wp-content\/uploads\/2020\/02\/couleurs_du_temps_2020.jpeg 444w, https:\/\/www.amicale-aeap.fr\/word\/wp-content\/uploads\/2020\/02\/couleurs_du_temps_2020-300x121.jpeg 300w\" sizes=\"auto, (max-width: 444px) 100vw, 444px\" \/><\/figure><\/div>\n","protected":false},"excerpt":{"rendered":"<p>LES RIA 2020 SONT REPORTEES \u00c0 2021 &#8211; LE LIEU NE CHANGE PAS ET LA DATE SERA TOUJOURS SEPTEMBRE &#8211; LES INSCRIPTIONS RESTENT OUVERTES !! Vous r\u00eavez de rencontrer des gens ? Lib\u00e9rer votre cr\u00e9ativit\u00e9 et votre esprit sportif ? Dans la bonne humeur et la convivialit\u00e9 ? Et pas [&hellip;]<\/p>\n","protected":false},"author":171,"featured_media":8064,"comment_status":"closed","ping_status":"closed","sticky":false,"template":"","format":"standard","meta":{"footnotes":""},"categories":[1,34],"tags":[],"class_list":["post-8206","post","type-post","status-publish","format-standard","has-post-thumbnail","hentry","category-actus","category-rencontres-inter-agences"],"_links":{"self":[{"href":"https:\/\/www.amicale-aeap.fr\/word\/wp-json\/wp\/v2\/posts\/8206","targetHints":{"allow":["GET"]}}],"collection":[{"href":"https:\/\/www.amicale-aeap.fr\/word\/wp-json\/wp\/v2\/posts"}],"about":[{"href":"https:\/\/www.amicale-aeap.fr\/word\/wp-json\/wp\/v2\/types\/post"}],"author":[{"embeddable":true,"href":"https:\/\/www.amicale-aeap.fr\/word\/wp-json\/wp\/v2\/users\/171"}],"replies":[{"embeddable":true,"href":"https:\/\/www.amicale-aeap.fr\/word\/wp-json\/wp\/v2\/comments?post=8206"}],"version-history":[{"count":10,"href":"https:\/\/www.amicale-aeap.fr\/word\/wp-json\/wp\/v2\/posts\/8206\/revisions"}],"predecessor-version":[{"id":8762,"href":"https:\/\/www.amicale-aeap.fr\/word\/wp-json\/wp\/v2\/posts\/8206\/revisions\/8762"}],"wp:featuredmedia":[{"embeddable":true,"href":"https:\/\/www.amicale-aeap.fr\/word\/wp-json\/wp\/v2\/media\/8064"}],"wp:attachment":[{"href":"https:\/\/www.amicale-aeap.fr\/word\/wp-json\/wp\/v2\/media?parent=8206"}],"wp:term":[{"taxonomy":"category","embeddable":true,"href":"https:\/\/www.amicale-aeap.fr\/word\/wp-json\/wp\/v2\/categories?post=8206"},{"taxonomy":"post_tag","embeddable":true,"href":"https:\/\/www.amicale-aeap.fr\/word\/wp-json\/wp\/v2\/tags?post=8206"}],"curies":[{"name":"wp","href":"https:\/\/api.w.org\/{rel}","templated":true}]}}