{"id":8072,"date":"2020-02-10T12:31:21","date_gmt":"2020-02-10T11:31:21","guid":{"rendered":"https:\/\/www.amicale-aeap.fr\/word\/?p=8072"},"modified":"2020-02-12T17:46:29","modified_gmt":"2020-02-12T16:46:29","slug":"sejour-disneyland-paris-28-29-mars-2020","status":"publish","type":"post","link":"https:\/\/www.amicale-aeap.fr\/word\/2020\/02\/10\/sejour-disneyland-paris-28-29-mars-2020\/","title":{"rendered":"S\u00e9jour Disneyland Paris &#8211; 28 &amp; 29 mars 2020"},"content":{"rendered":"\r\n<div class=\"wp-block-image\">\r\n<figure class=\"aligncenter size-large is-resized\"><img loading=\"lazy\" decoding=\"async\" width=\"570\" height=\"320\" class=\"wp-image-8073\" alt=\"\" src=\"https:\/\/www.amicale-aeap.fr\/word\/wp-content\/uploads\/2020\/02\/hd13295_2021nov14_world_disney-dreams-frozen-elsa-25th_1280x720-small.jpg\" srcset=\"https:\/\/www.amicale-aeap.fr\/word\/wp-content\/uploads\/2020\/02\/hd13295_2021nov14_world_disney-dreams-frozen-elsa-25th_1280x720-small.jpg 422w, https:\/\/www.amicale-aeap.fr\/word\/wp-content\/uploads\/2020\/02\/hd13295_2021nov14_world_disney-dreams-frozen-elsa-25th_1280x720-small-300x168.jpg 300w\" sizes=\"auto, (max-width: 570px) 100vw, 570px\" \/><\/figure>\r\n<blockquote>\r\n<p>Dans un autre mooooonnnnnde !!!!!<\/p>\r\n<\/blockquote>\r\n<\/div>\r\n\r\n\r\n\r\n<p><strong>L&rsquo;Amicale vous invite \u00e0 profiter des 2 parcs Disney les 28 et 29 mars prochains !<\/strong><\/p>\r\n\r\n\r\n\r\n<p><strong>Au programme :<\/strong><\/p>\r\n\r\n\r\n\r\n<ul>\r\n<li>Voyage en train : D\u00e9part Lille Europe : 09h01 &#8211; Arriv\u00e9e Marne la Vall\u00e9e : 10h09\u00a0 <em>(rendez-vous 30 minutes avant le d\u00e9part du train)<\/em><\/li>\r\n<li>D\u00e9p\u00f4t des bagages \u00e0 l&rsquo;h\u00f4tel<\/li>\r\n<li>Journ\u00e9e libre \u00e0 l&rsquo;int\u00e9rieur des parcs (acc\u00e8s illimit\u00e9 aux 2 parcs)<\/li>\r\n<li>Nuit \u00e0 l&rsquo;h\u00f4tel (petit d\u00e9jeuner compris)<\/li>\r\n<li>Journ\u00e9e libre (possibilit\u00e9 de laisser les bagages \u00e0 l&rsquo;h\u00f4tel)<\/li>\r\n<li>Train retour : D\u00e9part Marne la Vall\u00e9e : 18h51 &#8211; Arriv\u00e9e Lille Europe : 19h5<\/li>\r\n<\/ul>\r\n\r\n\r\n\r\n\r\n\r\n\r\n\r\n<p><strong>H\u00e9bergement \u00e0 l&rsquo;\u00a0h\u00f4tel DREAMCASTLE 4*<\/strong><\/p>\r\n<p>Navette pour les parcs Disney toutes les 20 minutes<\/p>\r\n\r\n\r\n\r\n\r\n\r\n<div class=\"wp-block-group\">\r\n<div class=\"wp-block-group__inner-container is-layout-flow wp-block-group-is-layout-flow\">\r\n<figure class=\"wp-block-image size-large is-resized\"><img loading=\"lazy\" decoding=\"async\" width=\"396\" height=\"264\" class=\"wp-image-8077\" alt=\"\" src=\"https:\/\/www.amicale-aeap.fr\/word\/wp-content\/uploads\/2020\/02\/hotel-1.jpg\" srcset=\"https:\/\/www.amicale-aeap.fr\/word\/wp-content\/uploads\/2020\/02\/hotel-1.jpg 1024w, https:\/\/www.amicale-aeap.fr\/word\/wp-content\/uploads\/2020\/02\/hotel-1-300x200.jpg 300w, https:\/\/www.amicale-aeap.fr\/word\/wp-content\/uploads\/2020\/02\/hotel-1-768x512.jpg 768w, https:\/\/www.amicale-aeap.fr\/word\/wp-content\/uploads\/2020\/02\/hotel-1-360x240.jpg 360w, https:\/\/www.amicale-aeap.fr\/word\/wp-content\/uploads\/2020\/02\/hotel-1-800x534.jpg 800w\" sizes=\"auto, (max-width: 396px) 100vw, 396px\" \/><\/figure>\r\n<\/div>\r\n<\/div>\r\n\r\n\r\n\r\n<figure class=\"wp-block-image size-large is-resized\"><img loading=\"lazy\" decoding=\"async\" width=\"398\" height=\"264\" class=\"wp-image-8078\" alt=\"\" src=\"https:\/\/www.amicale-aeap.fr\/word\/wp-content\/uploads\/2020\/02\/hotel-2.jpg\" srcset=\"https:\/\/www.amicale-aeap.fr\/word\/wp-content\/uploads\/2020\/02\/hotel-2.jpg 1024w, https:\/\/www.amicale-aeap.fr\/word\/wp-content\/uploads\/2020\/02\/hotel-2-300x200.jpg 300w, https:\/\/www.amicale-aeap.fr\/word\/wp-content\/uploads\/2020\/02\/hotel-2-768x512.jpg 768w, https:\/\/www.amicale-aeap.fr\/word\/wp-content\/uploads\/2020\/02\/hotel-2-360x240.jpg 360w\" sizes=\"auto, (max-width: 398px) 100vw, 398px\" \/><\/figure>\r\n<p>Le tarif est de :<\/p>\r\n<ul>\r\n<li>90\u20ac pour les adultes<\/li>\r\n<li>40\u20ac pour les enfants (jusqu&rsquo;\u00e0 12 ans)<\/li>\r\n<li>Gratuit pour les &#8211; de 3 ans<\/li>\r\n<\/ul>\r\n<p><strong>Inscription AVANT LE 19\/02 et r\u00e8glement par ch\u00e8que aupr\u00e8s de\u00a0: <\/strong><\/p>\r\n<p><strong>Nolwenn et Catherine Z. (1<sup>er<\/sup> \u00e9tage) du 10\/02 au 14\/02<\/strong><\/p>\r\n<p><strong>Martine R. du 17\/02 au 19\/02<\/strong><\/p>\r\n<p><strong><\/strong><\/p>\r\n<p><a href=\"https:\/\/www.amicale-aeap.fr\/word\/?attachment_id=8086\">Bulletin d&rsquo;inscription<\/a><\/p>\r\n<p>Le nombre de place \u00e9tant limit\u00e9, les inscriptions seront prises en compte par ordre d&rsquo;arriv\u00e9e !<\/p>\r\n<p>&nbsp;<\/p>\r\n","protected":false},"excerpt":{"rendered":"<p>L&rsquo;Amicale vous invite \u00e0 profiter des 2 parcs Disney les 28 et 29 mars prochains ! Au programme : Voyage en train : D\u00e9part Lille Europe : 09h01 &#8211; Arriv\u00e9e Marne la Vall\u00e9e : 10h09\u00a0 (rendez-vous 30 minutes avant le d\u00e9part du train) D\u00e9p\u00f4t des bagages \u00e0 l&rsquo;h\u00f4tel Journ\u00e9e libre [&hellip;]<\/p>\n","protected":false},"author":156,"featured_media":8098,"comment_status":"closed","ping_status":"closed","sticky":false,"template":"","format":"standard","meta":{"footnotes":""},"categories":[1],"tags":[],"class_list":["post-8072","post","type-post","status-publish","format-standard","has-post-thumbnail","hentry","category-actus"],"_links":{"self":[{"href":"https:\/\/www.amicale-aeap.fr\/word\/wp-json\/wp\/v2\/posts\/8072","targetHints":{"allow":["GET"]}}],"collection":[{"href":"https:\/\/www.amicale-aeap.fr\/word\/wp-json\/wp\/v2\/posts"}],"about":[{"href":"https:\/\/www.amicale-aeap.fr\/word\/wp-json\/wp\/v2\/types\/post"}],"author":[{"embeddable":true,"href":"https:\/\/www.amicale-aeap.fr\/word\/wp-json\/wp\/v2\/users\/156"}],"replies":[{"embeddable":true,"href":"https:\/\/www.amicale-aeap.fr\/word\/wp-json\/wp\/v2\/comments?post=8072"}],"version-history":[{"count":14,"href":"https:\/\/www.amicale-aeap.fr\/word\/wp-json\/wp\/v2\/posts\/8072\/revisions"}],"predecessor-version":[{"id":8090,"href":"https:\/\/www.amicale-aeap.fr\/word\/wp-json\/wp\/v2\/posts\/8072\/revisions\/8090"}],"wp:featuredmedia":[{"embeddable":true,"href":"https:\/\/www.amicale-aeap.fr\/word\/wp-json\/wp\/v2\/media\/8098"}],"wp:attachment":[{"href":"https:\/\/www.amicale-aeap.fr\/word\/wp-json\/wp\/v2\/media?parent=8072"}],"wp:term":[{"taxonomy":"category","embeddable":true,"href":"https:\/\/www.amicale-aeap.fr\/word\/wp-json\/wp\/v2\/categories?post=8072"},{"taxonomy":"post_tag","embeddable":true,"href":"https:\/\/www.amicale-aeap.fr\/word\/wp-json\/wp\/v2\/tags?post=8072"}],"curies":[{"name":"wp","href":"https:\/\/api.w.org\/{rel}","templated":true}]}}