{"id":8061,"date":"2020-02-03T14:43:22","date_gmt":"2020-02-03T13:43:22","guid":{"rendered":"https:\/\/www.amicale-aeap.fr\/word\/?p=8061"},"modified":"2022-02-11T16:45:22","modified_gmt":"2022-02-11T15:45:22","slug":"save-the-date-ria-2020","status":"publish","type":"post","link":"https:\/\/www.amicale-aeap.fr\/word\/2020\/02\/03\/save-the-date-ria-2020\/","title":{"rendered":"SAVE THE DATE &#8211; RIA 2020"},"content":{"rendered":"<p>\u00c0 noter dans vos agendas : les RIA 2020 organis\u00e9s par Loire-Bretagne auront lieu du <strong>vendredi 18 septembre au dimanche 20 septembre \u00e0 La Turballe<\/strong> (44).<\/p>\n<p>Le th\u00e8me de ce weekend festif : <strong>les couloirs du temps<\/strong><\/p>\n<p><em>Les soir\u00e9es :<\/em><\/p>\n<ul>\n<li>Vendredi soir : soir\u00e9e cosplay \u00ab\u00a0s\u00e9ries t\u00e9l\u00e9vis\u00e9es\u00a0\u00bb par d\u00e9cennie. Pour Artois-Picardie = les ann\u00e9es 1980s<\/li>\n<li>Samedi soir : soir\u00e9e \u00ab\u00a0Odyss\u00e9e de l&rsquo;esp\u00e8ce\u00a0\u00bb. Pour Artois-Picardie = Antiquit\u00e9<\/li>\n<\/ul>\n<p><em>Fil rouge :<\/em> pr\u00e9parer une machine \u00e0 voyager dans le temps coh\u00e9rente avec la p\u00e9riode historique de l&rsquo;agence (Artois-Picardie = Antiquit\u00e9)<\/p>\n<p><em>D\u00e9fi facebook\u00a0:<\/em> 1 cycle par mois (8 cycles)<\/p>\n<p><img loading=\"lazy\" decoding=\"async\" class=\"size-medium wp-image-8065 aligncenter\" alt=\"\" src=\"https:\/\/www.amicale-aeap.fr\/word\/wp-content\/uploads\/2020\/02\/personnages_AEAP-300x205.png\" width=\"300\" height=\"205\" srcset=\"https:\/\/www.amicale-aeap.fr\/word\/wp-content\/uploads\/2020\/02\/personnages_AEAP-300x205.png 300w, https:\/\/www.amicale-aeap.fr\/word\/wp-content\/uploads\/2020\/02\/personnages_AEAP-768x524.png 768w, https:\/\/www.amicale-aeap.fr\/word\/wp-content\/uploads\/2020\/02\/personnages_AEAP-800x546.png 800w, https:\/\/www.amicale-aeap.fr\/word\/wp-content\/uploads\/2020\/02\/personnages_AEAP.png 815w\" sizes=\"auto, (max-width: 300px) 100vw, 300px\" \/><\/p>\n<p>Vous ne serez pas l\u00e0 pour le weekend des RIA ? Vous \u00eates les bienvenus pour participer au d\u00e9fi facebook et pr\u00e9parer les RIA dans la joie et la bonne humeur !<\/p>\n<p>D\u00e9tails et inscriptions \u00e0 venir&#8230;<\/p>\n","protected":false},"excerpt":{"rendered":"<p>\u00c0 noter dans vos agendas : les RIA 2020 organis\u00e9s par Loire-Bretagne auront lieu du vendredi 18 septembre au dimanche 20 septembre \u00e0 La Turballe (44). Le th\u00e8me de ce weekend festif : les couloirs du temps Les soir\u00e9es : Vendredi soir : soir\u00e9e cosplay \u00ab\u00a0s\u00e9ries t\u00e9l\u00e9vis\u00e9es\u00a0\u00bb par d\u00e9cennie. Pour [&hellip;]<\/p>\n","protected":false},"author":171,"featured_media":8064,"comment_status":"closed","ping_status":"closed","sticky":false,"template":"","format":"standard","meta":{"footnotes":""},"categories":[1,34],"tags":[],"class_list":["post-8061","post","type-post","status-publish","format-standard","has-post-thumbnail","hentry","category-actus","category-rencontres-inter-agences"],"_links":{"self":[{"href":"https:\/\/www.amicale-aeap.fr\/word\/wp-json\/wp\/v2\/posts\/8061","targetHints":{"allow":["GET"]}}],"collection":[{"href":"https:\/\/www.amicale-aeap.fr\/word\/wp-json\/wp\/v2\/posts"}],"about":[{"href":"https:\/\/www.amicale-aeap.fr\/word\/wp-json\/wp\/v2\/types\/post"}],"author":[{"embeddable":true,"href":"https:\/\/www.amicale-aeap.fr\/word\/wp-json\/wp\/v2\/users\/171"}],"replies":[{"embeddable":true,"href":"https:\/\/www.amicale-aeap.fr\/word\/wp-json\/wp\/v2\/comments?post=8061"}],"version-history":[{"count":6,"href":"https:\/\/www.amicale-aeap.fr\/word\/wp-json\/wp\/v2\/posts\/8061\/revisions"}],"predecessor-version":[{"id":8763,"href":"https:\/\/www.amicale-aeap.fr\/word\/wp-json\/wp\/v2\/posts\/8061\/revisions\/8763"}],"wp:featuredmedia":[{"embeddable":true,"href":"https:\/\/www.amicale-aeap.fr\/word\/wp-json\/wp\/v2\/media\/8064"}],"wp:attachment":[{"href":"https:\/\/www.amicale-aeap.fr\/word\/wp-json\/wp\/v2\/media?parent=8061"}],"wp:term":[{"taxonomy":"category","embeddable":true,"href":"https:\/\/www.amicale-aeap.fr\/word\/wp-json\/wp\/v2\/categories?post=8061"},{"taxonomy":"post_tag","embeddable":true,"href":"https:\/\/www.amicale-aeap.fr\/word\/wp-json\/wp\/v2\/tags?post=8061"}],"curies":[{"name":"wp","href":"https:\/\/api.w.org\/{rel}","templated":true}]}}