{"id":7919,"date":"2019-11-12T16:13:22","date_gmt":"2019-11-12T15:13:22","guid":{"rendered":"https:\/\/www.amicale-aeap.fr\/word\/?p=7919"},"modified":"2019-11-12T16:18:54","modified_gmt":"2019-11-12T15:18:54","slug":"inscriptions-au-repas-de-noel-2019-laquitaine-au-pays-chti","status":"publish","type":"post","link":"https:\/\/www.amicale-aeap.fr\/word\/2019\/11\/12\/inscriptions-au-repas-de-noel-2019-laquitaine-au-pays-chti\/","title":{"rendered":"Inscription(s) au repas de No\u00ebl 2019 &#8211; L&rsquo;Aquitaine au Pays Ch&rsquo;ti"},"content":{"rendered":"\n<p>Ah, No\u00ebl, sa neige, ses cadeaux et sa <a href=\"https:\/\/www.youtube.com\/watch?v=O0zB144pwHE\" target=\"_blank\" rel=\"noreferrer noopener\">musique ang\u00e9lique<\/a>&#8230;<\/p>\n\n\n\n<p>L\u2019amicale vous propose de vivre une exp\u00e9rience baroque pour le repas de No\u00ebl de l&rsquo;agence 2019.<\/p>\n\n\n\n<p>Vous pourrez ainsi surfer en direction d&rsquo;une salle du restaurant richement d\u00e9cor\u00e9e le <strong>vendredi 13 d\u00e9cembre 2019 \u00e0 12 h 45 <\/strong>\u00e0 l\u2019issue de la c\u00e9r\u00e9monie de remise des m\u00e9dailles et des d\u00e9parts en retraite et de son cocktail.<\/p>\n\n\n\n<div class=\"wp-block-image\"><figure class=\"aligncenter\"><img decoding=\"async\" src=\"https:\/\/image.ibb.co\/drgGpf\/potter-noel.gif\" alt=\"\"\/><figcaption>(visuel non contractuel de la salle de restaurant)<\/figcaption><\/figure><\/div>\n\n\n\n<p>Ce repas est <strong>ouvert \u00e0 tous les agents, amicalistes ou non, fonctionnaires ou non, <\/strong> au <strong>tarif unique de 10 \u20ac TTC<\/strong>.<\/p>\n\n\n\n<p><strong>Venez nombreux pour ce moment de convivialit\u00e9 !<\/strong><\/p>\n\n\n\n<p>En pratique : <strong>Veuillez vous inscrire avant le 20 novembre (2019) avant midi <\/strong>avec <a href=\"https:\/\/www.amicale-aeap.fr\/word\/wp-content\/uploads\/2019\/11\/2019_Amicale_Noel_menus.pdf\">votre choix d&rsquo;entr\u00e9e, de plat et de dessert<\/a> et votre r\u00e8glement <strong>par ch\u00e8que <\/strong>\u00e0 l\u2019ordre de l\u2019Amicale aupr\u00e8s de :<br>\u2013 RDC &#8211; 1er \u00e9tage : Catherine Zacharko<br>\u2013 2\u00e8me &#8211; 3\u00e8me \u00e9tage &#8211; Missions : Bruno Penisson<br>\u2013 4\u00e8me \u00e9tage : Am\u00e9lie Vlandas<br>\u2013 5\u00e8me \u00e9tage : Catherine Saldo<\/p>\n\n\n\n<hr class=\"wp-block-separator is-style-wide\"\/>\n\n\n\n<p style=\"text-align:center\"><a href=\"https:\/\/www.amicale-aeap.fr\/word\/wp-content\/uploads\/2019\/11\/2019_Amicale_Noel_menus.pdf\"><strong>Cette ann\u00e9e, construisez votre menu \u00e0 la carte !<\/strong><\/a><\/p>\n\n\n\n<div class=\"wp-block-file aligncenter\"><a href=\"https:\/\/www.amicale-aeap.fr\/word\/wp-content\/uploads\/2019\/11\/2019_Amicale_Noel_menus.pdf\">Prendre connaissance des menus :<\/a><a href=\"https:\/\/www.amicale-aeap.fr\/word\/wp-content\/uploads\/2019\/11\/2019_Amicale_Noel_menus.pdf\" class=\"wp-block-file__button\" download>T\u00e9l\u00e9charger<\/a><\/div>\n\n\n\n<h4 class=\"wp-block-heading\">Entr\u00e9es :<\/h4>\n\n\n\n<ul class=\"wp-block-list\"><li> Boudin blanc, sauce truffe, roquette et pomme caram\u00e9lis\u00e9e <\/li><li> Foie gras po\u00eal\u00e9, chutney de figues et toast au pain d&rsquo;\u00e9pice <\/li><li> Flan de l\u00e9gumes d\u2019antan (v\u00e9g\u00e9tarien) <\/li><\/ul>\n\n\n\n<hr class=\"wp-block-separator\"\/>\n\n\n\n<h4 class=\"wp-block-heading\">Plat I (viande) :<\/h4>\n\n\n\n<ul class=\"wp-block-list\"><li>Pav\u00e9 de kangourou, sauce bordelaise <\/li><li> Pomme Sarladaise<\/li><li>Duo de panais et topinambours<\/li><li>Risotto bio \u00e0 la foresti\u00e8re<\/li><li>Flan de carotte vitelotte  <\/li><\/ul>\n\n\n\n<h4 class=\"wp-block-heading\">Plat II (poisson) :<\/h4>\n\n\n\n<ul class=\"wp-block-list\"><li>Matelote de poisse, sauce au vin blanc <\/li><li>Pomme Sarladaise<\/li><li>Duo de panais et topinambours<\/li><li>Risotto bio \u00e0 la foresti\u00e8re<\/li><li>Flan de carotte vitelotte <\/li><\/ul>\n\n\n\n<h4 class=\"wp-block-heading\">Plat III (v\u00e9g\u00e9tarien)<\/h4>\n\n\n\n<ul class=\"wp-block-list\"><li>Pomme Sarladaise<\/li><li>Duo de panais et topinambours<\/li><li>Risotto bio \u00e0 la foresti\u00e8re<\/li><li>Flan de carotte vitelotte <\/li><\/ul>\n\n\n\n<hr class=\"wp-block-separator\"\/>\n\n\n\n<h4 class=\"wp-block-heading\"><strong>Desserts :<\/strong><\/h4>\n\n\n\n<ul class=\"wp-block-list\"><li>B\u00fbche de No\u00ebl aux deux chocolats <\/li><li>B\u00fbche de No\u00ebl au caramel beurre sal\u00e9 <\/li><li>Panna cotta aux fruits   (<strong>sans lactose ni gluten<\/strong>)<\/li><\/ul>\n\n\n\n<p>Petit plus : un caf\u00e9 servit \u00e0 la fin du repas.<\/p>\n\n\n\n<p><strong>Vous ne mangez pas de viande, une intol\u00e9rance \u00e0 un produit particulier (lactose, gluten, glyphosate&#8230;), signalez-le nous, notre chef \u00e9toil\u00e9 vous proposera un menu de substitution.<\/strong><\/p>\n\n\n\n<div class=\"wp-block-image\"><figure class=\"aligncenter\"><img loading=\"lazy\" decoding=\"async\" width=\"1000\" height=\"150\" src=\"http:\/\/www.amicale-aeap.fr\/word\/wp-content\/uploads\/2017\/11\/noel_2017.png\" alt=\"\" class=\"wp-image-6734\" srcset=\"https:\/\/www.amicale-aeap.fr\/word\/wp-content\/uploads\/2017\/11\/noel_2017.png 1000w, https:\/\/www.amicale-aeap.fr\/word\/wp-content\/uploads\/2017\/11\/noel_2017-300x45.png 300w, https:\/\/www.amicale-aeap.fr\/word\/wp-content\/uploads\/2017\/11\/noel_2017-768x115.png 768w\" sizes=\"auto, (max-width: 1000px) 100vw, 1000px\" \/><\/figure><\/div>\n\n\n\n<hr class=\"wp-block-separator\"\/>\n","protected":false},"excerpt":{"rendered":"<p>Ah, No\u00ebl, sa neige, ses cadeaux et sa musique ang\u00e9lique&#8230; L\u2019amicale vous propose de vivre une exp\u00e9rience baroque pour le repas de No\u00ebl de l&rsquo;agence 2019. Vous pourrez ainsi surfer en direction d&rsquo;une salle du restaurant richement d\u00e9cor\u00e9e le vendredi 13 d\u00e9cembre 2019 \u00e0 12 h 45 \u00e0 l\u2019issue de [&hellip;]<\/p>\n","protected":false},"author":167,"featured_media":6734,"comment_status":"open","ping_status":"closed","sticky":false,"template":"","format":"standard","meta":{"footnotes":""},"categories":[45],"tags":[],"class_list":["post-7919","post","type-post","status-publish","format-standard","has-post-thumbnail","hentry","category-noel-2"],"_links":{"self":[{"href":"https:\/\/www.amicale-aeap.fr\/word\/wp-json\/wp\/v2\/posts\/7919","targetHints":{"allow":["GET"]}}],"collection":[{"href":"https:\/\/www.amicale-aeap.fr\/word\/wp-json\/wp\/v2\/posts"}],"about":[{"href":"https:\/\/www.amicale-aeap.fr\/word\/wp-json\/wp\/v2\/types\/post"}],"author":[{"embeddable":true,"href":"https:\/\/www.amicale-aeap.fr\/word\/wp-json\/wp\/v2\/users\/167"}],"replies":[{"embeddable":true,"href":"https:\/\/www.amicale-aeap.fr\/word\/wp-json\/wp\/v2\/comments?post=7919"}],"version-history":[{"count":5,"href":"https:\/\/www.amicale-aeap.fr\/word\/wp-json\/wp\/v2\/posts\/7919\/revisions"}],"predecessor-version":[{"id":7926,"href":"https:\/\/www.amicale-aeap.fr\/word\/wp-json\/wp\/v2\/posts\/7919\/revisions\/7926"}],"wp:featuredmedia":[{"embeddable":true,"href":"https:\/\/www.amicale-aeap.fr\/word\/wp-json\/wp\/v2\/media\/6734"}],"wp:attachment":[{"href":"https:\/\/www.amicale-aeap.fr\/word\/wp-json\/wp\/v2\/media?parent=7919"}],"wp:term":[{"taxonomy":"category","embeddable":true,"href":"https:\/\/www.amicale-aeap.fr\/word\/wp-json\/wp\/v2\/categories?post=7919"},{"taxonomy":"post_tag","embeddable":true,"href":"https:\/\/www.amicale-aeap.fr\/word\/wp-json\/wp\/v2\/tags?post=7919"}],"curies":[{"name":"wp","href":"https:\/\/api.w.org\/{rel}","templated":true}]}}