{"id":7913,"date":"2019-11-16T14:24:41","date_gmt":"2019-11-16T13:24:41","guid":{"rendered":"https:\/\/www.amicale-aeap.fr\/word\/?p=7913"},"modified":"2019-11-20T12:06:39","modified_gmt":"2019-11-20T11:06:39","slug":"arbre-de-noel-2019","status":"publish","type":"post","link":"https:\/\/www.amicale-aeap.fr\/word\/2019\/11\/16\/arbre-de-noel-2019\/","title":{"rendered":"Arbre de No\u00ebl 2019"},"content":{"rendered":"\n<p><strong>L\u2019arbre de No\u00ebl des enfants du personnel de l\u2019Agence de l\u2019Eau organis\u00e9 par l\u2019Amicale se d\u00e9roulera le d<span>imanche 15 D\u00e9cembre 2019<\/span><\/strong> <strong>\u00e0 la Salle d\u2019Anchin \u00e0 Douai<\/strong>.<\/p>\n\n\n\n<div class=\"wp-block-image\"><figure class=\"aligncenter\"><img decoding=\"async\" src=\"https:\/\/images-na.ssl-images-amazon.com\/images\/I\/61eX80p2yoL._SX466_.jpg\" alt=\"R\u00e9sultat de recherche d'images pour &quot;arbre noel&quot;\"\/><\/figure><\/div>\n\n\n\n<p><strong>14h00 : <\/strong>Accueil des enfants et grand jeu sur le th\u00e8me des \u00e9pop\u00e9es m\u00e9di\u00e9vales !<strong><br><\/strong><\/p>\n\n\n\n<figure class=\"wp-block-image\"><img decoding=\"async\" src=\"https:\/\/upload.wikimedia.org\/wikipedia\/commons\/2\/2f\/Tournament_bavarian_engraving.png\" alt=\"R\u00e9sultat de recherche d'images pour &quot;combat chevalier&quot;\"\/><\/figure>\n\n\n\n<p>Au programme : <\/p>\n\n\n\n<ul class=\"wp-block-list\"><li>&nbsp;&nbsp;&nbsp;&nbsp;&nbsp;&nbsp;&nbsp;&nbsp;&nbsp;&nbsp;&nbsp; Maquillage<\/li><li>&nbsp;&nbsp;&nbsp;&nbsp;&nbsp;&nbsp;&nbsp;&nbsp;&nbsp;&nbsp;&nbsp; Atelier cr\u00e9atif<\/li><li>&nbsp;&nbsp;&nbsp;&nbsp;&nbsp;&nbsp;&nbsp;&nbsp;&nbsp;&nbsp;&nbsp; Et d\u2019autres surprises&#8230;<\/li><\/ul>\n\n\n\n<p><strong>16h30 : <\/strong>Go\u00fbter sous forme de buffet<\/p>\n\n\n\n<p><strong>17h00 : <\/strong>Distribution des jouets par le p\u00e8re No\u00ebl<\/p>\n\n\n\n<p>Ouvert \u00e0 tous les agents, avec ou sans enfants.<\/p>\n\n\n\n<p>Merci de vous inscrire pour mieux dimensionner les buffets.<\/p>\n\n\n\n<p><em>D\u00e9posez votre bulletin d\u2019inscription&nbsp;<strong>avant le 29 novembre<\/strong> aux personnes suivantes :<\/em><\/p>\n\n\n\n<ul class=\"wp-block-list\"><li><em>Rez-de-chauss\u00e9e, Mission Littoral, Mission Picardie : Lo\u00efg M. <\/em><\/li><li><em>1<sup><span style=\"font-size: small;\">er<\/span><\/sup> \u00e9tage : Nolwenn T.<\/em><\/li><li><em>2\u00e8me \u00e9tage : Estelle C.<\/em><\/li><li><em>3<sup><span style=\"font-size: small;\">\u00e8me<\/span><\/sup> \u00e9tage : S\u00e9bastien L.<\/em><\/li><li><em>4<sup><span style=\"font-size: small;\">\u00e8me<\/span><\/sup> \u00e9tage : Martine R.<\/em><\/li><li><em>5<sup><span style=\"font-size: small;\">\u00e8me<\/span><\/sup> \u00e9tage : Marie J.&nbsp;&nbsp;&nbsp;&nbsp;&nbsp;&nbsp;<\/em><\/li><\/ul>\n\n\n\n<p>Bulletin d\u2019inscription : <a rel=\"noopener noreferrer\" href=\"https:\/\/www.amicale-aeap.fr\/word\/wp-content\/uploads\/2019\/11\/Bulletin_inscription_arbre_noel_2019.pdf\" target=\"_blank\">Inscription_arbre_Noel_2019<\/a><\/p>\n","protected":false},"excerpt":{"rendered":"<p>L\u2019arbre de No\u00ebl des enfants du personnel de l\u2019Agence de l\u2019Eau organis\u00e9 par l\u2019Amicale se d\u00e9roulera le dimanche 15 D\u00e9cembre 2019 \u00e0 la Salle d\u2019Anchin \u00e0 Douai. 14h00 : Accueil des enfants et grand jeu sur le th\u00e8me des \u00e9pop\u00e9es m\u00e9di\u00e9vales ! Au programme : &nbsp;&nbsp;&nbsp;&nbsp;&nbsp;&nbsp;&nbsp;&nbsp;&nbsp;&nbsp;&nbsp; Maquillage &nbsp;&nbsp;&nbsp;&nbsp;&nbsp;&nbsp;&nbsp;&nbsp;&nbsp;&nbsp;&nbsp; Atelier cr\u00e9atif [&hellip;]<\/p>\n","protected":false},"author":156,"featured_media":7960,"comment_status":"open","ping_status":"closed","sticky":false,"template":"","format":"standard","meta":{"footnotes":""},"categories":[45,1],"tags":[32],"class_list":["post-7913","post","type-post","status-publish","format-standard","has-post-thumbnail","hentry","category-noel-2","category-actus","tag-noel"],"_links":{"self":[{"href":"https:\/\/www.amicale-aeap.fr\/word\/wp-json\/wp\/v2\/posts\/7913","targetHints":{"allow":["GET"]}}],"collection":[{"href":"https:\/\/www.amicale-aeap.fr\/word\/wp-json\/wp\/v2\/posts"}],"about":[{"href":"https:\/\/www.amicale-aeap.fr\/word\/wp-json\/wp\/v2\/types\/post"}],"author":[{"embeddable":true,"href":"https:\/\/www.amicale-aeap.fr\/word\/wp-json\/wp\/v2\/users\/156"}],"replies":[{"embeddable":true,"href":"https:\/\/www.amicale-aeap.fr\/word\/wp-json\/wp\/v2\/comments?post=7913"}],"version-history":[{"count":16,"href":"https:\/\/www.amicale-aeap.fr\/word\/wp-json\/wp\/v2\/posts\/7913\/revisions"}],"predecessor-version":[{"id":7963,"href":"https:\/\/www.amicale-aeap.fr\/word\/wp-json\/wp\/v2\/posts\/7913\/revisions\/7963"}],"wp:featuredmedia":[{"embeddable":true,"href":"https:\/\/www.amicale-aeap.fr\/word\/wp-json\/wp\/v2\/media\/7960"}],"wp:attachment":[{"href":"https:\/\/www.amicale-aeap.fr\/word\/wp-json\/wp\/v2\/media?parent=7913"}],"wp:term":[{"taxonomy":"category","embeddable":true,"href":"https:\/\/www.amicale-aeap.fr\/word\/wp-json\/wp\/v2\/categories?post=7913"},{"taxonomy":"post_tag","embeddable":true,"href":"https:\/\/www.amicale-aeap.fr\/word\/wp-json\/wp\/v2\/tags?post=7913"}],"curies":[{"name":"wp","href":"https:\/\/api.w.org\/{rel}","templated":true}]}}