{"id":7756,"date":"2019-07-17T19:46:41","date_gmt":"2019-07-17T18:46:41","guid":{"rendered":"https:\/\/www.amicale-aeap.fr\/word\/?p=7756"},"modified":"2019-07-31T08:20:26","modified_gmt":"2019-07-31T07:20:26","slug":"foire-expo-gayant-les-jardins-extra-ordinaires","status":"publish","type":"post","link":"https:\/\/www.amicale-aeap.fr\/word\/2019\/07\/17\/foire-expo-gayant-les-jardins-extra-ordinaires\/","title":{"rendered":"Foire Expo : Gayant : Les Jardins Extra Ordinaires"},"content":{"rendered":"\n<p>Nous ne vous invitons pas \u00e0 venir participer \u00e0 la plus ancienne \u00e9mission du service public t\u00e9l\u00e9visuel centr\u00e9e sur la nature et l&rsquo;environnement&nbsp;intitul\u00e9e <a href=\"https:\/\/www.youtube.com\/watch?v=AWaQmv0YEC0\" target=\"_blank\" rel=\"noopener noreferrer\"><em><strong>Le Jardin<\/strong> <strong>extraordinaire<\/strong><\/em><\/a>, celle-l\u00e0 m\u00eame qui doit son titre \u00e0 la&nbsp;<a href=\"https:\/\/www.youtube.com\/watch?v=Z7H57p1HNbY\" target=\"_blank\" rel=\"noopener noreferrer\">chanson<\/a> de Charles Trenet.<\/p>\n\n\n\n<p>Nous ne vous proposons pas non plus d&rsquo;acheter un bouquet chez le <a href=\"https:\/\/www.amicale-aeap.fr\/word\/wp-content\/uploads\/2019\/07\/fleuriste.jpg\" rel=\"noopener noreferrer\">fleuriste<\/a> du coin, ni une promenade dans le <a href=\"https:\/\/www.amicale-aeap.fr\/word\/wp-content\/uploads\/2019\/07\/85b.jpg\" rel=\"noopener noreferrer\">jardin d&rsquo;Alice aux pays des merveilles<\/a>, mais bel et bien l&rsquo;acquisition de billets d&rsquo;entr\u00e9e pour la foire r\u00e9gionale de Douai.<\/p>\n\n\n\n<div class=\"wp-block-image\"><figure class=\"aligncenter\"><a href=\"https:\/\/www.amicale-aeap.fr\/word\/2019\/07\/17\/foire-expo-gayant-les-jardins-extra-ordinaires\/agen23691_1_c400x600\/\" rel=\"attachment wp-att-7761\"><img loading=\"lazy\" decoding=\"async\" width=\"200\" height=\"300\" src=\"https:\/\/www.amicale-aeap.fr\/word\/wp-content\/uploads\/2019\/07\/agen23691_1_c400x600-200x300.jpg\" alt=\"\" class=\"wp-image-7761\" srcset=\"https:\/\/www.amicale-aeap.fr\/word\/wp-content\/uploads\/2019\/07\/agen23691_1_c400x600-200x300.jpg 200w, https:\/\/www.amicale-aeap.fr\/word\/wp-content\/uploads\/2019\/07\/agen23691_1_c400x600.jpg 400w\" sizes=\"auto, (max-width: 200px) 100vw, 200px\" \/><\/a><\/figure><\/div>\n\n\n\n<p>A partir de <strong>maintenant tout de suite<\/strong>, vous pouvez commander des billets aupr\u00e8s de Catherine S., bureau 517, pour cette<strong> Foire de Gayant<\/strong> au tarif unitaire <strong>1 \u20ac.<\/strong><\/p>\n\n\n\n<p><strong>Merci de faire l\u2019appoint.<\/strong><\/p>\n\n\n\n<p>Le bulletin de commande est t\u00e9l\u00e9chargeable <a href=\"https:\/\/www.amicale-aeap.fr\/word\/wp-content\/uploads\/2019\/07\/201909_BC_Gayant-Expo.pdf\">ici<\/a>.<\/p>\n\n\n\n<h3 class=\"wp-block-heading\"><span style=\"color: #ff0000;\"><strong>Date limite de commande : 23 ao\u00fbt 2019 \u00e0 16h<\/strong><\/span><\/h3>\n\n\n\n<p>Pour plus d\u2019infos cliquez &gt;&gt;&gt; <a href=\"https:\/\/gayantexpoconcerts.com\/agendas\/75eme-foire-exposition-regionale-de-douai\/\">l\u00e0<\/a><\/p>\n","protected":false},"excerpt":{"rendered":"<p>Nous ne vous invitons pas \u00e0 venir participer \u00e0 la plus ancienne \u00e9mission du service public t\u00e9l\u00e9visuel centr\u00e9e sur la nature et l&rsquo;environnement&nbsp;intitul\u00e9e Le Jardin extraordinaire, celle-l\u00e0 m\u00eame qui doit son titre \u00e0 la&nbsp;chanson de Charles Trenet. Nous ne vous proposons pas non plus d&rsquo;acheter un bouquet chez le fleuriste [&hellip;]<\/p>\n","protected":false},"author":162,"featured_media":7757,"comment_status":"open","ping_status":"closed","sticky":false,"template":"","format":"standard","meta":{"footnotes":""},"categories":[51],"tags":[],"class_list":["post-7756","post","type-post","status-publish","format-standard","has-post-thumbnail","hentry","category-billetterie"],"_links":{"self":[{"href":"https:\/\/www.amicale-aeap.fr\/word\/wp-json\/wp\/v2\/posts\/7756","targetHints":{"allow":["GET"]}}],"collection":[{"href":"https:\/\/www.amicale-aeap.fr\/word\/wp-json\/wp\/v2\/posts"}],"about":[{"href":"https:\/\/www.amicale-aeap.fr\/word\/wp-json\/wp\/v2\/types\/post"}],"author":[{"embeddable":true,"href":"https:\/\/www.amicale-aeap.fr\/word\/wp-json\/wp\/v2\/users\/162"}],"replies":[{"embeddable":true,"href":"https:\/\/www.amicale-aeap.fr\/word\/wp-json\/wp\/v2\/comments?post=7756"}],"version-history":[{"count":17,"href":"https:\/\/www.amicale-aeap.fr\/word\/wp-json\/wp\/v2\/posts\/7756\/revisions"}],"predecessor-version":[{"id":7804,"href":"https:\/\/www.amicale-aeap.fr\/word\/wp-json\/wp\/v2\/posts\/7756\/revisions\/7804"}],"wp:featuredmedia":[{"embeddable":true,"href":"https:\/\/www.amicale-aeap.fr\/word\/wp-json\/wp\/v2\/media\/7757"}],"wp:attachment":[{"href":"https:\/\/www.amicale-aeap.fr\/word\/wp-json\/wp\/v2\/media?parent=7756"}],"wp:term":[{"taxonomy":"category","embeddable":true,"href":"https:\/\/www.amicale-aeap.fr\/word\/wp-json\/wp\/v2\/categories?post=7756"},{"taxonomy":"post_tag","embeddable":true,"href":"https:\/\/www.amicale-aeap.fr\/word\/wp-json\/wp\/v2\/tags?post=7756"}],"curies":[{"name":"wp","href":"https:\/\/api.w.org\/{rel}","templated":true}]}}