{"id":7721,"date":"2019-07-12T14:21:26","date_gmt":"2019-07-12T13:21:26","guid":{"rendered":"https:\/\/www.amicale-aeap.fr\/word\/?p=7721"},"modified":"2019-07-16T15:33:23","modified_gmt":"2019-07-16T14:33:23","slug":"sortie-spectacle-le-14-septembre-2019-le-lys-et-le-lion-le-retour-du-pere","status":"publish","type":"post","link":"https:\/\/www.amicale-aeap.fr\/word\/2019\/07\/12\/sortie-spectacle-le-14-septembre-2019-le-lys-et-le-lion-le-retour-du-pere\/","title":{"rendered":"Sortie Spectacle le 14 septembre 2019 &#8211; Le Lys et le Lion \u2013 \u00ab Le retour du P\u00e8re \u00bb"},"content":{"rendered":"\n<p>L&rsquo;amicale vous propose le 14 septembre 2019 de participer \u00e0 la repr\u00e9sentation Le Lys et le Lion \u2013 \u00ab&nbsp;Le retour du P\u00e8re&nbsp;\u00bb \u00e0  Bouvines.<\/p>\n\n\n\n<p>Il s&rsquo;agit d&rsquo;un spectacle relatant quelques pages  de l&rsquo;histoire de <strong>Jeanne de Flandre<\/strong>, allant de sa naissance \u00e0 la lib\u00e9ration du comte de  Flandre, Ferrand, en passant par son s\u00e9jour au Louvre, sa rencontre avec  Manessier, auteur auquel elle a command\u00e9 la suite de Perceval et le  Graal (l\u00e9gende du roi Arthur et des chevaliers de la Table ronde), son <strong>mariage avec Ferrand<\/strong> et la c\u00e9l\u00e8bre bataille de Bouvines.<\/p>\n\n\n\n<figure class=\"wp-block-image\"><a href=\"https:\/\/www.amicale-aeap.fr\/word\/wp-content\/uploads\/2019\/07\/tous-e1493928573776.png\"><img loading=\"lazy\" decoding=\"async\" width=\"1024\" height=\"459\" src=\"https:\/\/www.amicale-aeap.fr\/word\/wp-content\/uploads\/2019\/07\/tous-e1493928573776-1024x459.png\" alt=\"\" class=\"wp-image-7723\" srcset=\"https:\/\/www.amicale-aeap.fr\/word\/wp-content\/uploads\/2019\/07\/tous-e1493928573776-1024x459.png 1024w, https:\/\/www.amicale-aeap.fr\/word\/wp-content\/uploads\/2019\/07\/tous-e1493928573776-300x134.png 300w, https:\/\/www.amicale-aeap.fr\/word\/wp-content\/uploads\/2019\/07\/tous-e1493928573776-768x344.png 768w, https:\/\/www.amicale-aeap.fr\/word\/wp-content\/uploads\/2019\/07\/tous-e1493928573776.png 1444w\" sizes=\"auto, (max-width: 1024px) 100vw, 1024px\" \/><\/a><\/figure>\n\n\n\n<p>\u00c9vocation de la Franche-Foire (anc\u00eatre de la Braderie) et de la <strong>Cour des Miracles<\/strong>, d\u00e9cors magnifiques, costumes flamboyants, joutes oratoires, chor\u00e9graphies, tournoi de chevalerie, <strong>sc\u00e8nes de batailles<\/strong>, l\u00e9gendes arthuriennes, <strong>f\u00e9\u00e9ries<\/strong>, humour\u2026<\/p>\n\n\n\n<p>Pendant 90 minutes, le public est invit\u00e9 \u00e0 remonter le temps, \u00e0 la d\u00e9couverte de l&rsquo;Histoire au <strong>XIII\u00e8me si\u00e8cle<\/strong>.<\/p>\n\n\n\n<ul class=\"wp-block-gallery columns-2 is-cropped wp-block-gallery-1 is-layout-flex wp-block-gallery-is-layout-flex\"><li class=\"blocks-gallery-item\"><figure><a href=\"https:\/\/www.amicale-aeap.fr\/word\/wp-content\/uploads\/2019\/07\/combattants.png\"><img loading=\"lazy\" decoding=\"async\" width=\"694\" height=\"462\" src=\"https:\/\/www.amicale-aeap.fr\/word\/wp-content\/uploads\/2019\/07\/combattants.png\" alt=\"\" data-id=\"7724\" data-link=\"https:\/\/www.amicale-aeap.fr\/word\/?attachment_id=7724\" class=\"wp-image-7724\" srcset=\"https:\/\/www.amicale-aeap.fr\/word\/wp-content\/uploads\/2019\/07\/combattants.png 694w, https:\/\/www.amicale-aeap.fr\/word\/wp-content\/uploads\/2019\/07\/combattants-300x200.png 300w, https:\/\/www.amicale-aeap.fr\/word\/wp-content\/uploads\/2019\/07\/combattants-360x240.png 360w\" sizes=\"auto, (max-width: 694px) 100vw, 694px\" \/><\/a><\/figure><\/li><li class=\"blocks-gallery-item\"><figure><a href=\"https:\/\/www.amicale-aeap.fr\/word\/wp-content\/uploads\/2019\/07\/mariage.png\"><img loading=\"lazy\" decoding=\"async\" width=\"866\" height=\"578\" src=\"https:\/\/www.amicale-aeap.fr\/word\/wp-content\/uploads\/2019\/07\/mariage.png\" alt=\"\" data-id=\"7725\" data-link=\"https:\/\/www.amicale-aeap.fr\/word\/?attachment_id=7725\" class=\"wp-image-7725\" srcset=\"https:\/\/www.amicale-aeap.fr\/word\/wp-content\/uploads\/2019\/07\/mariage.png 866w, https:\/\/www.amicale-aeap.fr\/word\/wp-content\/uploads\/2019\/07\/mariage-300x200.png 300w, https:\/\/www.amicale-aeap.fr\/word\/wp-content\/uploads\/2019\/07\/mariage-768x513.png 768w, https:\/\/www.amicale-aeap.fr\/word\/wp-content\/uploads\/2019\/07\/mariage-360x240.png 360w\" sizes=\"auto, (max-width: 866px) 100vw, 866px\" \/><\/a><\/figure><\/li><\/ul>\n\n\n\n<p>Les tarifs pour la repr\u00e9sentation sont :<\/p>\n\n\n\n<ul class=\"wp-block-list\"><li>Pour les adultes : 7 \u20ac (17 \u20acpour les personnes ext\u00e9rieures)<\/li><li>Pour les enfants jusqu&rsquo;\u00e0 12 ans : 3 \u20ac (10 \u20acpour les personnes ext\u00e9rieures)<\/li><\/ul>\n\n\n\n<p>Pour vous inscrire, t\u00e9l\u00e9charger le <a href=\"https:\/\/www.amicale-aeap.fr\/word\/wp-content\/uploads\/2019\/07\/2019-Bouvines-Le-Lys-et-le-Lion-Le-retour-du-P\u00e8re.pdf\">bulletin d&rsquo;inscription<\/a> et apporter le, avec votre r\u00e8glement, \u00e0 Marc Descatoire ou Bruno Penisson.<\/p>\n\n\n\n<ul class=\"wp-block-gallery columns-4 is-cropped wp-block-gallery-2 is-layout-flex wp-block-gallery-is-layout-flex\"><li class=\"blocks-gallery-item\"><figure><a href=\"https:\/\/www.amicale-aeap.fr\/word\/wp-content\/uploads\/2019\/07\/Capture8-Copier.png\"><img loading=\"lazy\" decoding=\"async\" width=\"565\" height=\"307\" src=\"https:\/\/www.amicale-aeap.fr\/word\/wp-content\/uploads\/2019\/07\/Capture8-Copier.png\" alt=\"\" data-id=\"7726\" data-link=\"https:\/\/www.amicale-aeap.fr\/word\/?attachment_id=7726\" class=\"wp-image-7726\" srcset=\"https:\/\/www.amicale-aeap.fr\/word\/wp-content\/uploads\/2019\/07\/Capture8-Copier.png 565w, https:\/\/www.amicale-aeap.fr\/word\/wp-content\/uploads\/2019\/07\/Capture8-Copier-300x163.png 300w\" sizes=\"auto, (max-width: 565px) 100vw, 565px\" \/><\/a><\/figure><\/li><li class=\"blocks-gallery-item\"><figure><a href=\"https:\/\/www.amicale-aeap.fr\/word\/wp-content\/uploads\/2019\/07\/combattants-1.png\"><img loading=\"lazy\" decoding=\"async\" width=\"694\" height=\"462\" src=\"https:\/\/www.amicale-aeap.fr\/word\/wp-content\/uploads\/2019\/07\/combattants-1.png\" alt=\"\" data-id=\"7727\" data-link=\"https:\/\/www.amicale-aeap.fr\/word\/?attachment_id=7727\" class=\"wp-image-7727\" srcset=\"https:\/\/www.amicale-aeap.fr\/word\/wp-content\/uploads\/2019\/07\/combattants-1.png 694w, https:\/\/www.amicale-aeap.fr\/word\/wp-content\/uploads\/2019\/07\/combattants-1-300x200.png 300w, https:\/\/www.amicale-aeap.fr\/word\/wp-content\/uploads\/2019\/07\/combattants-1-360x240.png 360w\" sizes=\"auto, (max-width: 694px) 100vw, 694px\" \/><\/a><\/figure><\/li><li class=\"blocks-gallery-item\"><figure><a href=\"https:\/\/www.amicale-aeap.fr\/word\/wp-content\/uploads\/2019\/07\/JCD_5019.jpg\"><img loading=\"lazy\" decoding=\"async\" width=\"900\" height=\"599\" src=\"https:\/\/www.amicale-aeap.fr\/word\/wp-content\/uploads\/2019\/07\/JCD_5019.jpg\" alt=\"\" data-id=\"7728\" data-link=\"https:\/\/www.amicale-aeap.fr\/word\/?attachment_id=7728\" class=\"wp-image-7728\" srcset=\"https:\/\/www.amicale-aeap.fr\/word\/wp-content\/uploads\/2019\/07\/JCD_5019.jpg 900w, https:\/\/www.amicale-aeap.fr\/word\/wp-content\/uploads\/2019\/07\/JCD_5019-300x200.jpg 300w, https:\/\/www.amicale-aeap.fr\/word\/wp-content\/uploads\/2019\/07\/JCD_5019-768x511.jpg 768w, https:\/\/www.amicale-aeap.fr\/word\/wp-content\/uploads\/2019\/07\/JCD_5019-360x240.jpg 360w\" sizes=\"auto, (max-width: 900px) 100vw, 900px\" \/><\/a><\/figure><\/li><li class=\"blocks-gallery-item\"><figure><a href=\"https:\/\/www.amicale-aeap.fr\/word\/wp-content\/uploads\/2019\/07\/JCD_5045.jpg\"><img loading=\"lazy\" decoding=\"async\" width=\"900\" height=\"600\" src=\"https:\/\/www.amicale-aeap.fr\/word\/wp-content\/uploads\/2019\/07\/JCD_5045.jpg\" alt=\"\" data-id=\"7729\" data-link=\"https:\/\/www.amicale-aeap.fr\/word\/?attachment_id=7729\" class=\"wp-image-7729\" srcset=\"https:\/\/www.amicale-aeap.fr\/word\/wp-content\/uploads\/2019\/07\/JCD_5045.jpg 900w, https:\/\/www.amicale-aeap.fr\/word\/wp-content\/uploads\/2019\/07\/JCD_5045-300x200.jpg 300w, https:\/\/www.amicale-aeap.fr\/word\/wp-content\/uploads\/2019\/07\/JCD_5045-768x512.jpg 768w, https:\/\/www.amicale-aeap.fr\/word\/wp-content\/uploads\/2019\/07\/JCD_5045-360x240.jpg 360w\" sizes=\"auto, (max-width: 900px) 100vw, 900px\" \/><\/a><\/figure><\/li><\/ul>\n\n\n\n<h3 class=\"wp-block-heading\">Date limite de commande : 31 juillet<\/h3>\n\n\n\n<p style=\"text-align:center\"><strong>Attention, le spectacle est \u00e0 20h30 mais nous vous proposons de se retrouver \u00e0 18h30 pour pique-niquer. Vous pouvez amener votre sandwich ou profiter des food-trucks sur place \ud83d\ude42<\/strong><\/p>\n\n\n\n<p>Plus d&rsquo;infos sur le spectacle ou les activit\u00e9s annexes : <a href=\"http:\/\/lelysetlelion.fr\">http:\/\/lelysetlelion.fr<\/a> ou le <a href=\"https:\/\/www.amicale-aeap.fr\/word\/wp-content\/uploads\/2019\/07\/Spectacle-son-et-lumi\u00e8re-\u00e0-Bouvines-2019-Le-Lys-et-le-Lion-le-Retour-du-P\u00e8re.pdf\">fascicule du spectacle<\/a><\/p>\n\n\n\n<ul class=\"wp-block-gallery columns-4 is-cropped wp-block-gallery-3 is-layout-flex wp-block-gallery-is-layout-flex\"><li class=\"blocks-gallery-item\"><figure><a href=\"https:\/\/www.amicale-aeap.fr\/word\/wp-content\/uploads\/2019\/07\/JCD_5373.jpg\"><img loading=\"lazy\" decoding=\"async\" width=\"900\" height=\"600\" src=\"https:\/\/www.amicale-aeap.fr\/word\/wp-content\/uploads\/2019\/07\/JCD_5373.jpg\" alt=\"\" data-id=\"7730\" data-link=\"https:\/\/www.amicale-aeap.fr\/word\/?attachment_id=7730\" class=\"wp-image-7730\" srcset=\"https:\/\/www.amicale-aeap.fr\/word\/wp-content\/uploads\/2019\/07\/JCD_5373.jpg 900w, https:\/\/www.amicale-aeap.fr\/word\/wp-content\/uploads\/2019\/07\/JCD_5373-300x200.jpg 300w, https:\/\/www.amicale-aeap.fr\/word\/wp-content\/uploads\/2019\/07\/JCD_5373-768x512.jpg 768w, https:\/\/www.amicale-aeap.fr\/word\/wp-content\/uploads\/2019\/07\/JCD_5373-360x240.jpg 360w\" sizes=\"auto, (max-width: 900px) 100vw, 900px\" \/><\/a><\/figure><\/li><li class=\"blocks-gallery-item\"><figure><a href=\"https:\/\/www.amicale-aeap.fr\/word\/wp-content\/uploads\/2019\/07\/JCD_5527.jpg\"><img loading=\"lazy\" decoding=\"async\" width=\"900\" height=\"599\" src=\"https:\/\/www.amicale-aeap.fr\/word\/wp-content\/uploads\/2019\/07\/JCD_5527.jpg\" alt=\"\" data-id=\"7731\" data-link=\"https:\/\/www.amicale-aeap.fr\/word\/?attachment_id=7731\" class=\"wp-image-7731\" srcset=\"https:\/\/www.amicale-aeap.fr\/word\/wp-content\/uploads\/2019\/07\/JCD_5527.jpg 900w, https:\/\/www.amicale-aeap.fr\/word\/wp-content\/uploads\/2019\/07\/JCD_5527-300x200.jpg 300w, https:\/\/www.amicale-aeap.fr\/word\/wp-content\/uploads\/2019\/07\/JCD_5527-768x511.jpg 768w, https:\/\/www.amicale-aeap.fr\/word\/wp-content\/uploads\/2019\/07\/JCD_5527-360x240.jpg 360w\" sizes=\"auto, (max-width: 900px) 100vw, 900px\" \/><\/a><\/figure><\/li><li class=\"blocks-gallery-item\"><figure><a href=\"https:\/\/www.amicale-aeap.fr\/word\/wp-content\/uploads\/2019\/07\/JCD_5546.jpg\"><img loading=\"lazy\" decoding=\"async\" width=\"900\" height=\"599\" src=\"https:\/\/www.amicale-aeap.fr\/word\/wp-content\/uploads\/2019\/07\/JCD_5546.jpg\" alt=\"\" data-id=\"7732\" data-link=\"https:\/\/www.amicale-aeap.fr\/word\/?attachment_id=7732\" class=\"wp-image-7732\" srcset=\"https:\/\/www.amicale-aeap.fr\/word\/wp-content\/uploads\/2019\/07\/JCD_5546.jpg 900w, https:\/\/www.amicale-aeap.fr\/word\/wp-content\/uploads\/2019\/07\/JCD_5546-300x200.jpg 300w, https:\/\/www.amicale-aeap.fr\/word\/wp-content\/uploads\/2019\/07\/JCD_5546-768x511.jpg 768w, https:\/\/www.amicale-aeap.fr\/word\/wp-content\/uploads\/2019\/07\/JCD_5546-360x240.jpg 360w\" sizes=\"auto, (max-width: 900px) 100vw, 900px\" \/><\/a><\/figure><\/li><li class=\"blocks-gallery-item\"><figure><a href=\"https:\/\/www.amicale-aeap.fr\/word\/wp-content\/uploads\/2019\/07\/JCD_6275.jpg\"><img loading=\"lazy\" decoding=\"async\" width=\"900\" height=\"600\" src=\"https:\/\/www.amicale-aeap.fr\/word\/wp-content\/uploads\/2019\/07\/JCD_6275.jpg\" alt=\"\" data-id=\"7733\" data-link=\"https:\/\/www.amicale-aeap.fr\/word\/?attachment_id=7733\" class=\"wp-image-7733\" srcset=\"https:\/\/www.amicale-aeap.fr\/word\/wp-content\/uploads\/2019\/07\/JCD_6275.jpg 900w, https:\/\/www.amicale-aeap.fr\/word\/wp-content\/uploads\/2019\/07\/JCD_6275-300x200.jpg 300w, https:\/\/www.amicale-aeap.fr\/word\/wp-content\/uploads\/2019\/07\/JCD_6275-768x512.jpg 768w, https:\/\/www.amicale-aeap.fr\/word\/wp-content\/uploads\/2019\/07\/JCD_6275-360x240.jpg 360w\" sizes=\"auto, (max-width: 900px) 100vw, 900px\" \/><\/a><\/figure><\/li><\/ul>\n","protected":false},"excerpt":{"rendered":"<p>L&rsquo;amicale vous propose le 14 septembre 2019 de participer \u00e0 la repr\u00e9sentation Le Lys et le Lion \u2013 \u00ab&nbsp;Le retour du P\u00e8re&nbsp;\u00bb \u00e0 Bouvines. Il s&rsquo;agit d&rsquo;un spectacle relatant quelques pages de l&rsquo;histoire de Jeanne de Flandre, allant de sa naissance \u00e0 la lib\u00e9ration du comte de Flandre, Ferrand, en [&hellip;]<\/p>\n","protected":false},"author":156,"featured_media":7719,"comment_status":"open","ping_status":"closed","sticky":false,"template":"","format":"standard","meta":{"footnotes":""},"categories":[1,4],"tags":[],"class_list":["post-7721","post","type-post","status-publish","format-standard","has-post-thumbnail","hentry","category-actus","category-sorties"],"_links":{"self":[{"href":"https:\/\/www.amicale-aeap.fr\/word\/wp-json\/wp\/v2\/posts\/7721","targetHints":{"allow":["GET"]}}],"collection":[{"href":"https:\/\/www.amicale-aeap.fr\/word\/wp-json\/wp\/v2\/posts"}],"about":[{"href":"https:\/\/www.amicale-aeap.fr\/word\/wp-json\/wp\/v2\/types\/post"}],"author":[{"embeddable":true,"href":"https:\/\/www.amicale-aeap.fr\/word\/wp-json\/wp\/v2\/users\/156"}],"replies":[{"embeddable":true,"href":"https:\/\/www.amicale-aeap.fr\/word\/wp-json\/wp\/v2\/comments?post=7721"}],"version-history":[{"count":4,"href":"https:\/\/www.amicale-aeap.fr\/word\/wp-json\/wp\/v2\/posts\/7721\/revisions"}],"predecessor-version":[{"id":7737,"href":"https:\/\/www.amicale-aeap.fr\/word\/wp-json\/wp\/v2\/posts\/7721\/revisions\/7737"}],"wp:featuredmedia":[{"embeddable":true,"href":"https:\/\/www.amicale-aeap.fr\/word\/wp-json\/wp\/v2\/media\/7719"}],"wp:attachment":[{"href":"https:\/\/www.amicale-aeap.fr\/word\/wp-json\/wp\/v2\/media?parent=7721"}],"wp:term":[{"taxonomy":"category","embeddable":true,"href":"https:\/\/www.amicale-aeap.fr\/word\/wp-json\/wp\/v2\/categories?post=7721"},{"taxonomy":"post_tag","embeddable":true,"href":"https:\/\/www.amicale-aeap.fr\/word\/wp-json\/wp\/v2\/tags?post=7721"}],"curies":[{"name":"wp","href":"https:\/\/api.w.org\/{rel}","templated":true}]}}