{"id":7539,"date":"2019-03-26T18:07:02","date_gmt":"2019-03-26T17:07:02","guid":{"rendered":"http:\/\/www.amicale-aeap.fr\/word\/?p=7539"},"modified":"2019-04-17T19:48:49","modified_gmt":"2019-04-17T18:48:49","slug":"convocation-assemblee-generale-de-lamicale-le-mardi-23-avril-2019-a-14h30","status":"publish","type":"post","link":"https:\/\/www.amicale-aeap.fr\/word\/2019\/03\/26\/convocation-assemblee-generale-de-lamicale-le-mardi-23-avril-2019-a-14h30\/","title":{"rendered":"RAPPEL &#8211; Convocation : Assembl\u00e9e G\u00e9n\u00e9rale de l&rsquo;amicale le mardi 23 avril 2019 \u00e0 14h30"},"content":{"rendered":"<p>Bonjour \u00e0 tous,<\/p>\n<p>L&rsquo;Assembl\u00e9e G\u00e9n\u00e9rale de l&rsquo;amicale se d\u00e9roulera le <strong>mardi 23 avril 2019<\/strong> dans la salle du restaurant \u00e0 14h30.<\/p>\n<p>L&rsquo;ordre du jour est list\u00e9 ci-dessous :<\/p>\n<p><strong>Ordre du jour :<\/strong><\/p>\n<ul>\n<li>Approbation des comptes de l\u2019exercice clos avec M. Verez<\/li>\n<li>\u00c9lections du conseil d\u2019administration<\/li>\n<li>Bilan de l\u2019ann\u00e9e 2018, projets 2019-20 en cours<\/li>\n<li>Budget pr\u00e9visionnel<\/li>\n<li>La refonte du R\u00e8glement Int\u00e9rieur de l&rsquo;Amicale<\/li>\n<li>Questions diverses<\/li>\n<\/ul>\n<p><strong>\u00c9lections, se pr\u00e9sentent <\/strong>(pour l&rsquo;instant !)<strong> : Karine Vall\u00e9e, Am\u00e9lie Vlandas, Catherine Zacharko &amp; Bruno Penisson<br \/>\n<\/strong><\/p>\n<hr \/>\n<p>Vous l&rsquo;avez lu ci-dessus, cette ann\u00e9e, l&rsquo;Amicale remet \u00e0 plat son r\u00e8glement int\u00e9rieur. Pourquoi une telle refonte ? Il \u00e9tait n\u00e9cessaire de clarifier certains points et de le mettre en ad\u00e9quation avec les derni\u00e8res \u00e9volutions r\u00e8glementaires.<\/p>\n<p>D&rsquo;ici au 23 avril, n&rsquo;h\u00e9sitez pas \u00e0 faire remonter \u00e0 Bruno vos observations. Au del\u00e0 de ce \u00ab\u00a0Grand D\u00e9bat\u00a0\u00bb<span class=\"st\">\u00a9<\/span>, vous pourrez \u00e9galement faire entendre votre voix le 23.<\/p>\n<p>Voici le projet de nouveau r\u00e8glement int\u00e9rieur : <a href=\"http:\/\/www.amicale-aeap.fr\/word\/wp-content\/uploads\/2019\/03\/2019-03-26_projet_reglement_interieur_refonte.pdf\">2019 03 26_projet_reglement_interieur_refonte<\/a><\/p>\n<p>Et l&rsquo;actuel : <a href=\"http:\/\/www.amicale-aeap.fr\/word\/wp-content\/uploads\/2011\/02\/reglement_interieur_20140526.pdf\">reglement_interieur_20140526<\/a><\/p>\n<p><a href=\"http:\/\/www.amicale-aeap.fr\/word\/wp-content\/uploads\/2019\/03\/Keep-Calm-V3.png\"><img loading=\"lazy\" decoding=\"async\" src=\"http:\/\/www.amicale-aeap.fr\/word\/wp-content\/uploads\/2019\/03\/Keep-Calm-V3-225x300.png\" alt=\"\" class=\"size-medium wp-image-7542 aligncenter\" width=\"225\" height=\"300\" srcset=\"https:\/\/www.amicale-aeap.fr\/word\/wp-content\/uploads\/2019\/03\/Keep-Calm-V3-225x300.png 225w, https:\/\/www.amicale-aeap.fr\/word\/wp-content\/uploads\/2019\/03\/Keep-Calm-V3-768x1024.png 768w, https:\/\/www.amicale-aeap.fr\/word\/wp-content\/uploads\/2019\/03\/Keep-Calm-V3.png 1125w\" sizes=\"auto, (max-width: 225px) 100vw, 225px\" \/><\/a><\/p>\n<hr \/>\n<p>Vous trouverez ci-dessous le bulletin de vote avec le pouvoir, \u00e0 imprimer pour venir \u00e0 l&rsquo;Assembl\u00e9e, ou \u00e0 remplir pour donner pouvoir \u00e0 un autre amicaliste qui viendra \u00e0 l&rsquo;Assembl\u00e9e. Chaque amicaliste ne peut recevoir plus de 5 pouvoirs.<\/p>\n<p><a href=\"http:\/\/www.amicale-aeap.fr\/word\/wp-content\/uploads\/2019\/03\/BULLETIN_AG_2019.docx\">BULLETIN_AG_2019<\/a><\/p>\n<p>Vous trouverez ci-dessous un rapport d&rsquo;activit\u00e9s de l&rsquo;amicale : assez succinct, mais qui r\u00e9sume l&rsquo;ann\u00e9e en un A4.<\/p>\n<p><a href=\"http:\/\/www.amicale-aeap.fr\/word\/wp-content\/uploads\/2018\/06\/Rapport_Activit\u00e9s_2017.docx\"><\/a><a href=\"http:\/\/www.amicale-aeap.fr\/word\/wp-content\/uploads\/2019\/03\/Rapport_Activit\u00e9s_2018.docx\">Rapport_Activit\u00e9s_2018<\/a><\/p>\n<p><strong>Nous vous attendons nombreux !!<\/strong><\/p>\n","protected":false},"excerpt":{"rendered":"<p>Bonjour \u00e0 tous, L&rsquo;Assembl\u00e9e G\u00e9n\u00e9rale de l&rsquo;amicale se d\u00e9roulera le mardi 23 avril 2019 dans la salle du restaurant \u00e0 14h30. L&rsquo;ordre du jour est list\u00e9 ci-dessous : Ordre du jour : Approbation des comptes de l\u2019exercice clos avec M. Verez \u00c9lections du conseil d\u2019administration Bilan de l\u2019ann\u00e9e 2018, projets [&hellip;]<\/p>\n","protected":false},"author":167,"featured_media":7147,"comment_status":"open","ping_status":"closed","sticky":false,"template":"","format":"standard","meta":{"footnotes":""},"categories":[1],"tags":[],"class_list":["post-7539","post","type-post","status-publish","format-standard","has-post-thumbnail","hentry","category-actus"],"_links":{"self":[{"href":"https:\/\/www.amicale-aeap.fr\/word\/wp-json\/wp\/v2\/posts\/7539","targetHints":{"allow":["GET"]}}],"collection":[{"href":"https:\/\/www.amicale-aeap.fr\/word\/wp-json\/wp\/v2\/posts"}],"about":[{"href":"https:\/\/www.amicale-aeap.fr\/word\/wp-json\/wp\/v2\/types\/post"}],"author":[{"embeddable":true,"href":"https:\/\/www.amicale-aeap.fr\/word\/wp-json\/wp\/v2\/users\/167"}],"replies":[{"embeddable":true,"href":"https:\/\/www.amicale-aeap.fr\/word\/wp-json\/wp\/v2\/comments?post=7539"}],"version-history":[{"count":5,"href":"https:\/\/www.amicale-aeap.fr\/word\/wp-json\/wp\/v2\/posts\/7539\/revisions"}],"predecessor-version":[{"id":7607,"href":"https:\/\/www.amicale-aeap.fr\/word\/wp-json\/wp\/v2\/posts\/7539\/revisions\/7607"}],"wp:featuredmedia":[{"embeddable":true,"href":"https:\/\/www.amicale-aeap.fr\/word\/wp-json\/wp\/v2\/media\/7147"}],"wp:attachment":[{"href":"https:\/\/www.amicale-aeap.fr\/word\/wp-json\/wp\/v2\/media?parent=7539"}],"wp:term":[{"taxonomy":"category","embeddable":true,"href":"https:\/\/www.amicale-aeap.fr\/word\/wp-json\/wp\/v2\/categories?post=7539"},{"taxonomy":"post_tag","embeddable":true,"href":"https:\/\/www.amicale-aeap.fr\/word\/wp-json\/wp\/v2\/tags?post=7539"}],"curies":[{"name":"wp","href":"https:\/\/api.w.org\/{rel}","templated":true}]}}