{"id":7419,"date":"2019-01-07T15:59:24","date_gmt":"2019-01-07T14:59:24","guid":{"rendered":"http:\/\/www.amicale-aeap.fr\/word\/?p=7419"},"modified":"2019-04-09T10:23:48","modified_gmt":"2019-04-09T09:23:48","slug":"campagne-dadhesion-a-lamicale-2019","status":"publish","type":"post","link":"https:\/\/www.amicale-aeap.fr\/word\/2019\/01\/07\/campagne-dadhesion-a-lamicale-2019\/","title":{"rendered":"Campagne d&rsquo;adh\u00e9sion \u00e0 l&rsquo;amicale 2019 &#8211; Ne loupez pas l\u2019inscription pour la nouvelle ann\u00e9e"},"content":{"rendered":"<p>Les f\u00eates sont pass\u00e9es, <a href=\"https:\/\/www.youtube.com\/watch?v=wrz_ybBKoy4\">voici venu le temps<\/a> de l&rsquo;adh\u00e9sion annuelle \u00e0 l&rsquo;amicale ! Le montant de la cotisation n&rsquo;a pas chang\u00e9, soit 14 euros.<\/p>\n<p>Avec votre adh\u00e9sion \u00e0 l&rsquo;amicale vous pourrez profiter en 2019 de <a href=\"http:\/\/www.amicale-aeap.fr\/word\/2016\/06\/25\/un-petit-rappel-derniers-jours-pour-le-ski\/\">voyage(s)<\/a>, <a href=\"http:\/\/www.amicale-aeap.fr\/word\/2018\/10\/11\/port-aventura-et-barcelone\/\">des week-ends<\/a>, des sorties, des billets de <a href=\"http:\/\/www.amicale-aeap.fr\/word\/2018\/11\/05\/quatorzieme-commande-de-billets-cinema-phedre-au-21eme-siecle\/\">cin\u00e9ma<\/a>, de <a href=\"http:\/\/www.amicale-aeap.fr\/word\/2018\/11\/06\/du-nouveau-cote-sport\/\">salle de sport<\/a>, de <a href=\"http:\/\/www.amicale-aeap.fr\/word\/2018\/11\/19\/cours-de-yoga-fitness-et-danse-a-des-tarifs-preferentiels\/\">cours de yoga<\/a>, des <a href=\"http:\/\/www.amicale-aeap.fr\/word\/activite\/\">activit\u00e9s sportives<\/a>\u00a0<a href=\"#note1\">(1)<\/a>.<\/p>\n<div style=\"width: 1034px\" class=\"wp-caption aligncenter\"><img loading=\"lazy\" decoding=\"async\" src=\"https:\/\/www.wittemuseum.org\/wp-content\/uploads\/2015\/04\/Witte-MEMBERSHIP-title-graphic-1024x373.jpg\" alt=\"\" width=\"1024\" height=\"373\" \/><p class=\"wp-caption-text\">\u00ab\u00a0Je ne l&rsquo;aurai pas mieux dit\u00a0\u00bb &#8211; Albert Einstein &#8211; 2\/12\/1915<\/p><\/div>\n<p>Merci de d\u00e9poser votre bulletin d&rsquo;adh\u00e9sion avec votre cotisation (en ch\u00e8que id\u00e9alement) aupr\u00e8s de l&rsquo;un des membres du CA, soit Catherine Saldo, Nolwenn Thepaut, Karine Vall\u00e9e, Am\u00e9lie Vlandas, Catherine Zacharko ou Bruno P\u00e9nisson avant le 22 f\u00e9vrier 2019.<\/p>\n<p style=\"text-align: center;\"><strong>Merci de ne pas agrafer le r\u00e8glement au bulletin d&rsquo;adh\u00e9sion<\/strong>, nos petits doigts boudin\u00e9s ont souvent le plus grand mal \u00e0 s\u00e9parer les deux.<\/p>\n<p>&nbsp;<\/p>\n<h3 style=\"text-align: center;\"><span style=\"color: #ff0000;\"><strong>Aucune adh\u00e9sion ne sera accept\u00e9e pass\u00e9e la date du 22 f\u00e9vrier 2019<\/strong><\/span><\/h3>\n<p>&nbsp;<\/p>\n<p>T\u00e9l\u00e9charger le bulletin d&rsquo;adh\u00e9sion : <a href=\"http:\/\/www.amicale-aeap.fr\/word\/wp-content\/uploads\/2019\/01\/2019_01_08_formulaire_adhesion.pdf\">amicale-adhesion<\/a><em><strong><\/strong><\/em><\/p>\n<p id=\"note1\"><em><strong><a href=\"#appel1\">(1)<\/a><\/strong><\/em> Non exhaustif<\/p>\n","protected":false},"excerpt":{"rendered":"<p>Les f\u00eates sont pass\u00e9es, voici venu le temps de l&rsquo;adh\u00e9sion annuelle \u00e0 l&rsquo;amicale ! Le montant de la cotisation n&rsquo;a pas chang\u00e9, soit 14 euros. Avec votre adh\u00e9sion \u00e0 l&rsquo;amicale vous pourrez profiter en 2019 de voyage(s), des week-ends, des sorties, des billets de cin\u00e9ma, de salle de sport, de [&hellip;]<\/p>\n","protected":false},"author":156,"featured_media":7424,"comment_status":"open","ping_status":"closed","sticky":false,"template":"","format":"standard","meta":{"footnotes":""},"categories":[1],"tags":[],"class_list":["post-7419","post","type-post","status-publish","format-standard","has-post-thumbnail","hentry","category-actus"],"_links":{"self":[{"href":"https:\/\/www.amicale-aeap.fr\/word\/wp-json\/wp\/v2\/posts\/7419","targetHints":{"allow":["GET"]}}],"collection":[{"href":"https:\/\/www.amicale-aeap.fr\/word\/wp-json\/wp\/v2\/posts"}],"about":[{"href":"https:\/\/www.amicale-aeap.fr\/word\/wp-json\/wp\/v2\/types\/post"}],"author":[{"embeddable":true,"href":"https:\/\/www.amicale-aeap.fr\/word\/wp-json\/wp\/v2\/users\/156"}],"replies":[{"embeddable":true,"href":"https:\/\/www.amicale-aeap.fr\/word\/wp-json\/wp\/v2\/comments?post=7419"}],"version-history":[{"count":6,"href":"https:\/\/www.amicale-aeap.fr\/word\/wp-json\/wp\/v2\/posts\/7419\/revisions"}],"predecessor-version":[{"id":7605,"href":"https:\/\/www.amicale-aeap.fr\/word\/wp-json\/wp\/v2\/posts\/7419\/revisions\/7605"}],"wp:featuredmedia":[{"embeddable":true,"href":"https:\/\/www.amicale-aeap.fr\/word\/wp-json\/wp\/v2\/media\/7424"}],"wp:attachment":[{"href":"https:\/\/www.amicale-aeap.fr\/word\/wp-json\/wp\/v2\/media?parent=7419"}],"wp:term":[{"taxonomy":"category","embeddable":true,"href":"https:\/\/www.amicale-aeap.fr\/word\/wp-json\/wp\/v2\/categories?post=7419"},{"taxonomy":"post_tag","embeddable":true,"href":"https:\/\/www.amicale-aeap.fr\/word\/wp-json\/wp\/v2\/tags?post=7419"}],"curies":[{"name":"wp","href":"https:\/\/api.w.org\/{rel}","templated":true}]}}