{"id":7227,"date":"2018-10-01T10:28:45","date_gmt":"2018-10-01T09:28:45","guid":{"rendered":"http:\/\/www.amicale-aeap.fr\/word\/?p=7227"},"modified":"2018-10-11T16:40:29","modified_gmt":"2018-10-11T15:40:29","slug":"sortie-au-k-le-kabaret-music-hall-de-reims-le-18-novembre-2018","status":"publish","type":"post","link":"https:\/\/www.amicale-aeap.fr\/word\/2018\/10\/01\/sortie-au-k-le-kabaret-music-hall-de-reims-le-18-novembre-2018\/","title":{"rendered":"[Rappel] Sortie au K Le Kabaret Music-Hall de Reims le 18 novembre 2018"},"content":{"rendered":"<p>L&rsquo;amicale vous propose <strong>le dimanche 18 novembre 2018<\/strong> une journ\u00e9e de d\u00e9tente et de spectacle avant la p\u00e9riode des f\u00eates de fin d\u2019ann\u00e9e.<\/p>\n<p>Pour commencer cette journ\u00e9e, quartier libre au c\u0153ur m\u00eame de Reims.Vous pourrez ainsi d\u00e9ambuler du c\u00f4t\u00e9 de la cath\u00e9drale ou du palais du Tau, l\u2019ancien palais de l\u2019archev\u00eaque de Reims et lieu de s\u00e9jour des rois de France lors de leur sacre <sup>1<\/sup> .<\/p>\n<p>Puis, direction Tinqueux et <a href=\"https:\/\/www.kabaret-reims.fr\/\">le \u00ab\u00a0K\u00a0\u00bb du Kabaret Music-Hall<\/a>\u00a0 o\u00f9 un superbe d\u00eener spectacle vous attend.<\/p>\n<p>Apr\u00e8s un passage au vestiaire (gratuit), une animation musicale sera produite pendant toute la dur\u00e9e du repas avec vin et champagne (<a href=\"http:\/\/www.amicale-aeap.fr\/word\/wp-content\/uploads\/2018\/10\/Programme-K-Kabaret-Tinqueux-Amicale-Personnel-Agence-de-Leau-Nov-2018.pdf\">voir le menu et le programme<\/a>). Apr\u00e8s le repas, un spectacle d&rsquo;une dur\u00e9e de 2H15 avec 15 danseurs et danseuses sera pr\u00e9sent\u00e9 par la revue \u00ab S\u00e9du<strong>K<\/strong>tion \u00bb .<\/p>\n<p>Avec ce superbe spectacle, emplit de moments magiques et \u00e9merveill\u00e9s, c\u2019est une journ\u00e9e p\u00e9tillante et pleine de r\u00eaves, de la musique, de la danse, des costumes en couleurs.<\/p>\n<p>Alors, n\u2019h\u00e9sitez plus, t\u00e9l\u00e9chargez et remplissez <a href=\"http:\/\/www.amicale-aeap.fr\/word\/wp-content\/uploads\/2018\/10\/Inscription_au-K-du-Kabaret-\u00e0-Reims.docx\">le bulletin d&rsquo;inscription<\/a> avant le <strong>15 octobre<\/strong> et apportez le \u00e0 Marc (bureau 525).<\/p>\n<p>Paiement par ch\u00e8que ou ch\u00e8que-vacances.<\/p>\n<p>Pour voir le programme,<a href=\"http:\/\/www.amicale-aeap.fr\/word\/wp-content\/uploads\/2018\/10\/Programme-K-Kabaret-Tinqueux-Amicale-Personnel-Agence-de-Leau-Nov-2018.pdf\"> cliquez ici<\/a>.<\/p>\n<p>&nbsp;<\/p>\n<p><a href=\"http:\/\/www.amicale-aeap.fr\/word\/wp-content\/uploads\/2018\/10\/affiche.png\"><img loading=\"lazy\" decoding=\"async\" width=\"988\" height=\"1392\" class=\"aligncenter wp-image-7230 size-full\" alt=\"\" src=\"http:\/\/www.amicale-aeap.fr\/word\/wp-content\/uploads\/2018\/10\/affiche.png\" srcset=\"https:\/\/www.amicale-aeap.fr\/word\/wp-content\/uploads\/2018\/10\/affiche.png 988w, https:\/\/www.amicale-aeap.fr\/word\/wp-content\/uploads\/2018\/10\/affiche-213x300.png 213w, https:\/\/www.amicale-aeap.fr\/word\/wp-content\/uploads\/2018\/10\/affiche-768x1082.png 768w, https:\/\/www.amicale-aeap.fr\/word\/wp-content\/uploads\/2018\/10\/affiche-727x1024.png 727w\" sizes=\"auto, (max-width: 988px) 100vw, 988px\" \/><\/a><sup id=\"fn1\">1. Un conseil, au palais du Tau, cherchez les gargouilles qui tirent la langue. Elles sont un t\u00e9moignage singulier de la premi\u00e8re guerre mondiale et de l\u2019incendie de la cath\u00e9drale. On n\u2019en dit pas plus.<\/sup><\/p>\n<hr \/>\n<p>Un probl\u00e8me pour afficher les pages du site ? Cliquez sur \u00ab\u00a0Rechargez!\u00a0\u00bb (plusieurs fois si n\u00e9cessaire) dans le bandeau, en haut de la page.<\/p>\n<p><a href=\"http:\/\/www.amicale-aeap.fr\/word\/wp-content\/uploads\/2018\/06\/recharger.png\"><img loading=\"lazy\" decoding=\"async\" width=\"1046\" height=\"49\" class=\"aligncenter wp-image-7155 size-full\" alt=\"\" src=\"http:\/\/www.amicale-aeap.fr\/word\/wp-content\/uploads\/2018\/06\/recharger.png\" srcset=\"https:\/\/www.amicale-aeap.fr\/word\/wp-content\/uploads\/2018\/06\/recharger.png 1046w, https:\/\/www.amicale-aeap.fr\/word\/wp-content\/uploads\/2018\/06\/recharger-300x14.png 300w, https:\/\/www.amicale-aeap.fr\/word\/wp-content\/uploads\/2018\/06\/recharger-768x36.png 768w, https:\/\/www.amicale-aeap.fr\/word\/wp-content\/uploads\/2018\/06\/recharger-1024x48.png 1024w\" sizes=\"auto, (max-width: 1046px) 100vw, 1046px\" \/><\/a><\/p>\n","protected":false},"excerpt":{"rendered":"<p>L&rsquo;amicale vous propose le dimanche 18 novembre 2018 une journ\u00e9e de d\u00e9tente et de spectacle avant la p\u00e9riode des f\u00eates de fin d\u2019ann\u00e9e. Pour commencer cette journ\u00e9e, quartier libre au c\u0153ur m\u00eame de Reims.Vous pourrez ainsi d\u00e9ambuler du c\u00f4t\u00e9 de la cath\u00e9drale ou du palais du Tau, l\u2019ancien palais de [&hellip;]<\/p>\n","protected":false},"author":156,"featured_media":7230,"comment_status":"open","ping_status":"closed","sticky":false,"template":"","format":"standard","meta":{"footnotes":""},"categories":[1,4],"tags":[],"class_list":["post-7227","post","type-post","status-publish","format-standard","has-post-thumbnail","hentry","category-actus","category-sorties"],"_links":{"self":[{"href":"https:\/\/www.amicale-aeap.fr\/word\/wp-json\/wp\/v2\/posts\/7227","targetHints":{"allow":["GET"]}}],"collection":[{"href":"https:\/\/www.amicale-aeap.fr\/word\/wp-json\/wp\/v2\/posts"}],"about":[{"href":"https:\/\/www.amicale-aeap.fr\/word\/wp-json\/wp\/v2\/types\/post"}],"author":[{"embeddable":true,"href":"https:\/\/www.amicale-aeap.fr\/word\/wp-json\/wp\/v2\/users\/156"}],"replies":[{"embeddable":true,"href":"https:\/\/www.amicale-aeap.fr\/word\/wp-json\/wp\/v2\/comments?post=7227"}],"version-history":[{"count":9,"href":"https:\/\/www.amicale-aeap.fr\/word\/wp-json\/wp\/v2\/posts\/7227\/revisions"}],"predecessor-version":[{"id":7258,"href":"https:\/\/www.amicale-aeap.fr\/word\/wp-json\/wp\/v2\/posts\/7227\/revisions\/7258"}],"wp:featuredmedia":[{"embeddable":true,"href":"https:\/\/www.amicale-aeap.fr\/word\/wp-json\/wp\/v2\/media\/7230"}],"wp:attachment":[{"href":"https:\/\/www.amicale-aeap.fr\/word\/wp-json\/wp\/v2\/media?parent=7227"}],"wp:term":[{"taxonomy":"category","embeddable":true,"href":"https:\/\/www.amicale-aeap.fr\/word\/wp-json\/wp\/v2\/categories?post=7227"},{"taxonomy":"post_tag","embeddable":true,"href":"https:\/\/www.amicale-aeap.fr\/word\/wp-json\/wp\/v2\/tags?post=7227"}],"curies":[{"name":"wp","href":"https:\/\/api.w.org\/{rel}","templated":true}]}}