{"id":7219,"date":"2018-09-17T08:19:59","date_gmt":"2018-09-17T07:19:59","guid":{"rendered":"http:\/\/www.amicale-aeap.fr\/word\/?p=7219"},"modified":"2018-09-17T08:19:59","modified_gmt":"2018-09-17T07:19:59","slug":"50-ans-du-parc-naturel-regional-scarpe-escaut-ca-se-fete","status":"publish","type":"post","link":"https:\/\/www.amicale-aeap.fr\/word\/2018\/09\/17\/50-ans-du-parc-naturel-regional-scarpe-escaut-ca-se-fete\/","title":{"rendered":"50 ans du Parc naturel r\u00e9gional Scarpe-Escaut : \u00e7a se f\u00eate !"},"content":{"rendered":"<p>A l\u2019occasion de ses 50 ans et dans le cadre de la f\u00eate du sport,<\/p>\n<p>le Parc naturel r\u00e9gional Scarpe-Escaut organise avec ses partenaires un apr\u00e8s-midi festif et convivial pour le grand public le <strong>dimanche 23 septembre<\/strong> 2018 \u00e0 partir de 12h sur le site de Nature d\u2019Amaury \u00e0 Hergnies.<\/p>\n<p>Faites le plein d\u2019activit\u00e9s sportives (natural training, slow foot, balade en bateau sur l\u2019\u00e9tang, initiation au paddle ou au cano\u00eb-kayak -tenue adapt\u00e9e \u00e0 pr\u00e9voir, vestiaire et douches sur place, d\u00e9couverte du tandem ou du v\u00e9lo \u00e0 assistance \u00e9lectrique, parcours d\u2019orientation, \u2026 ) et de nature (photo animali\u00e8re, visites guid\u00e9es du site, fabrication de nichoirs, initiation \u00e0 la vannerie,\u2026)<\/p>\n<p><strong>Amenez votre repas ou restaurez-vous sur place !<\/strong><\/p>\n<p>&nbsp;<\/p>\n<p><a href=\"http:\/\/www.amicale-aeap.fr\/word\/wp-content\/uploads\/2018\/09\/affiche_50ans_pnse.jpeg\"><img loading=\"lazy\" decoding=\"async\" src=\"http:\/\/www.amicale-aeap.fr\/word\/wp-content\/uploads\/2018\/09\/affiche_50ans_pnse.jpeg\" alt=\"\" class=\"aligncenter wp-image-7220 size-full\" width=\"378\" height=\"567\" srcset=\"https:\/\/www.amicale-aeap.fr\/word\/wp-content\/uploads\/2018\/09\/affiche_50ans_pnse.jpeg 378w, https:\/\/www.amicale-aeap.fr\/word\/wp-content\/uploads\/2018\/09\/affiche_50ans_pnse-200x300.jpeg 200w\" sizes=\"auto, (max-width: 378px) 100vw, 378px\" \/><\/a><\/p>\n<p>R\u00e9sum\u00e9 du programme :<\/p>\n<ul>\n<li>D\u00e8s 12 heures : Accueille, par Gr\u00e9gory Lelong, Pr\u00e9sident du Parc naturel r\u00e9gional Scarpe-Escaut, sur le site pour le grand pique-nique des Parcs (possibilit\u00e9 d&rsquo;amener son repas ou de se restaurer sur place);<\/li>\n<li>\u00c0 16 heures, lors de la remise des lots : go\u00fbter en musique.<\/li>\n<\/ul>\n<p>Retrouvez le <a href=\"http:\/\/www.pnr-scarpe-escaut.fr\/contenu-standard\/50-ans-ca-se-fete\">programme complet<\/a> sur le site Internet du Parc et sa page facebook.<br \/>\n<a href=\"http:\/\/www.pnr-scarpe-escaut.fr\">www.pnr-scarpe-escaut.fr<\/a><\/p>\n<p>&nbsp;<\/p>\n<hr \/>\n<p>Un probl\u00e8me pour afficher les pages du site ? Cliquez sur \u00ab\u00a0Rechargez!\u00a0\u00bb (plusieurs fois si n\u00e9cessaire) dans le bandeau, en haut de la page.<\/p>\n<p><a href=\"http:\/\/www.amicale-aeap.fr\/word\/wp-content\/uploads\/2018\/06\/recharger.png\"><img loading=\"lazy\" decoding=\"async\" class=\"aligncenter wp-image-7155 size-full\" alt=\"\" src=\"http:\/\/www.amicale-aeap.fr\/word\/wp-content\/uploads\/2018\/06\/recharger.png\" width=\"1046\" height=\"49\" srcset=\"https:\/\/www.amicale-aeap.fr\/word\/wp-content\/uploads\/2018\/06\/recharger.png 1046w, https:\/\/www.amicale-aeap.fr\/word\/wp-content\/uploads\/2018\/06\/recharger-300x14.png 300w, https:\/\/www.amicale-aeap.fr\/word\/wp-content\/uploads\/2018\/06\/recharger-768x36.png 768w, https:\/\/www.amicale-aeap.fr\/word\/wp-content\/uploads\/2018\/06\/recharger-1024x48.png 1024w\" sizes=\"auto, (max-width: 1046px) 100vw, 1046px\" \/><\/a><\/p>\n","protected":false},"excerpt":{"rendered":"<p>A l\u2019occasion de ses 50 ans et dans le cadre de la f\u00eate du sport, le Parc naturel r\u00e9gional Scarpe-Escaut organise avec ses partenaires un apr\u00e8s-midi festif et convivial pour le grand public le dimanche 23 septembre 2018 \u00e0 partir de 12h sur le site de Nature d\u2019Amaury \u00e0 Hergnies. [&hellip;]<\/p>\n","protected":false},"author":167,"featured_media":7220,"comment_status":"open","ping_status":"closed","sticky":false,"template":"","format":"standard","meta":{"footnotes":""},"categories":[1,4],"tags":[],"class_list":["post-7219","post","type-post","status-publish","format-standard","has-post-thumbnail","hentry","category-actus","category-sorties"],"_links":{"self":[{"href":"https:\/\/www.amicale-aeap.fr\/word\/wp-json\/wp\/v2\/posts\/7219","targetHints":{"allow":["GET"]}}],"collection":[{"href":"https:\/\/www.amicale-aeap.fr\/word\/wp-json\/wp\/v2\/posts"}],"about":[{"href":"https:\/\/www.amicale-aeap.fr\/word\/wp-json\/wp\/v2\/types\/post"}],"author":[{"embeddable":true,"href":"https:\/\/www.amicale-aeap.fr\/word\/wp-json\/wp\/v2\/users\/167"}],"replies":[{"embeddable":true,"href":"https:\/\/www.amicale-aeap.fr\/word\/wp-json\/wp\/v2\/comments?post=7219"}],"version-history":[{"count":3,"href":"https:\/\/www.amicale-aeap.fr\/word\/wp-json\/wp\/v2\/posts\/7219\/revisions"}],"predecessor-version":[{"id":7223,"href":"https:\/\/www.amicale-aeap.fr\/word\/wp-json\/wp\/v2\/posts\/7219\/revisions\/7223"}],"wp:featuredmedia":[{"embeddable":true,"href":"https:\/\/www.amicale-aeap.fr\/word\/wp-json\/wp\/v2\/media\/7220"}],"wp:attachment":[{"href":"https:\/\/www.amicale-aeap.fr\/word\/wp-json\/wp\/v2\/media?parent=7219"}],"wp:term":[{"taxonomy":"category","embeddable":true,"href":"https:\/\/www.amicale-aeap.fr\/word\/wp-json\/wp\/v2\/categories?post=7219"},{"taxonomy":"post_tag","embeddable":true,"href":"https:\/\/www.amicale-aeap.fr\/word\/wp-json\/wp\/v2\/tags?post=7219"}],"curies":[{"name":"wp","href":"https:\/\/api.w.org\/{rel}","templated":true}]}}