{"id":7193,"date":"2018-09-05T17:38:16","date_gmt":"2018-09-05T16:38:16","guid":{"rendered":"http:\/\/www.amicale-aeap.fr\/word\/?p=7193"},"modified":"2018-09-27T09:15:15","modified_gmt":"2018-09-27T08:15:15","slug":"samedi-8-septembre-dans-nos-rues-pour-le-climat","status":"publish","type":"post","link":"https:\/\/www.amicale-aeap.fr\/word\/2018\/09\/05\/samedi-8-septembre-dans-nos-rues-pour-le-climat\/","title":{"rendered":"Samedi 8 septembre : dans nos rues pour le climat !"},"content":{"rendered":"<p>Le prochain sommet mondial d\u2019action pour le climat se tiendra du 12 au 14 septembre \u00e0 San Francisco, des milliers de rassemblements sont pr\u00e9vus partout dans le monde le 8 septembre pour faire entendre la voie de la soci\u00e9t\u00e9 civile et exiger de nos dirigeants locaux qu\u2019ils s\u2019engagent \u00e0 construire un monde Z\u00e9ro Fossile, o\u00f9 l\u2019humain passe avant le profit.<\/p>\n<p>Si ce message vous parle, vous pouvez organiser ou rejoindre un \u00e9v\u00e9nement et faire circuler l&rsquo;information.<\/p>\n<p>Pour en savoir plus (notamment pour savoir o\u00f9 les \u00e9v\u00e8nements auront lieu) : <a href=\"https:\/\/fr.riseforclimate.org\/\">https:\/\/fr.riseforclimate.org\/<\/a><\/p>\n<p>A nous d&rsquo;agir !<\/p>\n<p>&nbsp;<\/p>\n<p>&nbsp;<\/p>\n<p>&nbsp;<\/p>\n","protected":false},"excerpt":{"rendered":"<p>Le prochain sommet mondial d\u2019action pour le climat se tiendra du 12 au 14 septembre \u00e0 San Francisco, des milliers de rassemblements sont pr\u00e9vus partout dans le monde le 8 septembre pour faire entendre la voie de la soci\u00e9t\u00e9 civile et exiger de nos dirigeants locaux qu\u2019ils s\u2019engagent \u00e0 construire [&hellip;]<\/p>\n","protected":false},"author":156,"featured_media":7147,"comment_status":"open","ping_status":"closed","sticky":false,"template":"","format":"standard","meta":{"footnotes":""},"categories":[1],"tags":[],"class_list":["post-7193","post","type-post","status-publish","format-standard","has-post-thumbnail","hentry","category-actus"],"_links":{"self":[{"href":"https:\/\/www.amicale-aeap.fr\/word\/wp-json\/wp\/v2\/posts\/7193","targetHints":{"allow":["GET"]}}],"collection":[{"href":"https:\/\/www.amicale-aeap.fr\/word\/wp-json\/wp\/v2\/posts"}],"about":[{"href":"https:\/\/www.amicale-aeap.fr\/word\/wp-json\/wp\/v2\/types\/post"}],"author":[{"embeddable":true,"href":"https:\/\/www.amicale-aeap.fr\/word\/wp-json\/wp\/v2\/users\/156"}],"replies":[{"embeddable":true,"href":"https:\/\/www.amicale-aeap.fr\/word\/wp-json\/wp\/v2\/comments?post=7193"}],"version-history":[{"count":2,"href":"https:\/\/www.amicale-aeap.fr\/word\/wp-json\/wp\/v2\/posts\/7193\/revisions"}],"predecessor-version":[{"id":7195,"href":"https:\/\/www.amicale-aeap.fr\/word\/wp-json\/wp\/v2\/posts\/7193\/revisions\/7195"}],"wp:featuredmedia":[{"embeddable":true,"href":"https:\/\/www.amicale-aeap.fr\/word\/wp-json\/wp\/v2\/media\/7147"}],"wp:attachment":[{"href":"https:\/\/www.amicale-aeap.fr\/word\/wp-json\/wp\/v2\/media?parent=7193"}],"wp:term":[{"taxonomy":"category","embeddable":true,"href":"https:\/\/www.amicale-aeap.fr\/word\/wp-json\/wp\/v2\/categories?post=7193"},{"taxonomy":"post_tag","embeddable":true,"href":"https:\/\/www.amicale-aeap.fr\/word\/wp-json\/wp\/v2\/tags?post=7193"}],"curies":[{"name":"wp","href":"https:\/\/api.w.org\/{rel}","templated":true}]}}