{"id":7179,"date":"2018-09-07T12:33:53","date_gmt":"2018-09-07T11:33:53","guid":{"rendered":"http:\/\/www.amicale-aeap.fr\/word\/?p=7179"},"modified":"2018-09-12T16:03:11","modified_gmt":"2018-09-12T15:03:11","slug":"activites-sportives-de-gasquet-gym-marche-pilate","status":"publish","type":"post","link":"https:\/\/www.amicale-aeap.fr\/word\/2018\/09\/07\/activites-sportives-de-gasquet-gym-marche-pilate\/","title":{"rendered":"MAJ : Activit\u00e9s sportives : De Gasquet, Gym, Marche, Pilate&#8230;"},"content":{"rendered":"<p>MAJ du 12 septembre 2018 : La gym du vendredi midi reprendra le vendredi 14 septembre \u00e0 12h45 dans l&rsquo;espace d\u00e9tente. Les deux premi\u00e8res s\u00e9ances sont gratuites et ouvertes \u00e0 tous, venez nombreux !<\/p>\n<p>Des questions, un renseignement ? Contactez H\u00e9l\u00e8ne T.<\/p>\n<hr \/>\n<p><strong>Message original<\/strong><\/p>\n<p>\u00c0 l&rsquo;amicale, rien de plus facile que de se maintenir en forme ! Il y en a pour tous les go\u00fbts, dans la joie et la bonne humeur. Il vous sera demand\u00e9 une participation annuelle de 40 euros pour chaque cours.<\/p>\n<p>Vous h\u00e9sitez \u00e0 pratiquer une activit\u00e9 ? Pas de paniques, <strong>les deux premi\u00e8res s\u00e9ances sont gratuites et ouvertes \u00e0 toutes et \u00e0 tous<\/strong>.<\/p>\n<p>&nbsp;<\/p>\n<h3><strong>De la gym le lundi et le vendredi midi<\/strong><\/h3>\n<p>Les amatrices de gym se retrouvent le lundi ou le vendredi midi (ou les deux). Les cours sont \u00e9galement ouverts aux hommes bien s\u00fbr ! M\u00eame si pour l&rsquo;instant, peu d&rsquo;entre eux semblent int\u00e9ress\u00e9s.<br \/>\nLes cours ont lieu dans la salle de l&rsquo;amicale, au sous-sol. Nous avons du mat\u00e9riel (tapis, steps, etc &#8230;) et deux profs motiv\u00e9es, ce serait dommage de ne pas en profiter !!<\/p>\n<p>Contacts :<\/p>\n<ul>\n<li>Lundi : 12h45-13h45 cours de gym tonique &#8211; Contact : B\u00e9atrice P.<\/li>\n<li>Vendredi : 12h45-13h45 cours de gym plus douce &#8211; Contact : H\u00e9l\u00e8ne T.<\/li>\n<\/ul>\n<h3><strong>De la marche nordique le lundi midi<br \/>\n<\/strong><\/h3>\n<p>La marche nordique (en anglais\u00a0:\u00a0nordic walking), est un sport de plein air qui consiste en une marche acc\u00e9l\u00e9r\u00e9e avec des b\u00e2tons de marche sp\u00e9cifiques. Les cours se d\u00e9roulent \u00e0 l&rsquo;ext\u00e9rieur de l&rsquo;agence mais le point de rendez-vous est dans le Hall le lundi \u00e0 12h15.<\/p>\n<p><strong>Attention : en l&rsquo;absence de nouveaux inscrits, cette activit\u00e9 ne pourra pas \u00eatre maintenue !!! Venez essayer et laissez-vous convaincre !<\/strong><\/p>\n<p>Contact : Anne D.<\/p>\n<h3><strong>Abdos De Gasquet le jeudi midi<br \/>\n<\/strong><\/h3>\n<p>Les cours de Gasquet s&rsquo;adressent aux femmes comme aux hommes souhaitant retrouver un ventre tonique sans hypoth\u00e9quer leur sant\u00e9 notamment leur dos et leur plancher pelvien. Les cours de Gasquet sont particuli\u00e8rement recommand\u00e9s non seulement aux jeunes mamans apr\u00e8s une grossesse (post natal ) mais \u00e9galement \u00e0 toutes les personnes qui souffrent du dos, du ventre ( mauvaise digestion notamment), dont les abdominaux sont le point faible ou qui ont abus\u00e9 de cours abdo\/fessiers en salles de fitness ou dans des cours de gym traditionnelle, cours qui pour la grande majorit\u00e9 d&rsquo;entre eux ne respectent pas les lois de la biom\u00e9canique.<\/p>\n<p>Pour tester, continuer, viendez (!) donc le jeudi dans la salle de l&rsquo;Amicale \u00e0 12h15.<\/p>\n<p>Contact : Martine R.<\/p>\n<h3><strong>Pilate \u00e0 Amiens le lundi midi<\/strong><\/h3>\n<p>Le Pilate a pour objectif le d\u00e9veloppement des muscles profonds, l&rsquo;am\u00e9lioration de la posture, l&rsquo;\u00e9quilibrage musculaire et l&rsquo;assouplissement articulaire, pour un entretien, une am\u00e9lioration ou une restauration des fonctions physiques.<\/p>\n<p>Il est possible d&rsquo;en faire \u00e0 Amiens, le lundi midi de 12h15 \u00e0 13h15.<\/p>\n<p>Contact : Catherine D.<\/p>\n<h3><strong>Pour r\u00e9sumer<\/strong><\/h3>\n<table>\n<tbody>\n<tr>\n<td width=\"121\"><strong>Activit\u00e9<\/strong><\/td>\n<td width=\"142\"><strong>Fr\u00e9quence<\/strong><\/td>\n<td width=\"189\"><strong>R\u00e9f\u00e9rent<\/strong><\/td>\n<td width=\"76\"><strong>Lieu<\/strong><\/td>\n<td width=\"87\"><strong>Tarif annuel<\/strong><\/td>\n<td><strong>Date de la reprise<\/strong><\/td>\n<\/tr>\n<tr>\n<td width=\"121\">Gymnastique sportive<\/td>\n<td width=\"142\">le lundi de 12h45 \u00e0 13h45<\/td>\n<td width=\"189\">B\u00e9atrice &#8211; Bureau 517<\/td>\n<td width=\"76\">Douai &#8211; salle D\u00e9tente<\/td>\n<td width=\"87\">40 \u20ac<\/td>\n<td>10 septembre<\/td>\n<\/tr>\n<tr>\n<td width=\"121\">Gymnastique douce<\/td>\n<td width=\"142\">le vendredi de 12h45 \u00e0 13h45<\/td>\n<td width=\"189\">H\u00e9l\u00e8ne T.<\/td>\n<td width=\"76\">Douai &#8211; salle D\u00e9tente<\/td>\n<td width=\"87\">40 \u20ac<\/td>\n<td>14 septembre<\/td>\n<\/tr>\n<tr>\n<td width=\"121\">Marche nordique<\/td>\n<td width=\"142\">le lundi de 12h15 \u00e0 13h45 &#8211; possibilit\u00e9 de modifier le jour si consensus entre les participants<\/td>\n<td width=\"189\">Anne D. &#8211;\u00a0 Bureau Comm<\/td>\n<td width=\"76\">Douai &#8211; rdv dans le hall<\/td>\n<td width=\"87\">40 \u20ac<\/td>\n<td>10\u00a0septembre<\/td>\n<\/tr>\n<tr>\n<td width=\"121\">Abdo autrement : m\u00e9thode De Gasquet<\/td>\n<td width=\"142\">le jeudi de 12h15 \u00e0 13h15<\/td>\n<td width=\"189\">S\u00e9verine\u00a0 &#8211; Bureau 523<\/td>\n<td width=\"76\">Douai &#8211; salle D\u00e9tente<\/td>\n<td width=\"87\">40 \u20ac<\/td>\n<td>6 septembre<\/td>\n<\/tr>\n<tr>\n<td width=\"121\">Pilate \u00e0 Amiens<\/td>\n<td width=\"142\">le lundi de 12h15 \u00e0 13h15<\/td>\n<td width=\"189\">Catherine D.<\/td>\n<td width=\"76\">Amiens<\/td>\n<td width=\"87\">40 \u20ac<\/td>\n<td>3 septembre<\/td>\n<\/tr>\n<\/tbody>\n<\/table>\n<p>&nbsp;<\/p>\n<p>Si vous avez une id\u00e9e d&rsquo;activit\u00e9, nous sommes ouverts ! Renseignez-vous, trouvez un animateur pour votre activit\u00e9, faites vos propositions !<\/p>\n<p>\u00c0 vos baskets !!<\/p>\n<p>&nbsp;<\/p>\n<hr \/>\n<p>Un probl\u00e8me pour afficher les pages du site ? Cliquez sur \u00ab\u00a0Rechargez!\u00a0\u00bb (plusieurs fois si n\u00e9cessaire) dans le bandeau, en haut de la page.<\/p>\n<p><a href=\"http:\/\/www.amicale-aeap.fr\/word\/wp-content\/uploads\/2018\/06\/recharger.png\"><img loading=\"lazy\" decoding=\"async\" class=\"aligncenter wp-image-7155 size-full\" alt=\"\" src=\"http:\/\/www.amicale-aeap.fr\/word\/wp-content\/uploads\/2018\/06\/recharger.png\" width=\"1046\" height=\"49\" srcset=\"https:\/\/www.amicale-aeap.fr\/word\/wp-content\/uploads\/2018\/06\/recharger.png 1046w, https:\/\/www.amicale-aeap.fr\/word\/wp-content\/uploads\/2018\/06\/recharger-300x14.png 300w, https:\/\/www.amicale-aeap.fr\/word\/wp-content\/uploads\/2018\/06\/recharger-768x36.png 768w, https:\/\/www.amicale-aeap.fr\/word\/wp-content\/uploads\/2018\/06\/recharger-1024x48.png 1024w\" sizes=\"auto, (max-width: 1046px) 100vw, 1046px\" \/><\/a><\/p>\n","protected":false},"excerpt":{"rendered":"<p>MAJ du 12 septembre 2018 : La gym du vendredi midi reprendra le vendredi 14 septembre \u00e0 12h45 dans l&rsquo;espace d\u00e9tente. Les deux premi\u00e8res s\u00e9ances sont gratuites et ouvertes \u00e0 tous, venez nombreux ! Des questions, un renseignement ? Contactez H\u00e9l\u00e8ne T. Message original \u00c0 l&rsquo;amicale, rien de plus facile [&hellip;]<\/p>\n","protected":false},"author":167,"featured_media":7180,"comment_status":"open","ping_status":"closed","sticky":false,"template":"","format":"standard","meta":{"footnotes":""},"categories":[46,1],"tags":[],"class_list":["post-7179","post","type-post","status-publish","format-standard","has-post-thumbnail","hentry","category-activites-sportives","category-actus"],"_links":{"self":[{"href":"https:\/\/www.amicale-aeap.fr\/word\/wp-json\/wp\/v2\/posts\/7179","targetHints":{"allow":["GET"]}}],"collection":[{"href":"https:\/\/www.amicale-aeap.fr\/word\/wp-json\/wp\/v2\/posts"}],"about":[{"href":"https:\/\/www.amicale-aeap.fr\/word\/wp-json\/wp\/v2\/types\/post"}],"author":[{"embeddable":true,"href":"https:\/\/www.amicale-aeap.fr\/word\/wp-json\/wp\/v2\/users\/167"}],"replies":[{"embeddable":true,"href":"https:\/\/www.amicale-aeap.fr\/word\/wp-json\/wp\/v2\/comments?post=7179"}],"version-history":[{"count":21,"href":"https:\/\/www.amicale-aeap.fr\/word\/wp-json\/wp\/v2\/posts\/7179\/revisions"}],"predecessor-version":[{"id":7215,"href":"https:\/\/www.amicale-aeap.fr\/word\/wp-json\/wp\/v2\/posts\/7179\/revisions\/7215"}],"wp:featuredmedia":[{"embeddable":true,"href":"https:\/\/www.amicale-aeap.fr\/word\/wp-json\/wp\/v2\/media\/7180"}],"wp:attachment":[{"href":"https:\/\/www.amicale-aeap.fr\/word\/wp-json\/wp\/v2\/media?parent=7179"}],"wp:term":[{"taxonomy":"category","embeddable":true,"href":"https:\/\/www.amicale-aeap.fr\/word\/wp-json\/wp\/v2\/categories?post=7179"},{"taxonomy":"post_tag","embeddable":true,"href":"https:\/\/www.amicale-aeap.fr\/word\/wp-json\/wp\/v2\/tags?post=7179"}],"curies":[{"name":"wp","href":"https:\/\/api.w.org\/{rel}","templated":true}]}}