{"id":7108,"date":"2018-07-10T17:10:32","date_gmt":"2018-07-10T16:10:32","guid":{"rendered":"http:\/\/www.amicale-aeap.fr\/word\/?p=7108"},"modified":"2018-07-11T07:41:28","modified_gmt":"2018-07-11T06:41:28","slug":"quand-te-reverrais-je-pays-merveilleux-reponse-en-fevrier-2019-a-la-plagne-montalbert","status":"publish","type":"post","link":"https:\/\/www.amicale-aeap.fr\/word\/2018\/07\/10\/quand-te-reverrais-je-pays-merveilleux-reponse-en-fevrier-2019-a-la-plagne-montalbert\/","title":{"rendered":"RAPPEL : Quand te reverrais-je? Pays merveilleux. &#8211; R\u00e9ponse : en f\u00e9vrier 2019 \u00e0 La Plagne-Montalbert"},"content":{"rendered":"<p>Un probl\u00e8me pour afficher les pages du site ? Cliquez sur \u00ab\u00a0Rechargez!\u00a0\u00bb (plusieurs fois si n\u00e9cessaire).<\/p>\n<p><a href=\"http:\/\/www.amicale-aeap.fr\/word\/wp-content\/uploads\/2018\/07\/recharger_2.png\"><img decoding=\"async\" src=\"http:\/\/www.amicale-aeap.fr\/word\/wp-content\/uploads\/2018\/06\/recharger.png\" alt=\"\" class=\"aligncenter wp-image-7155 size-full\" width=\"100%\" srcset=\"https:\/\/www.amicale-aeap.fr\/word\/wp-content\/uploads\/2018\/06\/recharger.png 1046w, https:\/\/www.amicale-aeap.fr\/word\/wp-content\/uploads\/2018\/06\/recharger-300x14.png 300w, https:\/\/www.amicale-aeap.fr\/word\/wp-content\/uploads\/2018\/06\/recharger-768x36.png 768w, https:\/\/www.amicale-aeap.fr\/word\/wp-content\/uploads\/2018\/06\/recharger-1024x48.png 1024w\" sizes=\"(max-width: 1046px) 100vw, 1046px\" \/><\/a><\/p>\n<p>&nbsp;<\/p>\n<p>Parlez vous norv\u00e9gien ? Oui, si vous connaissez le ski. Pourquoi ? Parce qu\u2019en norv\u00e9gien, ski se dit ski. <a href=\"https:\/\/www.youtube.com\/watch?v=1eecB0_QI6U\">\u00c9tonnant, non<\/a> ?<\/p>\n<p>Par ailleurs, si il est possible de skier (du verbe skier) sur de la pelouse ou en milieu urbain, le faire sur de la neige (non artificielle de pr\u00e9f\u00e9rence) peut relever d&rsquo;une v\u00e9ritable gageure. Mais bon, nuls doutes que les Inuits trouveraient un nouveau mot pour d\u00e9signer ce cas de figure. En effet, ces derniers ont autant de mots pour caract\u00e9riser la neige que les habitants des Hauts-de-France en ont pour caract\u00e9riser la pluie. <a href=\"https:\/\/toiledefond.net\/wp-content\/uploads\/2017\/10\/Etonnant-non-.jpg\">\u00c9tonnant non ?<\/a><\/p>\n<p><img decoding=\"async\" src=\"http:\/\/www.amicale-aeap.fr\/word\/wp-content\/uploads\/2018\/06\/59a92e51c07c4328184507.jpg\" alt=\"\" class=\"aligncenter wp-image-7113 size-full\" width=\"100%\" srcset=\"https:\/\/www.amicale-aeap.fr\/word\/wp-content\/uploads\/2018\/06\/59a92e51c07c4328184507.jpg 1000w, https:\/\/www.amicale-aeap.fr\/word\/wp-content\/uploads\/2018\/06\/59a92e51c07c4328184507-300x92.jpg 300w, https:\/\/www.amicale-aeap.fr\/word\/wp-content\/uploads\/2018\/06\/59a92e51c07c4328184507-768x235.jpg 768w\" sizes=\"(max-width: 1000px) 100vw, 1000px\" \/><\/p>\n<p>Tout cela pour vous dire que l&rsquo;Amicale du Personnel de l&rsquo;Agence de l&rsquo;Eau Artois-Picardie propose une semaine au ski, du <strong>9 au 16 f\u00e9vrier 2019<\/strong>. Vous pourrez ainsi suivre avec passion les \u00e9lections l\u00e9gislatives en Tha\u00eflande, confortablement install\u00e9 dans l&rsquo;<a href=\"http:\/\/www.amicale-aeap.fr\/word\/wp-content\/uploads\/2018\/06\/HC3-sittelles.pdf\">H\u00f4tel Club MMV Les Sittelles<\/a>.<\/p>\n<p><img decoding=\"async\" src=\"http:\/\/www.amicale-aeap.fr\/word\/wp-content\/uploads\/2018\/06\/091f4e88d1a6cac4d6198349b2008ecf_w833.jpg\" alt=\"\" class=\"aligncenter wp-image-7114 size-full\" width=\"100%\" srcset=\"https:\/\/www.amicale-aeap.fr\/word\/wp-content\/uploads\/2018\/06\/091f4e88d1a6cac4d6198349b2008ecf_w833.jpg 1000w, https:\/\/www.amicale-aeap.fr\/word\/wp-content\/uploads\/2018\/06\/091f4e88d1a6cac4d6198349b2008ecf_w833-300x70.jpg 300w, https:\/\/www.amicale-aeap.fr\/word\/wp-content\/uploads\/2018\/06\/091f4e88d1a6cac4d6198349b2008ecf_w833-768x180.jpg 768w\" sizes=\"(max-width: 1000px) 100vw, 1000px\" \/><\/p>\n<p>Les infos et tarifs du s\u00e9jour (ainsi que le bulletin d&rsquo;inscription) sont <a href=\"http:\/\/www.amicale-aeap.fr\/word\/wp-content\/uploads\/2018\/06\/S\u00e9jour-neige-2019_TarifsBI.pdf\">disponibles ici<\/a>.<\/p>\n<p>Si vous souhaitez en savoir plus sur le lieu qui aura le privil\u00e8ge de recevoir vos augustes personnes,<a href=\"http:\/\/www.amicale-aeap.fr\/word\/wp-content\/uploads\/2018\/06\/HC3-sittelles.pdf\"> cliquez l\u00e0<\/a>.<\/p>\n<p><strong>Infos et inscriptions aupr\u00e8s de Claudine Parnetzki<\/strong><\/p>\n<h3 style=\"text-align: center;\"><span style=\"color: #ff0000;\"><strong>Date limite d&rsquo;inscription : le 31 juillet 2018<\/strong><\/span><\/h3>\n<p><img decoding=\"async\" src=\"http:\/\/www.amicale-aeap.fr\/word\/wp-content\/uploads\/2018\/06\/resort_la_plagne_8.jpg\" alt=\"\" class=\"aligncenter wp-image-7115 size-full\" width=\"100%\" srcset=\"https:\/\/www.amicale-aeap.fr\/word\/wp-content\/uploads\/2018\/06\/resort_la_plagne_8.jpg 1000w, https:\/\/www.amicale-aeap.fr\/word\/wp-content\/uploads\/2018\/06\/resort_la_plagne_8-300x84.jpg 300w, https:\/\/www.amicale-aeap.fr\/word\/wp-content\/uploads\/2018\/06\/resort_la_plagne_8-768x214.jpg 768w\" sizes=\"(max-width: 1000px) 100vw, 1000px\" \/><\/p>\n","protected":false},"excerpt":{"rendered":"<p>Un probl\u00e8me pour afficher les pages du site ? Cliquez sur \u00ab\u00a0Rechargez!\u00a0\u00bb (plusieurs fois si n\u00e9cessaire). &nbsp; Parlez vous norv\u00e9gien ? Oui, si vous connaissez le ski. Pourquoi ? Parce qu\u2019en norv\u00e9gien, ski se dit ski. \u00c9tonnant, non ? Par ailleurs, si il est possible de skier (du verbe skier) [&hellip;]<\/p>\n","protected":false},"author":167,"featured_media":7111,"comment_status":"open","ping_status":"closed","sticky":false,"template":"","format":"standard","meta":{"footnotes":""},"categories":[1,4],"tags":[],"class_list":["post-7108","post","type-post","status-publish","format-standard","has-post-thumbnail","hentry","category-actus","category-sorties"],"_links":{"self":[{"href":"https:\/\/www.amicale-aeap.fr\/word\/wp-json\/wp\/v2\/posts\/7108","targetHints":{"allow":["GET"]}}],"collection":[{"href":"https:\/\/www.amicale-aeap.fr\/word\/wp-json\/wp\/v2\/posts"}],"about":[{"href":"https:\/\/www.amicale-aeap.fr\/word\/wp-json\/wp\/v2\/types\/post"}],"author":[{"embeddable":true,"href":"https:\/\/www.amicale-aeap.fr\/word\/wp-json\/wp\/v2\/users\/167"}],"replies":[{"embeddable":true,"href":"https:\/\/www.amicale-aeap.fr\/word\/wp-json\/wp\/v2\/comments?post=7108"}],"version-history":[{"count":10,"href":"https:\/\/www.amicale-aeap.fr\/word\/wp-json\/wp\/v2\/posts\/7108\/revisions"}],"predecessor-version":[{"id":7158,"href":"https:\/\/www.amicale-aeap.fr\/word\/wp-json\/wp\/v2\/posts\/7108\/revisions\/7158"}],"wp:featuredmedia":[{"embeddable":true,"href":"https:\/\/www.amicale-aeap.fr\/word\/wp-json\/wp\/v2\/media\/7111"}],"wp:attachment":[{"href":"https:\/\/www.amicale-aeap.fr\/word\/wp-json\/wp\/v2\/media?parent=7108"}],"wp:term":[{"taxonomy":"category","embeddable":true,"href":"https:\/\/www.amicale-aeap.fr\/word\/wp-json\/wp\/v2\/categories?post=7108"},{"taxonomy":"post_tag","embeddable":true,"href":"https:\/\/www.amicale-aeap.fr\/word\/wp-json\/wp\/v2\/tags?post=7108"}],"curies":[{"name":"wp","href":"https:\/\/api.w.org\/{rel}","templated":true}]}}