{"id":7027,"date":"2018-05-18T10:09:49","date_gmt":"2018-05-18T09:09:49","guid":{"rendered":"http:\/\/www.amicale-aeap.fr\/word\/?p=7027"},"modified":"2018-05-18T10:11:32","modified_gmt":"2018-05-18T09:11:32","slug":"marche-europeenne-le-samedi-9-juin-a-douai","status":"publish","type":"post","link":"https:\/\/www.amicale-aeap.fr\/word\/2018\/05\/18\/marche-europeenne-le-samedi-9-juin-a-douai\/","title":{"rendered":"Marche europ\u00e9enne le samedi 9 juin \u00e0 Douai"},"content":{"rendered":"<p>Le Joli Mois de l\u2019Europe est un dispositif national de coordination d\u2019\u00e9v\u00e9nements qui valorise chaque ann\u00e9e les initiatives organis\u00e9es par les acteurs r\u00e9gionaux sur le th\u00e8me de l\u2019Europe. Cette manifestation, organis\u00e9e depuis 2013, permet de promouvoir l\u2019Europe, sa diversit\u00e9 culturelle et l\u2019effet de ses politiques \u00e0 l\u2019\u00e9chelle des territoires.<\/p>\n<p><a href=\"http:\/\/www.amicale-aeap.fr\/word\/wp-content\/uploads\/2018\/05\/europe_marche.png\"><img loading=\"lazy\" decoding=\"async\" class=\"aligncenter wp-image-7029 size-medium\" src=\"http:\/\/www.amicale-aeap.fr\/word\/wp-content\/uploads\/2018\/05\/europe_marche-211x300.png\" alt=\"\" width=\"211\" height=\"300\" srcset=\"https:\/\/www.amicale-aeap.fr\/word\/wp-content\/uploads\/2018\/05\/europe_marche-211x300.png 211w, https:\/\/www.amicale-aeap.fr\/word\/wp-content\/uploads\/2018\/05\/europe_marche.png 668w\" sizes=\"auto, (max-width: 211px) 100vw, 211px\" \/><\/a><\/p>\n<p>La Maison de l&rsquo;Europe de Douai vous propose de d\u00e9couvrir tout au long d&rsquo;un circuit de 6 kilom\u00e8tres (1h30 environ) comment l&rsquo;Union europ\u00e9enne contribue \u00e0 la vie quotidienne des Douaisiens \u00e0 travers des divers projets, financements, aides, etc.<\/p>\n<p>D\u00e9part pr\u00e9vu \u00e0 9h30 \u00e0 la Maison de l&rsquo;Europe.<\/p>\n<p>Parking : Complexe sportif Gayant.<\/p>\n<p>Entr\u00e9e libre et gratuite.<\/p>\n<p>Plus d&rsquo;infos sur le site web <a class=\"url\" href=\"https:\/\/www.maisoneuropedouai.eu\" target=\"_blank\" rel=\"noopener\" data-frame-link=\"checked\">www.maisoneuropedouai.eu<\/a><\/p>\n","protected":false},"excerpt":{"rendered":"<p>Le Joli Mois de l\u2019Europe est un dispositif national de coordination d\u2019\u00e9v\u00e9nements qui valorise chaque ann\u00e9e les initiatives organis\u00e9es par les acteurs r\u00e9gionaux sur le th\u00e8me de l\u2019Europe. Cette manifestation, organis\u00e9e depuis 2013, permet de promouvoir l\u2019Europe, sa diversit\u00e9 culturelle et l\u2019effet de ses politiques \u00e0 l\u2019\u00e9chelle des territoires. La [&hellip;]<\/p>\n","protected":false},"author":156,"featured_media":7028,"comment_status":"open","ping_status":"closed","sticky":false,"template":"","format":"standard","meta":{"footnotes":""},"categories":[1,4],"tags":[],"class_list":["post-7027","post","type-post","status-publish","format-standard","has-post-thumbnail","hentry","category-actus","category-sorties"],"_links":{"self":[{"href":"https:\/\/www.amicale-aeap.fr\/word\/wp-json\/wp\/v2\/posts\/7027","targetHints":{"allow":["GET"]}}],"collection":[{"href":"https:\/\/www.amicale-aeap.fr\/word\/wp-json\/wp\/v2\/posts"}],"about":[{"href":"https:\/\/www.amicale-aeap.fr\/word\/wp-json\/wp\/v2\/types\/post"}],"author":[{"embeddable":true,"href":"https:\/\/www.amicale-aeap.fr\/word\/wp-json\/wp\/v2\/users\/156"}],"replies":[{"embeddable":true,"href":"https:\/\/www.amicale-aeap.fr\/word\/wp-json\/wp\/v2\/comments?post=7027"}],"version-history":[{"count":2,"href":"https:\/\/www.amicale-aeap.fr\/word\/wp-json\/wp\/v2\/posts\/7027\/revisions"}],"predecessor-version":[{"id":7031,"href":"https:\/\/www.amicale-aeap.fr\/word\/wp-json\/wp\/v2\/posts\/7027\/revisions\/7031"}],"wp:featuredmedia":[{"embeddable":true,"href":"https:\/\/www.amicale-aeap.fr\/word\/wp-json\/wp\/v2\/media\/7028"}],"wp:attachment":[{"href":"https:\/\/www.amicale-aeap.fr\/word\/wp-json\/wp\/v2\/media?parent=7027"}],"wp:term":[{"taxonomy":"category","embeddable":true,"href":"https:\/\/www.amicale-aeap.fr\/word\/wp-json\/wp\/v2\/categories?post=7027"},{"taxonomy":"post_tag","embeddable":true,"href":"https:\/\/www.amicale-aeap.fr\/word\/wp-json\/wp\/v2\/tags?post=7027"}],"curies":[{"name":"wp","href":"https:\/\/api.w.org\/{rel}","templated":true}]}}