{"id":7017,"date":"2018-05-18T09:37:36","date_gmt":"2018-05-18T08:37:36","guid":{"rendered":"http:\/\/www.amicale-aeap.fr\/word\/?p=7017"},"modified":"2018-05-23T07:58:05","modified_gmt":"2018-05-23T06:58:05","slug":"sortie-repas-spectacle-le-15-septembre-2018-feeries-nocturnes-eclats-dhistoire","status":"publish","type":"post","link":"https:\/\/www.amicale-aeap.fr\/word\/2018\/05\/18\/sortie-repas-spectacle-le-15-septembre-2018-feeries-nocturnes-eclats-dhistoire\/","title":{"rendered":"Sortie Repas-Spectacle le 15 septembre 2018 &#8211; F\u00e9eries Nocturnes \u00ab\u00a0\u00c9clats d&rsquo;Histoire\u00a0\u00bb"},"content":{"rendered":"<p>L&rsquo;amicale vous propose le 15 septembre 2018 de participer \u00e0 la repr\u00e9sentation \u00ab\u00a0\u00c9clats d\u2019Histoire\u00a0\u00bb \u00e0\u00a0 Saint Laurent Blangy.<\/p>\n<p>Il s&rsquo;agit d&rsquo;une toute nouvelle fresque, pleine de f\u00e9erie, d\u2019humour et de fantaisie gr\u00e2ce au talent de Dominique Martens, metteur en sc\u00e8ne, et aux 700 participants d\u2019Artois Culture Nature.<\/p>\n<p><img loading=\"lazy\" decoding=\"async\" class=\"aligncenter wp-image-7021 size-full\" src=\"http:\/\/www.amicale-aeap.fr\/word\/wp-content\/uploads\/2018\/05\/1.png\" alt=\"\" width=\"444\" height=\"250\" srcset=\"https:\/\/www.amicale-aeap.fr\/word\/wp-content\/uploads\/2018\/05\/1.png 444w, https:\/\/www.amicale-aeap.fr\/word\/wp-content\/uploads\/2018\/05\/1-300x169.png 300w\" sizes=\"auto, (max-width: 444px) 100vw, 444px\" \/><\/p>\n<p>De fa\u00e7on originale et avec une sc\u00e9nographie de des effets techniques de premier plan, parcourrez 2 000 ans d&rsquo;Histoire des Hauts-de-France.<\/p>\n<p>Pr\u00e9c\u00e9d\u00e9 d&rsquo;un repas chaud dans l\u2019esprit de LOUIS XIV sous chapiteau, il s&rsquo;agit l\u00e0 de passer un moment culturel et convivial.<\/p>\n<p><img loading=\"lazy\" decoding=\"async\" class=\"aligncenter wp-image-7022 size-full\" src=\"http:\/\/www.amicale-aeap.fr\/word\/wp-content\/uploads\/2018\/05\/2.png\" alt=\"\" width=\"444\" height=\"250\" srcset=\"https:\/\/www.amicale-aeap.fr\/word\/wp-content\/uploads\/2018\/05\/2.png 444w, https:\/\/www.amicale-aeap.fr\/word\/wp-content\/uploads\/2018\/05\/2-300x169.png 300w\" sizes=\"auto, (max-width: 444px) 100vw, 444px\" \/><\/p>\n<p>Les tarifs (repas + repr\u00e9sentation) sont :<\/p>\n<ul>\n<li>Pour les adultes : 15 \u20ac (36 \u20acpour les personnes ext\u00e9rieures)<\/li>\n<li>Pour les personnes de 13 \u00e0 25 ans : 12 \u20ac (32 \u20acpour les personnes ext\u00e9rieures)<\/li>\n<li>Pour les enfants jusqu&rsquo;\u00e0 12 ans : 8 \u20ac (18 \u20acpour les personnes ext\u00e9rieures)<\/li>\n<\/ul>\n<p>Pour vous inscrire, t\u00e9l\u00e9charger le <a href=\"http:\/\/www.amicale-aeap.fr\/word\/wp-content\/uploads\/2018\/05\/2018-09_15_BI_Eclat-Histoire.docx\">bulletin d&rsquo;inscription<\/a> et apporter le, avec votre r\u00e8glement, \u00e0 Marc Descatoire ou Bruno Penisson.<\/p>\n<h3 style=\"text-align: center;\"><span style=\"color: #ff0000;\">Date limite de commande : 15 juin<\/span><\/h3>\n<p>Plus d&rsquo;infos : <a href=\"https:\/\/www.feeries-nocturnes.fr\/\">https:\/\/www.feeries-nocturnes.fr\/<\/a><\/p>\n<p><img loading=\"lazy\" decoding=\"async\" class=\"aligncenter wp-image-7024 size-full\" src=\"http:\/\/www.amicale-aeap.fr\/word\/wp-content\/uploads\/2018\/05\/3.png\" alt=\"\" width=\"1127\" height=\"250\" srcset=\"https:\/\/www.amicale-aeap.fr\/word\/wp-content\/uploads\/2018\/05\/3.png 1127w, https:\/\/www.amicale-aeap.fr\/word\/wp-content\/uploads\/2018\/05\/3-300x67.png 300w, https:\/\/www.amicale-aeap.fr\/word\/wp-content\/uploads\/2018\/05\/3-768x170.png 768w, https:\/\/www.amicale-aeap.fr\/word\/wp-content\/uploads\/2018\/05\/3-1024x227.png 1024w\" sizes=\"auto, (max-width: 1127px) 100vw, 1127px\" \/><\/p>\n","protected":false},"excerpt":{"rendered":"<p>L&rsquo;amicale vous propose le 15 septembre 2018 de participer \u00e0 la repr\u00e9sentation \u00ab\u00a0\u00c9clats d\u2019Histoire\u00a0\u00bb \u00e0\u00a0 Saint Laurent Blangy. Il s&rsquo;agit d&rsquo;une toute nouvelle fresque, pleine de f\u00e9erie, d\u2019humour et de fantaisie gr\u00e2ce au talent de Dominique Martens, metteur en sc\u00e8ne, et aux 700 participants d\u2019Artois Culture Nature. De fa\u00e7on originale [&hellip;]<\/p>\n","protected":false},"author":156,"featured_media":7018,"comment_status":"open","ping_status":"closed","sticky":false,"template":"","format":"standard","meta":{"footnotes":""},"categories":[1,4],"tags":[],"class_list":["post-7017","post","type-post","status-publish","format-standard","has-post-thumbnail","hentry","category-actus","category-sorties"],"_links":{"self":[{"href":"https:\/\/www.amicale-aeap.fr\/word\/wp-json\/wp\/v2\/posts\/7017","targetHints":{"allow":["GET"]}}],"collection":[{"href":"https:\/\/www.amicale-aeap.fr\/word\/wp-json\/wp\/v2\/posts"}],"about":[{"href":"https:\/\/www.amicale-aeap.fr\/word\/wp-json\/wp\/v2\/types\/post"}],"author":[{"embeddable":true,"href":"https:\/\/www.amicale-aeap.fr\/word\/wp-json\/wp\/v2\/users\/156"}],"replies":[{"embeddable":true,"href":"https:\/\/www.amicale-aeap.fr\/word\/wp-json\/wp\/v2\/comments?post=7017"}],"version-history":[{"count":5,"href":"https:\/\/www.amicale-aeap.fr\/word\/wp-json\/wp\/v2\/posts\/7017\/revisions"}],"predecessor-version":[{"id":7033,"href":"https:\/\/www.amicale-aeap.fr\/word\/wp-json\/wp\/v2\/posts\/7017\/revisions\/7033"}],"wp:featuredmedia":[{"embeddable":true,"href":"https:\/\/www.amicale-aeap.fr\/word\/wp-json\/wp\/v2\/media\/7018"}],"wp:attachment":[{"href":"https:\/\/www.amicale-aeap.fr\/word\/wp-json\/wp\/v2\/media?parent=7017"}],"wp:term":[{"taxonomy":"category","embeddable":true,"href":"https:\/\/www.amicale-aeap.fr\/word\/wp-json\/wp\/v2\/categories?post=7017"},{"taxonomy":"post_tag","embeddable":true,"href":"https:\/\/www.amicale-aeap.fr\/word\/wp-json\/wp\/v2\/tags?post=7017"}],"curies":[{"name":"wp","href":"https:\/\/api.w.org\/{rel}","templated":true}]}}