{"id":6837,"date":"2018-01-31T07:39:03","date_gmt":"2018-01-31T06:39:03","guid":{"rendered":"http:\/\/www.amicale-aeap.fr\/word\/?p=6837"},"modified":"2018-01-31T10:05:34","modified_gmt":"2018-01-31T09:05:34","slug":"soutenez-le-festiplanete","status":"publish","type":"post","link":"https:\/\/www.amicale-aeap.fr\/word\/2018\/01\/31\/soutenez-le-festiplanete\/","title":{"rendered":"Soutenez le Festi&rsquo;Planete !"},"content":{"rendered":"<p><img loading=\"lazy\" decoding=\"async\" class=\"size-full wp-image-6841 alignleft\" src=\"http:\/\/www.amicale-aeap.fr\/word\/wp-content\/uploads\/2018\/01\/dec6a6b5.jpeg\" alt=\"\" width=\"160\" height=\"58\" \/><\/p>\n<p>&nbsp;<\/p>\n<p>Comme chaque ann\u00e9e sera organis\u00e9e au printemps (du 31 mars au 22 avril 2018) le\u00a0Festival de l&rsquo;Ecologie et du D\u00e9veloppement Durable du Douaisis : le Festi&rsquo;Plan\u00e8te. Pendant 4 semaines des conf\u00e9rences\/d\u00e9bats, des ateliers, des expositions et des sorties natures seront propos\u00e9s au grand public afin de le sensibiliser \u00e0 la n\u00e9cessit\u00e9 de prot\u00e9ger la plan\u00e8te et l&rsquo;inciter au changement de comportement en valorisant les actions des associations, des collectivit\u00e9s et des \u00e9tablissement publics du Douaisis. Ce festival se cl\u00f4tura \u00a0par\u00a0la <strong>5<sup>\u00e8me<\/sup><\/strong> <strong>semaine du film environnemental<\/strong> en partenariat avec le cin\u00e9ma Le MAJESTIC de Douai du 11 au 17 avril 2018.<\/p>\n<p>L&rsquo;association porteuse de cet \u00e9v\u00e8nement a lanc\u00e9 un financement participatif pour soutenir le festival. M\u00eame modeste votre participation est importante, alors n&rsquo;h\u00e9sitez pas \u00e0 <a href=\"https:\/\/fr.ulule.com\/festi-planete\/\">faire un don via le site Ulule<\/a>.<\/p>\n<p><a href=\"https:\/\/www.festi-planete.fr\/festival-festi-planete.php\">Pour en savoir plus sur le festival rendez-vous sur le site<\/a><\/p>\n<p>ou<\/p>\n<p><a href=\"https:\/\/www.facebook.com\/FestiPlaneteDouai\/\">sur la page Facebook<\/a><\/p>\n","protected":false},"excerpt":{"rendered":"<p>&nbsp; Comme chaque ann\u00e9e sera organis\u00e9e au printemps (du 31 mars au 22 avril 2018) le\u00a0Festival de l&rsquo;Ecologie et du D\u00e9veloppement Durable du Douaisis : le Festi&rsquo;Plan\u00e8te. Pendant 4 semaines des conf\u00e9rences\/d\u00e9bats, des ateliers, des expositions et des sorties natures seront propos\u00e9s au grand public afin de le sensibiliser \u00e0 [&hellip;]<\/p>\n","protected":false},"author":156,"featured_media":6841,"comment_status":"open","ping_status":"closed","sticky":false,"template":"","format":"standard","meta":{"footnotes":""},"categories":[1],"tags":[],"class_list":["post-6837","post","type-post","status-publish","format-standard","has-post-thumbnail","hentry","category-actus"],"_links":{"self":[{"href":"https:\/\/www.amicale-aeap.fr\/word\/wp-json\/wp\/v2\/posts\/6837","targetHints":{"allow":["GET"]}}],"collection":[{"href":"https:\/\/www.amicale-aeap.fr\/word\/wp-json\/wp\/v2\/posts"}],"about":[{"href":"https:\/\/www.amicale-aeap.fr\/word\/wp-json\/wp\/v2\/types\/post"}],"author":[{"embeddable":true,"href":"https:\/\/www.amicale-aeap.fr\/word\/wp-json\/wp\/v2\/users\/156"}],"replies":[{"embeddable":true,"href":"https:\/\/www.amicale-aeap.fr\/word\/wp-json\/wp\/v2\/comments?post=6837"}],"version-history":[{"count":6,"href":"https:\/\/www.amicale-aeap.fr\/word\/wp-json\/wp\/v2\/posts\/6837\/revisions"}],"predecessor-version":[{"id":6845,"href":"https:\/\/www.amicale-aeap.fr\/word\/wp-json\/wp\/v2\/posts\/6837\/revisions\/6845"}],"wp:featuredmedia":[{"embeddable":true,"href":"https:\/\/www.amicale-aeap.fr\/word\/wp-json\/wp\/v2\/media\/6841"}],"wp:attachment":[{"href":"https:\/\/www.amicale-aeap.fr\/word\/wp-json\/wp\/v2\/media?parent=6837"}],"wp:term":[{"taxonomy":"category","embeddable":true,"href":"https:\/\/www.amicale-aeap.fr\/word\/wp-json\/wp\/v2\/categories?post=6837"},{"taxonomy":"post_tag","embeddable":true,"href":"https:\/\/www.amicale-aeap.fr\/word\/wp-json\/wp\/v2\/tags?post=6837"}],"curies":[{"name":"wp","href":"https:\/\/api.w.org\/{rel}","templated":true}]}}