{"id":6797,"date":"2018-01-24T12:41:03","date_gmt":"2018-01-24T11:41:03","guid":{"rendered":"http:\/\/www.amicale-aeap.fr\/word\/?p=6797"},"modified":"2018-02-15T14:00:44","modified_gmt":"2018-02-15T13:00:44","slug":"ou-est-charlie","status":"publish","type":"post","link":"https:\/\/www.amicale-aeap.fr\/word\/2018\/01\/24\/ou-est-charlie\/","title":{"rendered":"Derni\u00e8re relance &#8211; Cirque : O\u00f9 est Charlie ?"},"content":{"rendered":"<p>\u00cates-vous Charlie ?<\/p>\n<p>Si vous vous posez la question (ou pas), deux solutions vous sont propos\u00e9es :<\/p>\n<ul>\n<li>Discuter avec un psy pour trouver la r\u00e9ponse dans votre subconscient;<\/li>\n<li>Profiter des tarifs tr\u00e8s avantageux propos\u00e9s par l&rsquo;Amicale pour aller au Cirque \u00e9ducatif et connaitre la r\u00e9ponse.<\/li>\n<\/ul>\n<p>En plus, outre passer un excellent moment, entour\u00e9 de gens de qualit\u00e9, cela permettra de vous apercevoir que Charlie n&rsquo;est pas Un et Unique mais Multiple et Prot\u00e9iforme.<\/p>\n<h3 style=\"text-align: center;\"><a href=\"http:\/\/www.amicale-aeap.fr\/word\/2018\/01\/24\/ou-est-charlie\/\"><strong>N&rsquo;h\u00e9sitez pas, n&rsquo;h\u00e9sitez plus, c&rsquo;est le dernier jour pour prendre vos billets !<\/strong><\/a><\/h3>\n<p><!--more--><a id=\"irc_mil\" href=\"http:\/\/www.google.fr\/url?sa=i&amp;rct=j&amp;q=&amp;esrc=s&amp;source=images&amp;cd=&amp;cad=rja&amp;uact=8&amp;ved=0ahUKEwjcz82vy9zYAhVK1hQKHXzLBSQQjRwIBw&amp;url=http%3A%2F%2Fwww.gulli.fr%2FQuoi-d-neuf%2FActu%2FOu-est-Charlie%2FFonds-d-ecran%2FOu-est-Charlie&amp;psig=AOvVaw2ByrbitNcwxSB--ISEk5ID&amp;ust=1516195675912002\" data-ved=\"0ahUKEwjcz82vy9zYAhVK1hQKHXzLBSQQjRwIBw\" data-cthref=\"http:\/\/www.google.fr\/url?sa=i&amp;rct=j&amp;q=&amp;esrc=s&amp;source=images&amp;cd=&amp;cad=rja&amp;uact=8&amp;ved=0ahUKEwjcz82vy9zYAhVK1hQKHXzLBSQQjRwIBw&amp;url=http%3A%2F%2Fwww.gulli.fr%2FQuoi-d-neuf%2FActu%2FOu-est-Charlie%2FFonds-d-ecran%2FOu-est-Charlie&amp;psig=AOvVaw2ByrbitNcwxSB--ISEk5ID&amp;ust=1516195675912002\"><img loading=\"lazy\" decoding=\"async\" id=\"irc_mi\" class=\"aligncenter\" src=\"http:\/\/cdn-gulli.ladmedia.fr\/var\/jeunesse\/storage\/images\/gulli\/encyclopedie-et-dictionnaire\/actu\/ou-est-charlie\/fonds-d-ecran\/ou-est-charlie\/21423238-1-fre-FR\/Ou-est-Charlie.jpg\" alt=\"R\u00e9sultat de recherche d'images pour &quot;charlie&quot;\" width=\"294\" height=\"220\" \/><\/a><\/p>\n<p>Comme chaque ann\u00e9e, l\u2019amicale vous propose le <strong>spectacle du Cirque Educatif<\/strong> \u00e0 un tarif tr\u00e8s avantageux !!<\/p>\n<p>Cette ann\u00e9e, un cirque pour Charlie\u2026.<!-- x-tinymce\/html --><!-- x-tinymce\/html --><a id=\"irc_mil\" href=\"http:\/\/www.google.fr\/url?sa=i&amp;rct=j&amp;q=&amp;esrc=s&amp;source=images&amp;cd=&amp;cad=rja&amp;uact=8&amp;ved=0ahUKEwiG18TGz9zYAhUFcRQKHZeGAYgQjRwIBw&amp;url=http%3A%2F%2Fwww.vectorsland.com%2Fvector%2Fcharlie-chaplin-image-free-11975.html&amp;psig=AOvVaw3dRhOrv3rIcL1BC-g4xexA&amp;ust=1516196830026368\" data-ved=\"0ahUKEwiG18TGz9zYAhUFcRQKHZeGAYgQjRwIBw\" data-cthref=\"http:\/\/www.google.fr\/url?sa=i&amp;rct=j&amp;q=&amp;esrc=s&amp;source=images&amp;cd=&amp;cad=rja&amp;uact=8&amp;ved=0ahUKEwiG18TGz9zYAhUFcRQKHZeGAYgQjRwIBw&amp;url=http%3A%2F%2Fwww.vectorsland.com%2Fvector%2Fcharlie-chaplin-image-free-11975.html&amp;psig=AOvVaw3dRhOrv3rIcL1BC-g4xexA&amp;ust=1516196830026368\"><\/a><\/p>\n<p><img loading=\"lazy\" decoding=\"async\" class=\"wp-image-6798 aligncenter\" src=\"http:\/\/www.amicale-aeap.fr\/word\/wp-content\/uploads\/2018\/01\/Charlie-212x300.png\" alt=\"\" width=\"374\" height=\"529\" srcset=\"https:\/\/www.amicale-aeap.fr\/word\/wp-content\/uploads\/2018\/01\/Charlie-212x300.png 212w, https:\/\/www.amicale-aeap.fr\/word\/wp-content\/uploads\/2018\/01\/Charlie.png 456w\" sizes=\"auto, (max-width: 374px) 100vw, 374px\" \/><img loading=\"lazy\" decoding=\"async\" id=\"irc_mi\" class=\"alignleft\" src=\"http:\/\/www.vectorsland.com\/imgd\/l48819-charlie-chaplin-image-free-11975.png\" alt=\"R\u00e9sultat de recherche d'images pour &quot;charlie&quot;\" width=\"307\" height=\"279\" \/><\/p>\n<p>&nbsp;<\/p>\n<p>&nbsp;<\/p>\n<p>Le bulletin d&rsquo;inscription, c&rsquo;est par ici &#8212;-&gt;&gt;&gt;&gt; <a href=\"http:\/\/www.amicale-aeap.fr\/word\/wp-content\/uploads\/2018\/01\/Inscription-un-cirque-pour-Charlie.docx\">Inscription un cirque pour Charlie<\/a><\/p>\n<p>Inscription aupr\u00e8s de Catherine SALDO (Bureau 517) <strong>avant le 16 f\u00e9vrier<\/strong><\/p>\n<p>&nbsp;<\/p>\n<p>&nbsp;<\/p>\n<p>&nbsp;<\/p>\n<p>&nbsp;<\/p>\n<p><a href=\"https:\/\/www.google.fr\/url?sa=i&amp;rct=j&amp;q=&amp;esrc=s&amp;source=images&amp;cd=&amp;cad=rja&amp;uact=8&amp;ved=0ahUKEwjgk8Ok0NzYAhXIRhQKHVvLCmEQjRwIBw&amp;url=https%3A%2F%2Fsternodox.wordpress.com%2F2012%2F07%2F06%2Fyoure-a-nazi-charlie-brown%2F&amp;psig=AOvVaw2Y6LuaDxWkyZFMI6WFZ0HG&amp;ust=1516197044027151\" data-ved=\"0ahUKEwjgk8Ok0NzYAhXIRhQKHVvLCmEQjRwIBw\" data-cthref=\"\/url?sa=i&amp;rct=j&amp;q=&amp;esrc=s&amp;source=images&amp;cd=&amp;cad=rja&amp;uact=8&amp;ved=0ahUKEwjgk8Ok0NzYAhXIRhQKHVvLCmEQjRwIBw&amp;url=https%3A%2F%2Fsternodox.wordpress.com%2F2012%2F07%2F06%2Fyoure-a-nazi-charlie-brown%2F&amp;psig=AOvVaw2Y6LuaDxWkyZFMI6WFZ0HG&amp;ust=1516197044027151\"><img loading=\"lazy\" decoding=\"async\" id=\"irc_mi\" class=\"alignleft\" src=\"https:\/\/sternodox.files.wordpress.com\/2012\/07\/charlie_brown.jpg?w=640\" alt=\"R\u00e9sultat de recherche d'images pour &quot;charlie brown&quot;\" width=\"180\" height=\"278\" \/><\/a><a id=\"irc_mil\" href=\"https:\/\/www.google.fr\/url?sa=i&amp;rct=j&amp;q=&amp;esrc=s&amp;source=images&amp;cd=&amp;cad=rja&amp;uact=8&amp;ved=0ahUKEwju1rPeztzYAhWBVRQKHaffBBgQjRwIBw&amp;url=https%3A%2F%2Fwww.pinterest.fr%2Fpin%2F554716879082989923%2F&amp;psig=AOvVaw0ptldxvnLQYA-D6HjIacE9&amp;ust=1516196617798887\" data-ved=\"0ahUKEwju1rPeztzYAhWBVRQKHaffBBgQjRwIBw\" data-cthref=\"\/url?sa=i&amp;rct=j&amp;q=&amp;esrc=s&amp;source=images&amp;cd=&amp;cad=rja&amp;uact=8&amp;ved=0ahUKEwju1rPeztzYAhWBVRQKHaffBBgQjRwIBw&amp;url=https%3A%2F%2Fwww.pinterest.fr%2Fpin%2F554716879082989923%2F&amp;psig=AOvVaw0ptldxvnLQYA-D6HjIacE9&amp;ust=1516196617798887\"><img loading=\"lazy\" decoding=\"async\" id=\"irc_mi\" class=\"alignright\" src=\"https:\/\/s-media-cache-ak0.pinimg.com\/originals\/2e\/34\/2b\/2e342bc8ed7b1088513e0311e508daf6.jpg\" alt=\"R\u00e9sultat de recherche d'images pour &quot;charlie hebdo cirque&quot;\" width=\"300\" height=\"214\" \/><\/a><\/p>\n<p>&nbsp;<\/p>\n<p><a id=\"irc_mil\" href=\"http:\/\/www.google.fr\/url?sa=i&amp;rct=j&amp;q=&amp;esrc=s&amp;source=images&amp;cd=&amp;cad=rja&amp;uact=8&amp;ved=0ahUKEwj24-fPy9zYAhVLvhQKHWiDAsMQjRwIBw&amp;url=http%3A%2F%2Fwww.momes.net%2FBlog%2FOu-est-Charlie-au-cinema&amp;psig=AOvVaw2ByrbitNcwxSB--ISEk5ID&amp;ust=1516195675912002\" data-ved=\"0ahUKEwj24-fPy9zYAhVLvhQKHWiDAsMQjRwIBw\" data-cthref=\"http:\/\/www.google.fr\/url?sa=i&amp;rct=j&amp;q=&amp;esrc=s&amp;source=images&amp;cd=&amp;cad=rja&amp;uact=8&amp;ved=0ahUKEwj24-fPy9zYAhVLvhQKHWiDAsMQjRwIBw&amp;url=http%3A%2F%2Fwww.momes.net%2FBlog%2FOu-est-Charlie-au-cinema&amp;psig=AOvVaw2ByrbitNcwxSB--ISEk5ID&amp;ust=1516195675912002\"><\/a><img loading=\"lazy\" decoding=\"async\" id=\"irc_mi\" class=\"aligncenter\" src=\"http:\/\/cdn1.momes.net\/var\/momes\/storage\/images\/media\/images\/images-10-2015\/ouestcharlie_cinema2\/1164017-1-fre-FR\/OuEstCharlie_cinema2.jpg\" alt=\"R\u00e9sultat de recherche d'images pour &quot;charlie&quot;\" width=\"640\" height=\"480\" \/><\/p>\n","protected":false},"excerpt":{"rendered":"<p>\u00cates-vous Charlie ? Si vous vous posez la question (ou pas), deux solutions vous sont propos\u00e9es : Discuter avec un psy pour trouver la r\u00e9ponse dans votre subconscient; Profiter des tarifs tr\u00e8s avantageux propos\u00e9s par l&rsquo;Amicale pour aller au Cirque \u00e9ducatif et connaitre la r\u00e9ponse. En plus, outre passer un [&hellip;]<\/p>\n","protected":false},"author":162,"featured_media":6798,"comment_status":"open","ping_status":"closed","sticky":false,"template":"","format":"standard","meta":{"footnotes":""},"categories":[1,4],"tags":[],"class_list":["post-6797","post","type-post","status-publish","format-standard","has-post-thumbnail","hentry","category-actus","category-sorties"],"_links":{"self":[{"href":"https:\/\/www.amicale-aeap.fr\/word\/wp-json\/wp\/v2\/posts\/6797","targetHints":{"allow":["GET"]}}],"collection":[{"href":"https:\/\/www.amicale-aeap.fr\/word\/wp-json\/wp\/v2\/posts"}],"about":[{"href":"https:\/\/www.amicale-aeap.fr\/word\/wp-json\/wp\/v2\/types\/post"}],"author":[{"embeddable":true,"href":"https:\/\/www.amicale-aeap.fr\/word\/wp-json\/wp\/v2\/users\/162"}],"replies":[{"embeddable":true,"href":"https:\/\/www.amicale-aeap.fr\/word\/wp-json\/wp\/v2\/comments?post=6797"}],"version-history":[{"count":24,"href":"https:\/\/www.amicale-aeap.fr\/word\/wp-json\/wp\/v2\/posts\/6797\/revisions"}],"predecessor-version":[{"id":7436,"href":"https:\/\/www.amicale-aeap.fr\/word\/wp-json\/wp\/v2\/posts\/6797\/revisions\/7436"}],"wp:featuredmedia":[{"embeddable":true,"href":"https:\/\/www.amicale-aeap.fr\/word\/wp-json\/wp\/v2\/media\/6798"}],"wp:attachment":[{"href":"https:\/\/www.amicale-aeap.fr\/word\/wp-json\/wp\/v2\/media?parent=6797"}],"wp:term":[{"taxonomy":"category","embeddable":true,"href":"https:\/\/www.amicale-aeap.fr\/word\/wp-json\/wp\/v2\/categories?post=6797"},{"taxonomy":"post_tag","embeddable":true,"href":"https:\/\/www.amicale-aeap.fr\/word\/wp-json\/wp\/v2\/tags?post=6797"}],"curies":[{"name":"wp","href":"https:\/\/api.w.org\/{rel}","templated":true}]}}