{"id":6728,"date":"2017-11-10T09:48:03","date_gmt":"2017-11-10T08:48:03","guid":{"rendered":"http:\/\/www.amicale-aeap.fr\/word\/?p=6728"},"modified":"2018-01-12T15:01:46","modified_gmt":"2018-01-12T14:01:46","slug":"journee-lumieres-de-paris-le-03-decembre","status":"publish","type":"post","link":"https:\/\/www.amicale-aeap.fr\/word\/2017\/11\/10\/journee-lumieres-de-paris-le-03-decembre\/","title":{"rendered":"Journ\u00e9e Lumi\u00e8res de Paris le 03 d\u00e9cembre &#8211; Derni\u00e8res places !"},"content":{"rendered":"<p>Avis \u00e0 la population : il reste<strong> deux places<\/strong> pour la journ\u00e9e\/soir\u00e9e Lumi\u00e8re \u00e0 Paris ce dimanche 3 d\u00e9cembre.<\/p>\n<p>N&rsquo;h\u00e9sitez plus, n&rsquo;h\u00e9sitez pas et contactez Anna pour plus d&rsquo;Informations.<\/p>\n<p>&nbsp;<\/p>\n<hr \/>\n<p>Bonjour \u00e0 tous,<\/p>\n<p>Pour m\u00e9moire, l&rsquo;amicale organise une journ\u00e9e \u00e0 Paris le 03 d\u00e9cembre. Il reste quelques places dans le bus si vous aviez un regret et que vous souhaitiez faire quelques visites culturelles (le premier dimanche de chaque mois, les mus\u00e9es nationaux sont gratuits), f\u00e9\u00e9riques (les lumi\u00e8res de la ville \u00e0 l&rsquo;approche des f\u00eates) ou trouver quelques perles introuvables autrement que dans des boutiques hyper sp\u00e9cialis\u00e9es qui seraient en plus ouvertes le dimanche.<\/p>\n<p><a href=\"http:\/\/www.amicale-aeap.fr\/word\/2017\/05\/10\/une-journee-musicale-et-illuminations-a-paris-debut-decembre\/\">Pour m\u00e9moire, l&rsquo;annonce initiale est l\u00e0. <\/a><\/p>\n<p>La place de bus aller-retour est \u00e0 13\u20ac pour les amicalistes.<\/p>\n<p><strong>Quelques id\u00e9es de visites culturelles :<\/strong><\/p>\n<ul>\n<li>Au Grand Palais, il y a une exposition Gaughin en ce moment qu&rsquo;il ne faut pas rater : <a href=\"http:\/\/www.grandpalais.fr\/fr\/evenement\/gauguin-lalchimiste\">http:\/\/www.grandpalais.fr\/fr\/evenement\/gauguin-lalchimiste<\/a><\/li>\n<li>Si vous pr\u00e9f\u00e9rez les froufrous et paillettes, c&rsquo;est Christian Dior qui est \u00e0 l&rsquo;honneur au <a href=\"http:\/\/www.lesartsdecoratifs.fr\/francais\/musees\/musee-des-arts-decoratifs\/actualites\/expositions-en-cours\/christian-dior-couturier-du-reve\/\">Mus\u00e9e des Arts D\u00e9coratifs.<\/a><\/li>\n<li>Mais si vous \u00eates plus branch\u00e9 combinaison moulante et collants bleus, vous pouvez aller voir le Mus\u00e9e des Arts Ludiques qui pr\u00e9sente une exposition sur <a href=\"http:\/\/www.artludique.com\/\">DC Comics, L&rsquo;aube des Super-H\u00e9ros.<\/a><\/li>\n<li>Ou alors vous replonger dans ce bon vieil univers de science-fiction des ann\u00e9es 60, qui a inspir\u00e9 r\u00e9cemment un r\u00e9alisateur fran\u00e7ais : <a href=\"http:\/\/www.cite-sciences.fr\/fr\/au-programme\/expos-temporaires\/valerian-et-laureline-en-mission-pour-la-cite\/\">Valerian et Laureline \u00e0 Cit\u00e9 des Sciences<\/a><\/li>\n<\/ul>\n<p>Il y en a pour tous les go\u00fbts ! Consultez l&rsquo;<a href=\"https:\/\/www.offi.fr\/expositions-musees\/mois-12-2017.html\">Officiel des Spectacles<\/a> pour trouver celle qui vous branche !<\/p>\n<p>&nbsp;<\/p>\n<p>Contactez Anna pour plus d&rsquo;informations.<\/p>\n","protected":false},"excerpt":{"rendered":"<p>Avis \u00e0 la population : il reste deux places pour la journ\u00e9e\/soir\u00e9e Lumi\u00e8re \u00e0 Paris ce dimanche 3 d\u00e9cembre. N&rsquo;h\u00e9sitez plus, n&rsquo;h\u00e9sitez pas et contactez Anna pour plus d&rsquo;Informations. &nbsp; Bonjour \u00e0 tous, Pour m\u00e9moire, l&rsquo;amicale organise une journ\u00e9e \u00e0 Paris le 03 d\u00e9cembre. Il reste quelques places dans le [&hellip;]<\/p>\n","protected":false},"author":1,"featured_media":6731,"comment_status":"open","ping_status":"closed","sticky":false,"template":"","format":"standard","meta":{"footnotes":""},"categories":[1,4],"tags":[],"class_list":["post-6728","post","type-post","status-publish","format-standard","has-post-thumbnail","hentry","category-actus","category-sorties"],"_links":{"self":[{"href":"https:\/\/www.amicale-aeap.fr\/word\/wp-json\/wp\/v2\/posts\/6728","targetHints":{"allow":["GET"]}}],"collection":[{"href":"https:\/\/www.amicale-aeap.fr\/word\/wp-json\/wp\/v2\/posts"}],"about":[{"href":"https:\/\/www.amicale-aeap.fr\/word\/wp-json\/wp\/v2\/types\/post"}],"author":[{"embeddable":true,"href":"https:\/\/www.amicale-aeap.fr\/word\/wp-json\/wp\/v2\/users\/1"}],"replies":[{"embeddable":true,"href":"https:\/\/www.amicale-aeap.fr\/word\/wp-json\/wp\/v2\/comments?post=6728"}],"version-history":[{"count":6,"href":"https:\/\/www.amicale-aeap.fr\/word\/wp-json\/wp\/v2\/posts\/6728\/revisions"}],"predecessor-version":[{"id":6755,"href":"https:\/\/www.amicale-aeap.fr\/word\/wp-json\/wp\/v2\/posts\/6728\/revisions\/6755"}],"wp:featuredmedia":[{"embeddable":true,"href":"https:\/\/www.amicale-aeap.fr\/word\/wp-json\/wp\/v2\/media\/6731"}],"wp:attachment":[{"href":"https:\/\/www.amicale-aeap.fr\/word\/wp-json\/wp\/v2\/media?parent=6728"}],"wp:term":[{"taxonomy":"category","embeddable":true,"href":"https:\/\/www.amicale-aeap.fr\/word\/wp-json\/wp\/v2\/categories?post=6728"},{"taxonomy":"post_tag","embeddable":true,"href":"https:\/\/www.amicale-aeap.fr\/word\/wp-json\/wp\/v2\/tags?post=6728"}],"curies":[{"name":"wp","href":"https:\/\/api.w.org\/{rel}","templated":true}]}}