{"id":6620,"date":"2017-09-28T08:56:57","date_gmt":"2017-09-28T07:56:57","guid":{"rendered":"http:\/\/www.amicale-aeap.fr\/word\/?p=6620"},"modified":"2017-10-13T12:12:20","modified_gmt":"2017-10-13T11:12:20","slug":"rappel-inscription-pour-les-pays-bas-a-velo-jusque-vendredi-2909-15h","status":"publish","type":"post","link":"https:\/\/www.amicale-aeap.fr\/word\/2017\/09\/28\/rappel-inscription-pour-les-pays-bas-a-velo-jusque-vendredi-2909-15h\/","title":{"rendered":"RAPPEL : inscription pour les Pays-Bas \u00e0 v\u00e9lo jusque vendredi 29\/09 15h"},"content":{"rendered":"<p>Pour rappel : les inscriptions pour le voyage aux Pays-Bas \u00e0 v\u00e9lo (printemps 2018) se cl\u00f4turent <strong>vendredi 29 septembre \u00e0 15h<\/strong>. Les Pays-Bas au printemps \u00e9tant une destination populaire, les h\u00f4tels ne pr\u00e9-r\u00e9servent des chambres que pour une courte p\u00e9riode !<\/p>\n<p>Si vous h\u00e9sitez encore, si vous n&rsquo;avez pas d\u00e9pos\u00e9 votre bulletin d&rsquo;inscription ou bien si vous ne pouvez pas d\u00e9poser votre bulletin d&rsquo;inscription avant vendredi, contactez Am\u00e9lie (bureau 117) au plus vite !<\/p>\n<p>Pour <a href=\"http:\/\/www.amicale-aeap.fr\/word\/2017\/09\/18\/un-voyage-a-velo-aux-pays-bas-pour-le-printemps-2018\/\">plus de d\u00e9tail sur ce voyage<\/a><\/p>\n","protected":false},"excerpt":{"rendered":"<p>Pour rappel : les inscriptions pour le voyage aux Pays-Bas \u00e0 v\u00e9lo (printemps 2018) se cl\u00f4turent vendredi 29 septembre \u00e0 15h. Les Pays-Bas au printemps \u00e9tant une destination populaire, les h\u00f4tels ne pr\u00e9-r\u00e9servent des chambres que pour une courte p\u00e9riode ! Si vous h\u00e9sitez encore, si vous n&rsquo;avez pas d\u00e9pos\u00e9 [&hellip;]<\/p>\n","protected":false},"author":171,"featured_media":6585,"comment_status":"open","ping_status":"closed","sticky":false,"template":"","format":"standard","meta":{"footnotes":""},"categories":[1],"tags":[],"class_list":["post-6620","post","type-post","status-publish","format-standard","has-post-thumbnail","hentry","category-actus"],"_links":{"self":[{"href":"https:\/\/www.amicale-aeap.fr\/word\/wp-json\/wp\/v2\/posts\/6620","targetHints":{"allow":["GET"]}}],"collection":[{"href":"https:\/\/www.amicale-aeap.fr\/word\/wp-json\/wp\/v2\/posts"}],"about":[{"href":"https:\/\/www.amicale-aeap.fr\/word\/wp-json\/wp\/v2\/types\/post"}],"author":[{"embeddable":true,"href":"https:\/\/www.amicale-aeap.fr\/word\/wp-json\/wp\/v2\/users\/171"}],"replies":[{"embeddable":true,"href":"https:\/\/www.amicale-aeap.fr\/word\/wp-json\/wp\/v2\/comments?post=6620"}],"version-history":[{"count":1,"href":"https:\/\/www.amicale-aeap.fr\/word\/wp-json\/wp\/v2\/posts\/6620\/revisions"}],"predecessor-version":[{"id":6621,"href":"https:\/\/www.amicale-aeap.fr\/word\/wp-json\/wp\/v2\/posts\/6620\/revisions\/6621"}],"wp:featuredmedia":[{"embeddable":true,"href":"https:\/\/www.amicale-aeap.fr\/word\/wp-json\/wp\/v2\/media\/6585"}],"wp:attachment":[{"href":"https:\/\/www.amicale-aeap.fr\/word\/wp-json\/wp\/v2\/media?parent=6620"}],"wp:term":[{"taxonomy":"category","embeddable":true,"href":"https:\/\/www.amicale-aeap.fr\/word\/wp-json\/wp\/v2\/categories?post=6620"},{"taxonomy":"post_tag","embeddable":true,"href":"https:\/\/www.amicale-aeap.fr\/word\/wp-json\/wp\/v2\/tags?post=6620"}],"curies":[{"name":"wp","href":"https:\/\/api.w.org\/{rel}","templated":true}]}}