{"id":6581,"date":"2017-09-18T13:23:32","date_gmt":"2017-09-18T12:23:32","guid":{"rendered":"http:\/\/www.amicale-aeap.fr\/word\/?p=6581"},"modified":"2017-10-13T12:14:11","modified_gmt":"2017-10-13T11:14:11","slug":"un-voyage-a-velo-aux-pays-bas-pour-le-printemps-2018","status":"publish","type":"post","link":"https:\/\/www.amicale-aeap.fr\/word\/2017\/09\/18\/un-voyage-a-velo-aux-pays-bas-pour-le-printemps-2018\/","title":{"rendered":"Un voyage \u00e0 v\u00e9lo aux Pays-Bas pour le printemps 2018"},"content":{"rendered":"<p><strong>L\u2019Amicale vous propose un s\u00e9jour \u00e0 v\u00e9lo de 4 jours &#8211; 6 nuits aux Pays-Bas du dimanche 29 avril 2018 au vendredi 4 mai 2018 (2<sup>\u00e8me<\/sup> semaine des vacances de printemps).\u00a0Nombre de places limit\u00e9es \u00e0 40 personnes.<\/strong><\/p>\n<p style=\"text-align: center;\"><strong>Inscriptions avant le 29 septembre 15h aupr\u00e8s d&rsquo;Am\u00e9lie Vlandas (117) : <\/strong><a href=\"http:\/\/www.amicale-aeap.fr\/word\/wp-content\/uploads\/2017\/09\/BI_v\u00e9lo_Pays_Bas_2018.pdf\"><strong>bulletin d&rsquo;inscription<\/strong><\/a><\/p>\n<p style=\"text-align: center;\"><strong>*** Etant donn\u00e9 les d\u00e9lais tr\u00e8s courts, si vous\u00a0n&rsquo;\u00eates pas s\u00fbr de pouvoir d\u00e9poser\u00a0votre bulletin d&rsquo;inscription avant le 29\/09 15h, envoyez-moi un email !!! ***<\/strong><\/p>\n<div id=\"attachment_6583\" style=\"width: 310px\" class=\"wp-caption alignleft\"><img loading=\"lazy\" decoding=\"async\" aria-describedby=\"caption-attachment-6583\" class=\"wp-image-6583 size-medium\" src=\"http:\/\/www.amicale-aeap.fr\/word\/wp-content\/uploads\/2017\/09\/carte_itin\u00e9raire-300x220.png\" alt=\"\" width=\"300\" height=\"220\" srcset=\"https:\/\/www.amicale-aeap.fr\/word\/wp-content\/uploads\/2017\/09\/carte_itin\u00e9raire-300x220.png 300w, https:\/\/www.amicale-aeap.fr\/word\/wp-content\/uploads\/2017\/09\/carte_itin\u00e9raire-768x563.png 768w, https:\/\/www.amicale-aeap.fr\/word\/wp-content\/uploads\/2017\/09\/carte_itin\u00e9raire-600x440.png 600w, https:\/\/www.amicale-aeap.fr\/word\/wp-content\/uploads\/2017\/09\/carte_itin\u00e9raire-80x60.png 80w, https:\/\/www.amicale-aeap.fr\/word\/wp-content\/uploads\/2017\/09\/carte_itin\u00e9raire.png 1017w\" sizes=\"auto, (max-width: 300px) 100vw, 300px\" \/><p id=\"caption-attachment-6583\" class=\"wp-caption-text\">Trajet indicatif, les boucles autour de Haarlem et de Noordwijk ne font pas partie de l&rsquo;itin\u00e9raire.<\/p><\/div>\n<p>Le programme\u00a0: une boucle de <a href=\"https:\/\/www.haarlemmarketing.fr\/visit-haarlem\">Haarlem\u00a0<\/a>(pr\u00e8s de la c\u00f4te) \u00e0 <a href=\"https:\/\/www.amsterdam.info\/\">Amsterdam\u00a0<\/a>en passant par <a href=\"https:\/\/www.noordwijk.info\/en\/discover-noordwijk\">Noordwijk\u00a0<\/a>(sur la c\u00f4te), d\u2019auberge de jeunesse en auberge de jeunesse.<\/p>\n<p>Les \u00e9tapes pr\u00e9vues sont courtes, afin de profiter des attractions touristique de la r\u00e9gion, p\u00e9daler \u00e0 votre rythme, regarder la mer, jouer dans le sable&#8230; Les cyclistes chevronn\u00e9s en manque de kilom\u00e8tres pourront allonger les \u00e9tapes selon leurs envies gr\u00e2ce aux informations du road book.<\/p>\n<p>&nbsp;<\/p>\n<p><strong>\u00a0<\/strong><\/p>\n<p>&nbsp;<\/p>\n<h2><span style=\"color: #000000; font-family: Cambria; font-size: x-large;\">Dimanche 29\/04\u00a0: Arriv\u00e9e \u00e0 Haarlem <\/span><\/h2>\n<p><img loading=\"lazy\" decoding=\"async\" class=\"wp-image-6586 alignleft\" src=\"http:\/\/www.amicale-aeap.fr\/word\/wp-content\/uploads\/2017\/09\/Haarlem_het_stadhuis_RM19255_foto4_2015-01-04_12_14.jpg\" alt=\"\" width=\"300\" height=\"225\" srcset=\"https:\/\/www.amicale-aeap.fr\/word\/wp-content\/uploads\/2017\/09\/Haarlem_het_stadhuis_RM19255_foto4_2015-01-04_12_14.jpg 4352w, https:\/\/www.amicale-aeap.fr\/word\/wp-content\/uploads\/2017\/09\/Haarlem_het_stadhuis_RM19255_foto4_2015-01-04_12_14-300x225.jpg 300w, https:\/\/www.amicale-aeap.fr\/word\/wp-content\/uploads\/2017\/09\/Haarlem_het_stadhuis_RM19255_foto4_2015-01-04_12_14-768x576.jpg 768w, https:\/\/www.amicale-aeap.fr\/word\/wp-content\/uploads\/2017\/09\/Haarlem_het_stadhuis_RM19255_foto4_2015-01-04_12_14-1024x768.jpg 1024w, https:\/\/www.amicale-aeap.fr\/word\/wp-content\/uploads\/2017\/09\/Haarlem_het_stadhuis_RM19255_foto4_2015-01-04_12_14-600x450.jpg 600w, https:\/\/www.amicale-aeap.fr\/word\/wp-content\/uploads\/2017\/09\/Haarlem_het_stadhuis_RM19255_foto4_2015-01-04_12_14-678x509.jpg 678w, https:\/\/www.amicale-aeap.fr\/word\/wp-content\/uploads\/2017\/09\/Haarlem_het_stadhuis_RM19255_foto4_2015-01-04_12_14-326x245.jpg 326w, https:\/\/www.amicale-aeap.fr\/word\/wp-content\/uploads\/2017\/09\/Haarlem_het_stadhuis_RM19255_foto4_2015-01-04_12_14-80x60.jpg 80w\" sizes=\"auto, (max-width: 300px) 100vw, 300px\" \/><\/p>\n<p><a href=\"https:\/\/www.stayokay.com\/nl\/hostel\/haarlem\">L&rsquo;auberge de jeunesse\u00a0<\/a>se trouve \u00e0 la p\u00e9riph\u00e9rie nord de la ville, \u00e0 c\u00f4t\u00e9 d&rsquo;un petit parc appel\u00e9 Schoterbos. Les chambres sont disponibles \u00e0 partir de 14h.<\/p>\n<p>Des id\u00e9es de visites possibles d\u00e8s l\u2019arriv\u00e9e\u00a0: le centre ville historique de Haarlem, les <a href=\"http:\/\/www.ruinevanbrederode.nl\/\">ruines du ch\u00e2teau de Brederode<\/a> (10 minutes en v\u00e9lo vers l&rsquo;ouest), le mus\u00e9e d&rsquo;arch\u00e9ologie pour les d\u00e9couvertes locales, le mus\u00e9e Teijlers pour les sciences, la visite guid\u00e9e du <a href=\"http:\/\/www.molenadriaan.nl\/fr\/\">moulin mus\u00e9e De Adriaan<\/a> \u2026<\/p>\n<p>&nbsp;<\/p>\n<p>&nbsp;<\/p>\n<h2><span style=\"font-family: Cambria;\"><span style=\"color: #000000;\"><span style=\"font-size: x-large;\">Lundi 30\/04\u00a0: 1<\/span><sup><span style=\"font-size: large;\">\u00e8re<\/span><\/sup><\/span><span style=\"color: #000000; font-size: x-large;\"> journ\u00e9e \u00e0 v\u00e9lo, de Haarlem \u00e0 Noordwijk (28 km)<\/span><\/span><\/h2>\n<p><img loading=\"lazy\" decoding=\"async\" class=\"size-medium wp-image-6585 alignleft\" src=\"http:\/\/www.amicale-aeap.fr\/word\/wp-content\/uploads\/2017\/09\/eb-7186-groot-lr-300x201.jpg\" alt=\"\" width=\"300\" height=\"201\" srcset=\"https:\/\/www.amicale-aeap.fr\/word\/wp-content\/uploads\/2017\/09\/eb-7186-groot-lr-300x201.jpg 300w, https:\/\/www.amicale-aeap.fr\/word\/wp-content\/uploads\/2017\/09\/eb-7186-groot-lr-768x514.jpg 768w, https:\/\/www.amicale-aeap.fr\/word\/wp-content\/uploads\/2017\/09\/eb-7186-groot-lr-1024x685.jpg 1024w, https:\/\/www.amicale-aeap.fr\/word\/wp-content\/uploads\/2017\/09\/eb-7186-groot-lr-600x401.jpg 600w, https:\/\/www.amicale-aeap.fr\/word\/wp-content\/uploads\/2017\/09\/eb-7186-groot-lr.jpg 1900w\" sizes=\"auto, (max-width: 300px) 100vw, 300px\" \/>Aujourd&rsquo;hui, vous pouvez vous attendre \u00e0 un joli m\u00e9lange de bois et de dunes. Ayez un pit-stop \u00e0 Zandvoort, une station baln\u00e9aire, \u00e9galement c\u00e9l\u00e8bre pour son parc de circuit o\u00f9 les voitures de course concourent. Ensuite, suivez le littoral jusqu&rsquo;\u00e0 Noordwijk o\u00f9 votre <a href=\"https:\/\/www.stayokay.com\/en\/hostel\/noordwijk\">auberge<\/a> se trouve au bord des bois et des dunes.<\/p>\n<p>&nbsp;<\/p>\n<p>&nbsp;<\/p>\n<p>&nbsp;<\/p>\n<h2><span style=\"font-family: Cambria;\"><span style=\"color: #000000;\"><span style=\"font-size: x-large;\">Mardi 01\/05 : 2<\/span><sup><span style=\"font-size: large;\">\u00e8me<\/span><\/sup><\/span><span style=\"color: #000000; font-size: x-large;\"> journ\u00e9e \u00e0 v\u00e9lo, de Noordwijk \u00e0 Amsterdam (52 km, raccourci possible en train)<\/span><\/span><\/h2>\n<p><img loading=\"lazy\" decoding=\"async\" class=\"size-medium wp-image-6584 alignleft\" src=\"http:\/\/www.amicale-aeap.fr\/word\/wp-content\/uploads\/2017\/09\/dsc1106_16x9_jh-300x169.jpg\" alt=\"\" width=\"300\" height=\"169\" srcset=\"https:\/\/www.amicale-aeap.fr\/word\/wp-content\/uploads\/2017\/09\/dsc1106_16x9_jh-300x169.jpg 300w, https:\/\/www.amicale-aeap.fr\/word\/wp-content\/uploads\/2017\/09\/dsc1106_16x9_jh.jpg 460w\" sizes=\"auto, (max-width: 300px) 100vw, 300px\" \/><\/p>\n<p>L&rsquo;itin\u00e9raire passe juste au sud de l&rsquo;a\u00e9roport de Schiphol, puis par les bois d&rsquo;Amsterdamse Bos et le long des rives de la Amstel \u00e0 Amsterdam.<\/p>\n<p>Si vous souhaitez raccourcir le trajet, vous pouvez aller \u00e0 la gare de Nieuw Vennep, puis prendre un train jusqu&rsquo;\u00e0 la gare centrale d&rsquo;Amsterdam.<\/p>\n<p>Votre auberge Stay-Okay se trouve dans un quartier calme \u00e0 l&rsquo;est de la ville. C&rsquo;est \u00e0 seulement 15 minutes en v\u00e9lo du centre d\u2019Amsterdam.<\/p>\n<h2><span style=\"color: #000000; font-family: Cambria; font-size: x-large;\">Mercredi\u00a002\/05\u00a0: Journ\u00e9e libre \u00e0 Amsterdam<\/span><\/h2>\n<p><img loading=\"lazy\" decoding=\"async\" class=\"alignleft size-medium wp-image-6589\" src=\"http:\/\/www.amicale-aeap.fr\/word\/wp-content\/uploads\/2017\/09\/Amsterdam_-_the_Canal_Ring_8652262148-300x199.jpg\" alt=\"\" width=\"300\" height=\"199\" srcset=\"https:\/\/www.amicale-aeap.fr\/word\/wp-content\/uploads\/2017\/09\/Amsterdam_-_the_Canal_Ring_8652262148-300x199.jpg 300w, https:\/\/www.amicale-aeap.fr\/word\/wp-content\/uploads\/2017\/09\/Amsterdam_-_the_Canal_Ring_8652262148-768x510.jpg 768w, https:\/\/www.amicale-aeap.fr\/word\/wp-content\/uploads\/2017\/09\/Amsterdam_-_the_Canal_Ring_8652262148-1024x679.jpg 1024w, https:\/\/www.amicale-aeap.fr\/word\/wp-content\/uploads\/2017\/09\/Amsterdam_-_the_Canal_Ring_8652262148-600x398.jpg 600w\" sizes=\"auto, (max-width: 300px) 100vw, 300px\" \/>D\u00e9couvrez ou red\u00e9couvrez cette ville magnifique et ses canaux, ses mus\u00e9es\u2026 ou reposez-vous tranquillement\u00a0!<\/p>\n<p>&nbsp;<\/p>\n<p>&nbsp;<\/p>\n<p>&nbsp;<\/p>\n<p>&nbsp;<\/p>\n<h2><span style=\"font-family: Cambria;\"><span style=\"color: #000000;\"><span style=\"font-size: x-large;\">Jeudi\u00a003\/05\u00a0: 3<\/span><sup><span style=\"font-size: large;\">\u00e8me<\/span><\/sup><\/span><span style=\"color: #000000; font-size: x-large;\"> et derni\u00e8re journ\u00e9e \u00e0 v\u00e9lo, d\u2019Amsterdam \u00e0 Haarlem (27 km)<\/span><\/span><\/h2>\n<p><img loading=\"lazy\" decoding=\"async\" class=\"alignleft size-medium wp-image-6587\" src=\"http:\/\/www.amicale-aeap.fr\/word\/wp-content\/uploads\/2017\/09\/Spaarndam-IJ-300x112.jpg\" alt=\"\" width=\"300\" height=\"112\" srcset=\"https:\/\/www.amicale-aeap.fr\/word\/wp-content\/uploads\/2017\/09\/Spaarndam-IJ-300x112.jpg 300w, https:\/\/www.amicale-aeap.fr\/word\/wp-content\/uploads\/2017\/09\/Spaarndam-IJ.jpg 600w\" sizes=\"auto, (max-width: 300px) 100vw, 300px\" \/>Quittez la ville et plongez dans une campagne paisible. Le village pittoresque de Spaarndam a \u00e9t\u00e9 construit autour d&rsquo;un barrage \u00e0 travers la rivi\u00e8re Spaarne. Les maisons les plus anciennes sont perch\u00e9es au sommet du barrage. Kolksluis lock est cens\u00e9 \u00eatre l\u2019\u00e9cluse la plus ancienne en Europe (1280). Vous pouvez aussi \u00eatre int\u00e9ress\u00e9 par le monument au \u00abPetit h\u00e9ros de Haarlem\u00bb, un gar\u00e7on qui aurait bouch\u00e9 un trou dans la digue avec son poing et a sauv\u00e9 la ville des inondations.<\/p>\n<p>&nbsp;<\/p>\n<h2>Vendredi 04\/05 : D\u00e9part de Haarlem<\/h2>\n<p>Toutes les bonnes choses ont une fin\u00a0! Apr\u00e8s le petit-d\u00e9jeuner, il est temps de faire les bagages et de prendre le trajet du retour.<\/p>\n<p>&nbsp;<\/p>\n<h2>Ce que le voyage inclut\u00a0:<\/h2>\n<ul>\n<li>le logement en auberges de jeunesse en chambres familiales, les draps sont inclus (\u00e0 chacun de faire son lit)<\/li>\n<li>la pension compl\u00e8te (petit-d\u00e9jeuner, pique-nique \u00e0 emporter, d\u00eener \u00e0 l&rsquo;auberge)<\/li>\n<li>le transport des bagages d\u2019\u00e9tape en \u00e9tape par une camionnette<\/li>\n<li>un guide de voyage (road book) d\u00e9crivant l\u2019itin\u00e9raire et les attractions touristiques<\/li>\n<li>le pass \u00ab\u00a0D\u00e9pannage \u00bb en cas de probl\u00e8me avec votre v\u00e9lo<\/li>\n<\/ul>\n<h2>Ce que le voyage n\u2019inclut pas\u00a0:<\/h2>\n<ul>\n<li>le trajet aller-retour Douai-Haarlem<\/li>\n<li>la location de v\u00e9lo (vous pouvez apporter votre propre v\u00e9lo ou en louer un sur place)<\/li>\n<li>les entr\u00e9es dans les mus\u00e9es et autres attractions touristiques<\/li>\n<li>le parking \u00e0 Haarlem (places disponibles \u00e0 l\u2019auberge de jeunesse, mais en nombre limit\u00e9 et non surveill\u00e9)<\/li>\n<li>le train de Nieuw Vennep \u00e0 Amsterdam pour ceux qui le souhaitent<\/li>\n<li>les serviettes de toilette<\/li>\n<\/ul>\n<p>&nbsp;<\/p>\n<p style=\"text-align: center;\"><strong>Il n&rsquo;y a plus qu&rsquo;\u00e0 pr\u00e9parer vos v\u00e9los !!!<\/strong><\/p>\n<p style=\"text-align: center;\"><strong>Inscriptions avant le 29 septembre 15h aupr\u00e8s d&rsquo;Am\u00e9lie Vlandas (117) : <\/strong><a href=\"http:\/\/www.amicale-aeap.fr\/word\/wp-content\/uploads\/2017\/09\/BI_v\u00e9lo_Pays_Bas_2018.pdf\"><strong>bulletin d&rsquo;inscription<\/strong><\/a><\/p>\n<p style=\"text-align: center;\"><strong>*** Etant donn\u00e9 les d\u00e9lais tr\u00e8s courts, si vous\u00a0n&rsquo;\u00eates pas s\u00fbr de pouvoir d\u00e9poser\u00a0votre bulletin d&rsquo;inscription avant le 29\/09 15h, envoyez-moi un email !!! ***<\/strong><\/p>\n<p><span style=\"border-radius: 2px; text-indent: 20px; width: auto; padding: 0px 4px 0px 0px; text-align: center; font: bold 11px\/20px 'Helvetica Neue',Helvetica,sans-serif; color: #ffffff; background: #bd081c  no-repeat scroll 3px 50% \/ 14px 14px; position: absolute; opacity: 1; z-index: 8675309; display: none; cursor: pointer;\">Enregistrer<\/span><\/p>\n","protected":false},"excerpt":{"rendered":"<p>L\u2019Amicale vous propose un s\u00e9jour \u00e0 v\u00e9lo de 4 jours &#8211; 6 nuits aux Pays-Bas du dimanche 29 avril 2018 au vendredi 4 mai 2018 (2\u00e8me semaine des vacances de printemps).\u00a0Nombre de places limit\u00e9es \u00e0 40 personnes. Inscriptions avant le 29 septembre 15h aupr\u00e8s d&rsquo;Am\u00e9lie Vlandas (117) : bulletin d&rsquo;inscription [&hellip;]<\/p>\n","protected":false},"author":171,"featured_media":6583,"comment_status":"open","ping_status":"closed","sticky":false,"template":"","format":"standard","meta":{"footnotes":""},"categories":[1],"tags":[],"class_list":["post-6581","post","type-post","status-publish","format-standard","has-post-thumbnail","hentry","category-actus"],"_links":{"self":[{"href":"https:\/\/www.amicale-aeap.fr\/word\/wp-json\/wp\/v2\/posts\/6581","targetHints":{"allow":["GET"]}}],"collection":[{"href":"https:\/\/www.amicale-aeap.fr\/word\/wp-json\/wp\/v2\/posts"}],"about":[{"href":"https:\/\/www.amicale-aeap.fr\/word\/wp-json\/wp\/v2\/types\/post"}],"author":[{"embeddable":true,"href":"https:\/\/www.amicale-aeap.fr\/word\/wp-json\/wp\/v2\/users\/171"}],"replies":[{"embeddable":true,"href":"https:\/\/www.amicale-aeap.fr\/word\/wp-json\/wp\/v2\/comments?post=6581"}],"version-history":[{"count":12,"href":"https:\/\/www.amicale-aeap.fr\/word\/wp-json\/wp\/v2\/posts\/6581\/revisions"}],"predecessor-version":[{"id":6653,"href":"https:\/\/www.amicale-aeap.fr\/word\/wp-json\/wp\/v2\/posts\/6581\/revisions\/6653"}],"wp:featuredmedia":[{"embeddable":true,"href":"https:\/\/www.amicale-aeap.fr\/word\/wp-json\/wp\/v2\/media\/6583"}],"wp:attachment":[{"href":"https:\/\/www.amicale-aeap.fr\/word\/wp-json\/wp\/v2\/media?parent=6581"}],"wp:term":[{"taxonomy":"category","embeddable":true,"href":"https:\/\/www.amicale-aeap.fr\/word\/wp-json\/wp\/v2\/categories?post=6581"},{"taxonomy":"post_tag","embeddable":true,"href":"https:\/\/www.amicale-aeap.fr\/word\/wp-json\/wp\/v2\/tags?post=6581"}],"curies":[{"name":"wp","href":"https:\/\/api.w.org\/{rel}","templated":true}]}}