{"id":6565,"date":"2017-09-10T16:35:52","date_gmt":"2017-09-10T15:35:52","guid":{"rendered":"http:\/\/www.amicale-aeap.fr\/word\/?p=6565"},"modified":"2017-10-26T08:23:20","modified_gmt":"2017-10-26T07:23:20","slug":"sortie-au-k-le-kabaret-music-hall-de-reims-le-19-novembre-2017","status":"publish","type":"post","link":"https:\/\/www.amicale-aeap.fr\/word\/2017\/09\/10\/sortie-au-k-le-kabaret-music-hall-de-reims-le-19-novembre-2017\/","title":{"rendered":"ANNULATION : Sortie au K Le Kabaret Music-Hall de Reims le 19 novembre 2017"},"content":{"rendered":"<p>Du fait d&rsquo;un <span style=\"color: #ff0000;\"><strong>nombre insuffisant de participants<\/strong><\/span> l&rsquo;Amicale est dans l&rsquo;obligation d&rsquo;<span style=\"color: #ff0000;\"><strong>annuler cette sortie <\/strong><\/span>pr\u00e9vue \u00e0 Reims le 19 novembre 2017.<\/p>\n<p>Pour ceux qui auraient d\u00e9j\u00e0 r\u00e9gl\u00e9 la note, il est possible de se rapprocher de Marc pour r\u00e9cup\u00e9rer les ch\u00e8ques; en l&rsquo;absence de r\u00e9ponse, ces derniers seront d\u00e9truits sans autre forme de proc\u00e8s.<\/p>\n<hr \/>\n<p>Pour rappel, il ne reste que quelques jours pour vous inscrire \u00e0 cette double sortie \u00e0 Reims.<\/p>\n<p>M&rsquo;envoyer un simple mail suffit dans un premier temps \ud83d\ude09<\/p>\n<p>(et il n&rsquo;est m\u00eame pas n\u00e9cessaire d&rsquo;\u00eatre trop endimanch\u00e9 m\u00eame si la veste doit \u00eatre pr\u00e9f\u00e9r\u00e9e aux cestes !)<\/p>\n<hr \/>\n<p>Bonjour \u00e0 toutes et \u00e0 tous,<\/p>\n<p>Je vous propose <strong>le dimanche 19 novembre 2017<\/strong> une journ\u00e9e de d\u00e9tente et de spectacle avant la p\u00e9riode des f\u00eates de fin d\u2019ann\u00e9e.<\/p>\n<p>Pour commencer cette journ\u00e9e une visite d\u2019une cave prestigieuse de champagne \u00e0 Reims est pr\u00e9vue suivie d\u2019une d\u00e9gustation.<\/p>\n<p>Puis nous prenons ensuite le car vers Tinqueux. Direction\u00a0 <a href=\"https:\/\/www.kabaret-reims.fr\/\">le \u00ab\u00a0K\u00a0\u00bb du Kabaret Music-Hall<\/a> de Tinqueux \u00a0o\u00f9 un superbe d\u00eener spectacle nous attend.<\/p>\n<p>Apr\u00e8s un passage au vestiaire (gratuit), une animation musicale sera produite pendant toute la dur\u00e9e du repas avec vin et champagne (<a href=\"http:\/\/www.amicale-aeap.fr\/word\/wp-content\/uploads\/2017\/09\/Programme-Kabaret-Champagne-Musical-de-Reims_1.pdf\">voir le menu<\/a>). Apr\u00e8s le repas, un spectacle d&rsquo;une dur\u00e9e de 2H15 avec 15 danseurs et danseuses sera pr\u00e9sent\u00e9 par la revue \u00ab\u00a0F\u00e9eriK \u00e0 la folie\u00a0\u00bb .<\/p>\n<p>Avec ce superbe spectacle, emplit de moments magiques et \u00e9merveill\u00e9s, c\u2019est une journ\u00e9e p\u00e9tillante et pleine de r\u00eaves, de la musique, de la danse, des costumes en couleurs\u2026\u2026\u2026\u2026. C\u2019est merveilleux.<\/p>\n<p>Alors, n\u2019h\u00e9sitez plus, t\u00e9l\u00e9chargez et remplissez <a href=\"http:\/\/www.amicale-aeap.fr\/word\/wp-content\/uploads\/2017\/09\/Inscription_au-K-du-Kabaret-%C3%A0-Reims.pdf\">le bulletin d&rsquo;inscription<\/a> avant le 16 octobre et ramenez le moi (bureau 525) !<\/p>\n<p>Pour voir le programme, <a href=\"http:\/\/www.amicale-aeap.fr\/word\/wp-content\/uploads\/2017\/09\/Programme-Kabaret-Champagne-Musical-de-Reims_1.pdf\">cliquez ici<\/a>.<\/p>\n<p>Marc<\/p>\n","protected":false},"excerpt":{"rendered":"<p>Du fait d&rsquo;un nombre insuffisant de participants l&rsquo;Amicale est dans l&rsquo;obligation d&rsquo;annuler cette sortie pr\u00e9vue \u00e0 Reims le 19 novembre 2017. Pour ceux qui auraient d\u00e9j\u00e0 r\u00e9gl\u00e9 la note, il est possible de se rapprocher de Marc pour r\u00e9cup\u00e9rer les ch\u00e8ques; en l&rsquo;absence de r\u00e9ponse, ces derniers seront d\u00e9truits sans [&hellip;]<\/p>\n","protected":false},"author":156,"featured_media":6567,"comment_status":"open","ping_status":"closed","sticky":false,"template":"","format":"standard","meta":{"footnotes":""},"categories":[1,4],"tags":[],"class_list":["post-6565","post","type-post","status-publish","format-standard","has-post-thumbnail","hentry","category-actus","category-sorties"],"_links":{"self":[{"href":"https:\/\/www.amicale-aeap.fr\/word\/wp-json\/wp\/v2\/posts\/6565","targetHints":{"allow":["GET"]}}],"collection":[{"href":"https:\/\/www.amicale-aeap.fr\/word\/wp-json\/wp\/v2\/posts"}],"about":[{"href":"https:\/\/www.amicale-aeap.fr\/word\/wp-json\/wp\/v2\/types\/post"}],"author":[{"embeddable":true,"href":"https:\/\/www.amicale-aeap.fr\/word\/wp-json\/wp\/v2\/users\/156"}],"replies":[{"embeddable":true,"href":"https:\/\/www.amicale-aeap.fr\/word\/wp-json\/wp\/v2\/comments?post=6565"}],"version-history":[{"count":14,"href":"https:\/\/www.amicale-aeap.fr\/word\/wp-json\/wp\/v2\/posts\/6565\/revisions"}],"predecessor-version":[{"id":6716,"href":"https:\/\/www.amicale-aeap.fr\/word\/wp-json\/wp\/v2\/posts\/6565\/revisions\/6716"}],"wp:featuredmedia":[{"embeddable":true,"href":"https:\/\/www.amicale-aeap.fr\/word\/wp-json\/wp\/v2\/media\/6567"}],"wp:attachment":[{"href":"https:\/\/www.amicale-aeap.fr\/word\/wp-json\/wp\/v2\/media?parent=6565"}],"wp:term":[{"taxonomy":"category","embeddable":true,"href":"https:\/\/www.amicale-aeap.fr\/word\/wp-json\/wp\/v2\/categories?post=6565"},{"taxonomy":"post_tag","embeddable":true,"href":"https:\/\/www.amicale-aeap.fr\/word\/wp-json\/wp\/v2\/tags?post=6565"}],"curies":[{"name":"wp","href":"https:\/\/api.w.org\/{rel}","templated":true}]}}