{"id":6560,"date":"2017-09-08T13:26:12","date_gmt":"2017-09-08T12:26:12","guid":{"rendered":"http:\/\/www.amicale-aeap.fr\/word\/?p=6560"},"modified":"2017-10-13T12:26:56","modified_gmt":"2017-10-13T11:26:56","slug":"rentree-sportive-saison-20172018","status":"publish","type":"post","link":"https:\/\/www.amicale-aeap.fr\/word\/2017\/09\/08\/rentree-sportive-saison-20172018\/","title":{"rendered":"Rentr\u00e9e sportive &#8211; saison 2017\/2018"},"content":{"rendered":"<p>Bonjour \u00e0 tous,<\/p>\n<p>Bon retour \u00e0 ceux qui reviennent de vacances, et bonnes vacances aux septembriens !\u00a0 C&rsquo;est aussi la rentr\u00e9e pour l&rsquo;amicale, avec vos activit\u00e9s r\u00e9guli\u00e8res pr\u00e9f\u00e9r\u00e9es &#8230; Nous vous rappelons les horaires et lieux dans le tableau ci-dessous.<\/p>\n<p>Vous avez la possibilit\u00e9 d&rsquo;essayer une activit\u00e9 pendant une ou deux s\u00e9ances avant de vous inscrire d\u00e9finitivement et ce \u00e0 partir du lundi 11 septembre.<\/p>\n<table style=\"height: 468px;\" width=\"743\">\n<tbody>\n<tr>\n<td width=\"121\"><strong>Activit\u00e9<\/strong><\/td>\n<td width=\"142\"><strong>Fr\u00e9quence<\/strong><\/td>\n<td width=\"189\"><strong>R\u00e9f\u00e9rent<\/strong><\/td>\n<td width=\"76\"><strong>Lieu<\/strong><\/td>\n<td width=\"87\"><strong>Tarif annuel<\/strong><\/td>\n<\/tr>\n<tr>\n<td width=\"121\">Gymnastique sportive<\/td>\n<td width=\"142\">le lundi de 12h45 \u00e0 13h45<\/td>\n<td width=\"189\">B\u00e9atrice bureau 517<\/td>\n<td width=\"76\">Douai &#8211; salle D\u00e9tente<\/td>\n<td width=\"87\">40 \u20ac<\/td>\n<\/tr>\n<tr>\n<td width=\"121\">Gymnastique douce<\/td>\n<td width=\"142\">le vendredi de 12h45 \u00e0 13h45<\/td>\n<td width=\"189\">Krystina bureau 502 ou Nadine bureau 203<\/td>\n<td width=\"76\">Douai &#8211; salle D\u00e9tente<\/td>\n<td width=\"87\">40 \u20ac<\/td>\n<\/tr>\n<tr>\n<td width=\"121\">Marche nordique<\/td>\n<td width=\"142\">le lundi de 12h15 \u00e0 13h45 &#8211; possibilit\u00e9 de modifier le jour si consensus entre les participants<\/td>\n<td width=\"189\">Anne D. bureau Doc<\/td>\n<td width=\"76\">Douai &#8211; rdv dans le hall<\/td>\n<td width=\"87\">40 \u20ac<\/td>\n<\/tr>\n<tr>\n<td width=\"121\">Pilate<\/td>\n<td width=\"142\">le mardi de 11h45 \u00e0 12h45 et 12h45 \u00e0 13h45<\/td>\n<td width=\"189\">S\u00e9verine bureau 523<\/td>\n<td width=\"76\">Douai &#8211; salle D\u00e9tente<\/td>\n<td width=\"87\">40 \u20ac<\/td>\n<\/tr>\n<tr>\n<td width=\"121\">Pilate \u00e0 Amiens<\/td>\n<td width=\"142\">le mardi de 12h00 \u00e0 13h00<\/td>\n<td width=\"189\">Catherine D<\/td>\n<td width=\"76\">Amiens<\/td>\n<td width=\"87\">40 \u20ac<\/td>\n<\/tr>\n<\/tbody>\n<\/table>\n<p style=\"text-align: center;\"><strong>Attention, dans l&rsquo;hypoth\u00e8se o\u00f9 la fr\u00e9quentation d&rsquo;une activit\u00e9 se trouverait trop faible plusieurs semaines d&rsquo;affil\u00e9es, l&rsquo;amicale se r\u00e9serve le droit de la supprimer. Soyez assidus !<br \/>\n<\/strong><\/p>\n<p>Si vous avez une id\u00e9e d&rsquo;activit\u00e9, nous sommes ouverts ! La salle est libre le jeudi midi. Renseignez-vous, trouvez un animateur pour votre activit\u00e9, faites vos propositions !<\/p>\n<p>Bon sport !<\/p>\n","protected":false},"excerpt":{"rendered":"<p>Bonjour \u00e0 tous, Bon retour \u00e0 ceux qui reviennent de vacances, et bonnes vacances aux septembriens !\u00a0 C&rsquo;est aussi la rentr\u00e9e pour l&rsquo;amicale, avec vos activit\u00e9s r\u00e9guli\u00e8res pr\u00e9f\u00e9r\u00e9es &#8230; Nous vous rappelons les horaires et lieux dans le tableau ci-dessous. Vous avez la possibilit\u00e9 d&rsquo;essayer une activit\u00e9 pendant une ou [&hellip;]<\/p>\n","protected":false},"author":156,"featured_media":6409,"comment_status":"open","ping_status":"closed","sticky":false,"template":"","format":"standard","meta":{"footnotes":""},"categories":[46,1],"tags":[],"class_list":["post-6560","post","type-post","status-publish","format-standard","has-post-thumbnail","hentry","category-activites-sportives","category-actus"],"_links":{"self":[{"href":"https:\/\/www.amicale-aeap.fr\/word\/wp-json\/wp\/v2\/posts\/6560","targetHints":{"allow":["GET"]}}],"collection":[{"href":"https:\/\/www.amicale-aeap.fr\/word\/wp-json\/wp\/v2\/posts"}],"about":[{"href":"https:\/\/www.amicale-aeap.fr\/word\/wp-json\/wp\/v2\/types\/post"}],"author":[{"embeddable":true,"href":"https:\/\/www.amicale-aeap.fr\/word\/wp-json\/wp\/v2\/users\/156"}],"replies":[{"embeddable":true,"href":"https:\/\/www.amicale-aeap.fr\/word\/wp-json\/wp\/v2\/comments?post=6560"}],"version-history":[{"count":5,"href":"https:\/\/www.amicale-aeap.fr\/word\/wp-json\/wp\/v2\/posts\/6560\/revisions"}],"predecessor-version":[{"id":6576,"href":"https:\/\/www.amicale-aeap.fr\/word\/wp-json\/wp\/v2\/posts\/6560\/revisions\/6576"}],"wp:featuredmedia":[{"embeddable":true,"href":"https:\/\/www.amicale-aeap.fr\/word\/wp-json\/wp\/v2\/media\/6409"}],"wp:attachment":[{"href":"https:\/\/www.amicale-aeap.fr\/word\/wp-json\/wp\/v2\/media?parent=6560"}],"wp:term":[{"taxonomy":"category","embeddable":true,"href":"https:\/\/www.amicale-aeap.fr\/word\/wp-json\/wp\/v2\/categories?post=6560"},{"taxonomy":"post_tag","embeddable":true,"href":"https:\/\/www.amicale-aeap.fr\/word\/wp-json\/wp\/v2\/tags?post=6560"}],"curies":[{"name":"wp","href":"https:\/\/api.w.org\/{rel}","templated":true}]}}