{"id":6543,"date":"2017-09-01T15:33:35","date_gmt":"2017-09-01T14:33:35","guid":{"rendered":"http:\/\/www.amicale-aeap.fr\/word\/?p=6543"},"modified":"2017-09-01T16:40:01","modified_gmt":"2017-09-01T15:40:01","slug":"commande-de-billets-pour-la-foire-de-gayant-por-cuba-libre","status":"publish","type":"post","link":"https:\/\/www.amicale-aeap.fr\/word\/2017\/09\/01\/commande-de-billets-pour-la-foire-de-gayant-por-cuba-libre\/","title":{"rendered":"Commande de billets pour la foire de Gayant &#8211; \u00ab Por Cuba Libre ! \u00bb"},"content":{"rendered":"<p>Oyez oyez braves gens,<\/p>\n<p>\u00e9coutez donc la complainte d&rsquo;un pauvre barman cubain.<\/p>\n<p>Il \u00e9tait une fois, \u00e0 l&rsquo;aube du XX\u00e8me si\u00e8cle, un barman cubain \u00e0 qui un soldat am\u00e9ricain, au sortir de la guerre d&rsquo;ind\u00e9pendance cubaine demande un Cola bien frais. Le barman, mal comprenant la commande du fait notamment de la barri\u00e8re de la langue et du <em>southern US accent <\/em>de son client, cr\u00fbt que ce dernier demandait un Cola bien <strong>F<\/strong>ait. C&rsquo;est \u00e0 dire, un peu charg\u00e9 en alcool.<\/p>\n<p>Prenant ce qu&rsquo;il avait sous la main, \u00e0 savoir un d\u00e9licieux rhum cubain, il en versa une quantit\u00e9 g\u00e9n\u00e9reuse dans un verre et compl\u00e9ta le tout de Cola et d&rsquo;un peu de citron vert, puis le servit \u00e0 son client.<\/p>\n<p>Apr\u00e8s quelques gorg\u00e9es, l&rsquo;am\u00e9ricain, tenant l&rsquo;alcool comme Donald Trump sa langue, se mit \u00e0 vocif\u00e9rer nombre de propos incoh\u00e9rents:<\/p>\n<blockquote><p>Il faut interdire la vente d&rsquo;armes !<\/p>\n<p>D\u00e9mantelons la United Fruit Company !<\/p>\n<p>Le socialisme est l&rsquo;avenir de l&rsquo;Am\u00e9rique !<\/p>\n<p>Por Cuba Libre !<\/p><\/blockquote>\n<p>(Pr\u00e9cisons pour cette derni\u00e8re tirade qu&rsquo;il s&rsquo;agissait des seuls mots d&rsquo;espagnol que sa femme de m\u00e9nage cubaine avait r\u00e9ussi \u00e0 lui faire apprendre, m\u00eame si il n&rsquo;en comprenait pas la signification)<\/p>\n<p>Devant le ramdam occasionn\u00e9, la police militaire am\u00e9ricaine intervint, arr\u00eata l&rsquo;agitateur et fit fermer le rade, contraignant le barman \u00e0 l&rsquo;exil, au Chili.<\/p>\n<p>L&rsquo;histoire retiendra la recette du cocktail et son nom, mais pas l&rsquo;identit\u00e9 de son cr\u00e9ateur.<\/p>\n<p><img loading=\"lazy\" decoding=\"async\" class=\"aligncenter wp-image-6550 size-full\" src=\"http:\/\/www.amicale-aeap.fr\/word\/wp-content\/uploads\/2017\/09\/fc-rc-step0-bg.jpg\" alt=\"\" width=\"1000\" height=\"200\" srcset=\"https:\/\/www.amicale-aeap.fr\/word\/wp-content\/uploads\/2017\/09\/fc-rc-step0-bg.jpg 1000w, https:\/\/www.amicale-aeap.fr\/word\/wp-content\/uploads\/2017\/09\/fc-rc-step0-bg-300x60.jpg 300w, https:\/\/www.amicale-aeap.fr\/word\/wp-content\/uploads\/2017\/09\/fc-rc-step0-bg-768x154.jpg 768w, https:\/\/www.amicale-aeap.fr\/word\/wp-content\/uploads\/2017\/09\/fc-rc-step0-bg-600x120.jpg 600w\" sizes=\"auto, (max-width: 1000px) 100vw, 1000px\" \/><\/p>\n<p>Sinon, \u00e0 partir du <strong>lundi 4 septembre<\/strong>, vous avez la possibilit\u00e9 de venir chercher aupr\u00e8s de Catherine S., bureau 517, des <strong>entr\u00e9es<\/strong> pour la<strong> Foire de Gayant<\/strong> au tarif unitaire <strong>1 \u20ac.<\/strong><\/p>\n<p><strong>Merci de faire l&rsquo;appoint.<\/strong><\/p>\n<p style=\"text-align: center;\"><strong>Attention, il n&rsquo;y a que 60 billets \u00e0 acqu\u00e9rir.<\/strong><\/p>\n<p style=\"text-align: left;\">Pour plus d&rsquo;infos : <a href=\"http:\/\/www.gayantexpoconcerts.com\/evenements\/72eme-foire-exposition-regionale-de-douai\">http:\/\/www.gayantexpoconcerts.com\/evenements\/72eme-foire-exposition-regionale-de-douai<\/a><\/p>\n<p>&nbsp;<\/p>\n<p>(pour la petite histoire, notre barman \u00e9pousa une chilienne avec qui il eut un enfant et \u00e0 qui il donna son propre pr\u00e9nom : Gustavo \u00ab\u00a0Gus\u00a0\u00bb Fring. Cet enfant eut aussi une vie rocambolesque mais ceci est une autre histoire&#8230;)<\/p>\n","protected":false},"excerpt":{"rendered":"<p>Oyez oyez braves gens, \u00e9coutez donc la complainte d&rsquo;un pauvre barman cubain. Il \u00e9tait une fois, \u00e0 l&rsquo;aube du XX\u00e8me si\u00e8cle, un barman cubain \u00e0 qui un soldat am\u00e9ricain, au sortir de la guerre d&rsquo;ind\u00e9pendance cubaine demande un Cola bien frais. Le barman, mal comprenant la commande du fait notamment [&hellip;]<\/p>\n","protected":false},"author":156,"featured_media":6544,"comment_status":"open","ping_status":"closed","sticky":false,"template":"","format":"standard","meta":{"footnotes":""},"categories":[1],"tags":[],"class_list":["post-6543","post","type-post","status-publish","format-standard","has-post-thumbnail","hentry","category-actus"],"_links":{"self":[{"href":"https:\/\/www.amicale-aeap.fr\/word\/wp-json\/wp\/v2\/posts\/6543","targetHints":{"allow":["GET"]}}],"collection":[{"href":"https:\/\/www.amicale-aeap.fr\/word\/wp-json\/wp\/v2\/posts"}],"about":[{"href":"https:\/\/www.amicale-aeap.fr\/word\/wp-json\/wp\/v2\/types\/post"}],"author":[{"embeddable":true,"href":"https:\/\/www.amicale-aeap.fr\/word\/wp-json\/wp\/v2\/users\/156"}],"replies":[{"embeddable":true,"href":"https:\/\/www.amicale-aeap.fr\/word\/wp-json\/wp\/v2\/comments?post=6543"}],"version-history":[{"count":10,"href":"https:\/\/www.amicale-aeap.fr\/word\/wp-json\/wp\/v2\/posts\/6543\/revisions"}],"predecessor-version":[{"id":6558,"href":"https:\/\/www.amicale-aeap.fr\/word\/wp-json\/wp\/v2\/posts\/6543\/revisions\/6558"}],"wp:featuredmedia":[{"embeddable":true,"href":"https:\/\/www.amicale-aeap.fr\/word\/wp-json\/wp\/v2\/media\/6544"}],"wp:attachment":[{"href":"https:\/\/www.amicale-aeap.fr\/word\/wp-json\/wp\/v2\/media?parent=6543"}],"wp:term":[{"taxonomy":"category","embeddable":true,"href":"https:\/\/www.amicale-aeap.fr\/word\/wp-json\/wp\/v2\/categories?post=6543"},{"taxonomy":"post_tag","embeddable":true,"href":"https:\/\/www.amicale-aeap.fr\/word\/wp-json\/wp\/v2\/tags?post=6543"}],"curies":[{"name":"wp","href":"https:\/\/api.w.org\/{rel}","templated":true}]}}