{"id":6346,"date":"2017-05-16T08:47:28","date_gmt":"2017-05-16T07:47:28","guid":{"rendered":"http:\/\/www.amicale-aeap.fr\/word\/?p=6346"},"modified":"2017-05-16T08:47:28","modified_gmt":"2017-05-16T07:47:28","slug":"elections-du-bureau-felicitations-a-bruno-votre-nouveau-president","status":"publish","type":"post","link":"https:\/\/www.amicale-aeap.fr\/word\/2017\/05\/16\/elections-du-bureau-felicitations-a-bruno-votre-nouveau-president\/","title":{"rendered":"\u00c9lections du bureau : f\u00e9licitations \u00e0 Bruno, votre nouveau pr\u00e9sident"},"content":{"rendered":"<p>Bonjour \u00e0 tous,<\/p>\n<p>Les \u00e9lections de l&rsquo;amicale ont eu lieu hier, et le conseil d&rsquo;administration a \u00e9lu en son sein, comme pr\u00e9vu dans les statuts, un bureau.<\/p>\n<p><strong>R\u00e9sultats des \u00e9lections :<\/strong><\/p>\n<ul>\n<li>Pr\u00e9sident : Bruno P\u00e9nisson<\/li>\n<li>Tr\u00e9sori\u00e8re : Catherine Saldo<\/li>\n<li>Tr\u00e9sori\u00e8re adjointe : Nolwenn Thepaut<\/li>\n<li>Secr\u00e9taire : Am\u00e9lie Vlandas<\/li>\n<\/ul>\n<p>Ce bureau est toujours assist\u00e9 des autres membres du CA\u00a0 (Patrice Bizais, Vincent Cappelle, G\u00e9raldine Aubert, Soria Benderradji, M\u00e9lina Seyman, Karine Vall\u00e9e, Catherine Zacharko) pour la gestion de l&rsquo;amicale.<\/p>\n<p>Toute l&rsquo;amicale f\u00e9licite le nouveau bureau et lui souhaite une longue et heureuse gestion ! Merci \u00e0 eux de s&rsquo;impliquer pour la gestion de l&rsquo;amicale, pour que nous puissions tous cr\u00e9er des liens et organiser des activit\u00e9s conviviales !<\/p>\n<p>&nbsp;<\/p>\n<p>&nbsp;<\/p>\n","protected":false},"excerpt":{"rendered":"<p>Bonjour \u00e0 tous, Les \u00e9lections de l&rsquo;amicale ont eu lieu hier, et le conseil d&rsquo;administration a \u00e9lu en son sein, comme pr\u00e9vu dans les statuts, un bureau. R\u00e9sultats des \u00e9lections : Pr\u00e9sident : Bruno P\u00e9nisson Tr\u00e9sori\u00e8re : Catherine Saldo Tr\u00e9sori\u00e8re adjointe : Nolwenn Thepaut Secr\u00e9taire : Am\u00e9lie Vlandas Ce bureau [&hellip;]<\/p>\n","protected":false},"author":1,"featured_media":0,"comment_status":"open","ping_status":"closed","sticky":false,"template":"","format":"standard","meta":{"footnotes":""},"categories":[1],"tags":[],"class_list":["post-6346","post","type-post","status-publish","format-standard","hentry","category-actus"],"_links":{"self":[{"href":"https:\/\/www.amicale-aeap.fr\/word\/wp-json\/wp\/v2\/posts\/6346","targetHints":{"allow":["GET"]}}],"collection":[{"href":"https:\/\/www.amicale-aeap.fr\/word\/wp-json\/wp\/v2\/posts"}],"about":[{"href":"https:\/\/www.amicale-aeap.fr\/word\/wp-json\/wp\/v2\/types\/post"}],"author":[{"embeddable":true,"href":"https:\/\/www.amicale-aeap.fr\/word\/wp-json\/wp\/v2\/users\/1"}],"replies":[{"embeddable":true,"href":"https:\/\/www.amicale-aeap.fr\/word\/wp-json\/wp\/v2\/comments?post=6346"}],"version-history":[{"count":1,"href":"https:\/\/www.amicale-aeap.fr\/word\/wp-json\/wp\/v2\/posts\/6346\/revisions"}],"predecessor-version":[{"id":6347,"href":"https:\/\/www.amicale-aeap.fr\/word\/wp-json\/wp\/v2\/posts\/6346\/revisions\/6347"}],"wp:attachment":[{"href":"https:\/\/www.amicale-aeap.fr\/word\/wp-json\/wp\/v2\/media?parent=6346"}],"wp:term":[{"taxonomy":"category","embeddable":true,"href":"https:\/\/www.amicale-aeap.fr\/word\/wp-json\/wp\/v2\/categories?post=6346"},{"taxonomy":"post_tag","embeddable":true,"href":"https:\/\/www.amicale-aeap.fr\/word\/wp-json\/wp\/v2\/tags?post=6346"}],"curies":[{"name":"wp","href":"https:\/\/api.w.org\/{rel}","templated":true}]}}