{"id":6235,"date":"2017-03-13T12:51:20","date_gmt":"2017-03-13T11:51:20","guid":{"rendered":"http:\/\/www.amicale-aeap.fr\/word\/?p=6235"},"modified":"2017-03-13T12:51:20","modified_gmt":"2017-03-13T11:51:20","slug":"inscriptions-pour-lislande","status":"publish","type":"post","link":"https:\/\/www.amicale-aeap.fr\/word\/2017\/03\/13\/inscriptions-pour-lislande\/","title":{"rendered":"Inscriptions pour l&rsquo;Islande"},"content":{"rendered":"<p>Suite \u00e0 la campagne de pr\u00e9-inscriptions, Rhin-Meuse lance les inscriptions d\u00e9finitives et demande de se positionner avant le 30 mars 2017 sur les voyages avec dates fix\u00e9es suivantes :<\/p>\n<ul>\n<li>C\u00f4tes et d\u00e9serts : 10 jours \u2013 9 nuits du 21 au 30 avril 2018 &#8211; <a href=\"http:\/\/www.amicale-aeap.fr\/word\/wp-content\/uploads\/2017\/03\/Cotesdeserts.pdf\">Programme d\u00e9taill\u00e9 \u00e0 t\u00e9l\u00e9charger pour Cotes&amp;deserts<\/a><\/li>\n<li>Mosa\u00efque islandaise : 10 jours \u2013 9 nuits du 20 au 30 septembre 2018 &#8211; <a href=\"http:\/\/www.amicale-aeap.fr\/word\/wp-content\/uploads\/2017\/03\/Mosaique.pdf\">Programme d\u00e9taill\u00e9 \u00e0 t\u00e9l\u00e9charger pour Mosaique<\/a><\/li>\n<li>Islande en trek : 8 jours \u2013 7 nuits du 16 au 24 juillet 2018 &#8211; <a href=\"http:\/\/www.amicale-aeap.fr\/word\/wp-content\/uploads\/2017\/03\/Trek.pdf\">Programme d\u00e9taill\u00e9 \u00e0 t\u00e9l\u00e9charger pour Trek<\/a><\/li>\n<\/ul>\n<p>Merci de contacter M\u00e9lina pour les inscriptions.<\/p>\n<p>Bonne journ\u00e9e !<\/p>\n<p>&nbsp;<\/p>\n<p>&nbsp;<\/p>\n","protected":false},"excerpt":{"rendered":"<p>Suite \u00e0 la campagne de pr\u00e9-inscriptions, Rhin-Meuse lance les inscriptions d\u00e9finitives et demande de se positionner avant le 30 mars 2017 sur les voyages avec dates fix\u00e9es suivantes : C\u00f4tes et d\u00e9serts : 10 jours \u2013 9 nuits du 21 au 30 avril 2018 &#8211; Programme d\u00e9taill\u00e9 \u00e0 t\u00e9l\u00e9charger pour [&hellip;]<\/p>\n","protected":false},"author":1,"featured_media":0,"comment_status":"open","ping_status":"closed","sticky":false,"template":"","format":"standard","meta":{"footnotes":""},"categories":[1],"tags":[],"class_list":["post-6235","post","type-post","status-publish","format-standard","hentry","category-actus"],"_links":{"self":[{"href":"https:\/\/www.amicale-aeap.fr\/word\/wp-json\/wp\/v2\/posts\/6235","targetHints":{"allow":["GET"]}}],"collection":[{"href":"https:\/\/www.amicale-aeap.fr\/word\/wp-json\/wp\/v2\/posts"}],"about":[{"href":"https:\/\/www.amicale-aeap.fr\/word\/wp-json\/wp\/v2\/types\/post"}],"author":[{"embeddable":true,"href":"https:\/\/www.amicale-aeap.fr\/word\/wp-json\/wp\/v2\/users\/1"}],"replies":[{"embeddable":true,"href":"https:\/\/www.amicale-aeap.fr\/word\/wp-json\/wp\/v2\/comments?post=6235"}],"version-history":[{"count":2,"href":"https:\/\/www.amicale-aeap.fr\/word\/wp-json\/wp\/v2\/posts\/6235\/revisions"}],"predecessor-version":[{"id":6240,"href":"https:\/\/www.amicale-aeap.fr\/word\/wp-json\/wp\/v2\/posts\/6235\/revisions\/6240"}],"wp:attachment":[{"href":"https:\/\/www.amicale-aeap.fr\/word\/wp-json\/wp\/v2\/media?parent=6235"}],"wp:term":[{"taxonomy":"category","embeddable":true,"href":"https:\/\/www.amicale-aeap.fr\/word\/wp-json\/wp\/v2\/categories?post=6235"},{"taxonomy":"post_tag","embeddable":true,"href":"https:\/\/www.amicale-aeap.fr\/word\/wp-json\/wp\/v2\/tags?post=6235"}],"curies":[{"name":"wp","href":"https:\/\/api.w.org\/{rel}","templated":true}]}}