{"id":6201,"date":"2017-02-28T21:05:49","date_gmt":"2017-02-28T20:05:49","guid":{"rendered":"http:\/\/www.amicale-aeap.fr\/word\/?p=6201"},"modified":"2017-02-28T21:26:29","modified_gmt":"2017-02-28T20:26:29","slug":"assemblee-generale-de-lamicale-6-avril-2017","status":"publish","type":"post","link":"https:\/\/www.amicale-aeap.fr\/word\/2017\/02\/28\/assemblee-generale-de-lamicale-6-avril-2017\/","title":{"rendered":"Assembl\u00e9e G\u00e9n\u00e9rale de l&rsquo;amicale &#8211; 6 avril 2017"},"content":{"rendered":"<p>Save the Date ! L&rsquo;Assembl\u00e9e G\u00e9n\u00e9rale se d\u00e9roulera le 6 avril \u00e0 15h dans la salle du restaurant.<\/p>\n<p>Comme chaque ann\u00e9e, l&rsquo;Assembl\u00e9e G\u00e9n\u00e9rale est un moment fort qui rassemble tous les amicalistes et vous permet de vous exprimer et de proposer vos projets.<br \/>\nLa convocation officielle vous parviendra 15 jours avant avec l&rsquo;ordre du jour final.<\/p>\n<p>Vous pouvez donc avant cela :<\/p>\n<ul>\n<li>Proposer vos projets pour l&rsquo;amicale\u00a0 (envoi d&rsquo;un mail \u00e0 M\u00e9lina ou discussion orale d\u00e9taillant le projet et le budget demand\u00e9)<\/li>\n<\/ul>\n<ul>\n<li>Vous pr\u00e9senter pour \u00eatre \u00e9lu au conseil d&rsquo;administration et participer aux d\u00e9cisions qui concernent l&rsquo;amicale. La liste des membres et notamment les membres sortants est l\u00e0\u00a0 : <a href=\"http:\/\/www.amicale-aeap.fr\/word\/amicale#Le_conseil_dadministration\">http:\/\/www.amicale-aeap.fr\/word\/amicale#Le_conseil_dadministration <\/a>&#8212; il y aura tr\u00e8s certainement du renouveau au bureau, nous avons besoin de nouvelles personnes, nouvelles id\u00e9es, nouvelle pr\u00e9sidence &#8230;.. \u00e0 vous de jouer ! Envoyez un mail \u00e0 M\u00e9lina pour vous pr\u00e9senter aux \u00e9lections.<\/li>\n<\/ul>\n<ul>\n<li>Proposer des sujets \u00e0 d\u00e9battre lors de l&rsquo;Assembl\u00e9e (envoi d&rsquo;un mail \u00e0 M\u00e9lina) pour les \u00e9volutions et la bonne marche de l&rsquo;amicale.<\/li>\n<\/ul>\n<p>Le conseil se r\u00e9unit jeudi 9 mars pour \u00e9tudier les premi\u00e8res propositions et planifier les grandes lignes du budget, si vous souhaitez entamer des discussions ou des projets d&rsquo;envergure.<\/p>\n<p>&nbsp;<\/p>\n<p>&nbsp;<\/p>\n","protected":false},"excerpt":{"rendered":"<p>Save the Date ! L&rsquo;Assembl\u00e9e G\u00e9n\u00e9rale se d\u00e9roulera le 6 avril \u00e0 15h dans la salle du restaurant. Comme chaque ann\u00e9e, l&rsquo;Assembl\u00e9e G\u00e9n\u00e9rale est un moment fort qui rassemble tous les amicalistes et vous permet de vous exprimer et de proposer vos projets. La convocation officielle vous parviendra 15 jours [&hellip;]<\/p>\n","protected":false},"author":1,"featured_media":0,"comment_status":"open","ping_status":"closed","sticky":false,"template":"","format":"standard","meta":{"footnotes":""},"categories":[1],"tags":[],"class_list":["post-6201","post","type-post","status-publish","format-standard","hentry","category-actus"],"_links":{"self":[{"href":"https:\/\/www.amicale-aeap.fr\/word\/wp-json\/wp\/v2\/posts\/6201","targetHints":{"allow":["GET"]}}],"collection":[{"href":"https:\/\/www.amicale-aeap.fr\/word\/wp-json\/wp\/v2\/posts"}],"about":[{"href":"https:\/\/www.amicale-aeap.fr\/word\/wp-json\/wp\/v2\/types\/post"}],"author":[{"embeddable":true,"href":"https:\/\/www.amicale-aeap.fr\/word\/wp-json\/wp\/v2\/users\/1"}],"replies":[{"embeddable":true,"href":"https:\/\/www.amicale-aeap.fr\/word\/wp-json\/wp\/v2\/comments?post=6201"}],"version-history":[{"count":5,"href":"https:\/\/www.amicale-aeap.fr\/word\/wp-json\/wp\/v2\/posts\/6201\/revisions"}],"predecessor-version":[{"id":6206,"href":"https:\/\/www.amicale-aeap.fr\/word\/wp-json\/wp\/v2\/posts\/6201\/revisions\/6206"}],"wp:attachment":[{"href":"https:\/\/www.amicale-aeap.fr\/word\/wp-json\/wp\/v2\/media?parent=6201"}],"wp:term":[{"taxonomy":"category","embeddable":true,"href":"https:\/\/www.amicale-aeap.fr\/word\/wp-json\/wp\/v2\/categories?post=6201"},{"taxonomy":"post_tag","embeddable":true,"href":"https:\/\/www.amicale-aeap.fr\/word\/wp-json\/wp\/v2\/tags?post=6201"}],"curies":[{"name":"wp","href":"https:\/\/api.w.org\/{rel}","templated":true}]}}