{"id":6072,"date":"2017-01-17T15:20:19","date_gmt":"2017-01-17T14:20:19","guid":{"rendered":"http:\/\/www.amicale-aeap.fr\/word\/?p=6072"},"modified":"2017-01-17T15:28:41","modified_gmt":"2017-01-17T14:28:41","slug":"voyage-interagence-en-islande","status":"publish","type":"post","link":"https:\/\/www.amicale-aeap.fr\/word\/2017\/01\/17\/voyage-interagence-en-islande\/","title":{"rendered":"Voyage InterAgence en Islande"},"content":{"rendered":"<p>Bonjour \u00e0 tous,<\/p>\n<p>Rhin-Meuse organise un voyage inter-Agences en Islande en 2018 et nous propose d&rsquo;y participer.<\/p>\n<p><!--more--><\/p>\n<p>Trois propositions de s\u00e9jour sont faites, 2 circuits et 1 trek, sur diff\u00e9rentes dates. Les tarifs finaux d\u00e9pendront du nombre de personnes inscrites au total. L&rsquo;amicale donnera une double PF selon les r\u00e8gles habituelles \u00e0 ceux qui souhaiteraient participer : double PF, transport par vos soins jusqu&rsquo;au lieu du d\u00e9part. Si vous \u00eates int\u00e9ress\u00e9s et que vous souhaiteriez vous pr\u00e9-inscrire,\u00a0 contactez M\u00e9lina avant le 31\/01.<\/p>\n<p>CIRCUIT 1 : <a href=\"http:\/\/www.amicale-aeap.fr\/word\/wp-content\/uploads\/2017\/01\/ISLANDE-COTES-ET-DESERTS-10-JOURS-2018.pdf\">ISLANDE &#8211; COTES ET DESERTS 10 JOURS &#8211; 2018<\/a><\/p>\n<p>CIRCUIT 2 : <a href=\"http:\/\/www.amicale-aeap.fr\/word\/wp-content\/uploads\/2017\/01\/ISLANDE-mosaique-islandaise-10-JOURS-2018.pdf\">ISLANDE &#8211; mosaique islandaise 10 JOURS &#8211; 2018<\/a><\/p>\n<p>TREK : <a href=\"http:\/\/www.amicale-aeap.fr\/word\/wp-content\/uploads\/2017\/01\/ISLANDE-TREK-8-JOURS-2018.pdf\">ISLANDE TREK 8 JOURS &#8211; 2018<\/a><\/p>\n<p>Au pire, vous pouvez r\u00eaver en consultant les brochures, les photos sont magnifiques \ud83d\ude42<\/p>\n<p>En voici quelques unes trouv\u00e9es sur <a href=\"https:\/\/unsplash.com\/collections\/201\/explore-iceland\">Unsplash<\/a><\/p>\n\n\t\t<style type=\"text\/css\">\n\t\t\t#gallery-1 {\n\t\t\t\tmargin: auto;\n\t\t\t}\n\t\t\t#gallery-1 .gallery-item {\n\t\t\t\tfloat: left;\n\t\t\t\tmargin-top: 10px;\n\t\t\t\ttext-align: center;\n\t\t\t\twidth: 33%;\n\t\t\t}\n\t\t\t#gallery-1 img {\n\t\t\t\tborder: 2px solid #cfcfcf;\n\t\t\t}\n\t\t\t#gallery-1 .gallery-caption {\n\t\t\t\tmargin-left: 0;\n\t\t\t}\n\t\t\t\/* see gallery_shortcode() in wp-includes\/media.php *\/\n\t\t<\/style>\n\t\t<div id='gallery-1' class='gallery galleryid-6072 gallery-columns-3 gallery-size-thumbnail'><dl class='gallery-item'>\n\t\t\t<dt class='gallery-icon landscape'>\n\t\t\t\t<a href='https:\/\/www.amicale-aeap.fr\/word\/2017\/01\/17\/voyage-interagence-en-islande\/dndbiruluhm-thomas-tucker\/'><img loading=\"lazy\" decoding=\"async\" width=\"150\" height=\"150\" src=\"https:\/\/www.amicale-aeap.fr\/word\/wp-content\/uploads\/2017\/01\/dndbiruluhm-thomas-tucker-150x150.jpg\" class=\"attachment-thumbnail size-thumbnail\" alt=\"\" \/><\/a>\n\t\t\t<\/dt><\/dl><dl class='gallery-item'>\n\t\t\t<dt class='gallery-icon landscape'>\n\t\t\t\t<a href='https:\/\/www.amicale-aeap.fr\/word\/2017\/01\/17\/voyage-interagence-en-islande\/iyqyigwxa0a-gemma-evans\/'><img loading=\"lazy\" decoding=\"async\" width=\"150\" height=\"150\" src=\"https:\/\/www.amicale-aeap.fr\/word\/wp-content\/uploads\/2017\/01\/iyqyigwxa0a-gemma-evans-150x150.jpg\" class=\"attachment-thumbnail size-thumbnail\" alt=\"\" \/><\/a>\n\t\t\t<\/dt><\/dl><dl class='gallery-item'>\n\t\t\t<dt class='gallery-icon landscape'>\n\t\t\t\t<a href='https:\/\/www.amicale-aeap.fr\/word\/2017\/01\/17\/voyage-interagence-en-islande\/pjnm5icqeba-james-lafa\/'><img loading=\"lazy\" decoding=\"async\" width=\"150\" height=\"150\" src=\"https:\/\/www.amicale-aeap.fr\/word\/wp-content\/uploads\/2017\/01\/pjnm5icqeba-james-lafa-150x150.jpg\" class=\"attachment-thumbnail size-thumbnail\" alt=\"\" \/><\/a>\n\t\t\t<\/dt><\/dl><br style=\"clear: both\" \/><dl class='gallery-item'>\n\t\t\t<dt class='gallery-icon landscape'>\n\t\t\t\t<a href='https:\/\/www.amicale-aeap.fr\/word\/2017\/01\/17\/voyage-interagence-en-islande\/rrj0aa6aipq-matteo-paganelli\/'><img loading=\"lazy\" decoding=\"async\" width=\"150\" height=\"150\" src=\"https:\/\/www.amicale-aeap.fr\/word\/wp-content\/uploads\/2017\/01\/rrj0aa6aipq-matteo-paganelli-150x150.jpg\" class=\"attachment-thumbnail size-thumbnail\" alt=\"\" \/><\/a>\n\t\t\t<\/dt><\/dl><dl class='gallery-item'>\n\t\t\t<dt class='gallery-icon landscape'>\n\t\t\t\t<a href='https:\/\/www.amicale-aeap.fr\/word\/2017\/01\/17\/voyage-interagence-en-islande\/4f42iqlrjf4-timothy-muza\/'><img loading=\"lazy\" decoding=\"async\" width=\"150\" height=\"150\" src=\"https:\/\/www.amicale-aeap.fr\/word\/wp-content\/uploads\/2017\/01\/4f42iqlrjf4-timothy-muza-150x150.jpg\" class=\"attachment-thumbnail size-thumbnail\" alt=\"\" \/><\/a>\n\t\t\t<\/dt><\/dl><dl class='gallery-item'>\n\t\t\t<dt class='gallery-icon portrait'>\n\t\t\t\t<a href='https:\/\/www.amicale-aeap.fr\/word\/2017\/01\/17\/voyage-interagence-en-islande\/6zsvpgutkra-jon-flobrant\/'><img loading=\"lazy\" decoding=\"async\" width=\"150\" height=\"150\" src=\"https:\/\/www.amicale-aeap.fr\/word\/wp-content\/uploads\/2017\/01\/6zsvpgutkra-jon-flobrant-150x150.jpg\" class=\"attachment-thumbnail size-thumbnail\" alt=\"\" \/><\/a>\n\t\t\t<\/dt><\/dl><br style=\"clear: both\" \/><dl class='gallery-item'>\n\t\t\t<dt class='gallery-icon landscape'>\n\t\t\t\t<a href='https:\/\/www.amicale-aeap.fr\/word\/2017\/01\/17\/voyage-interagence-en-islande\/9anlthjuoc0-isabella-juskova\/'><img loading=\"lazy\" decoding=\"async\" width=\"150\" height=\"150\" src=\"https:\/\/www.amicale-aeap.fr\/word\/wp-content\/uploads\/2017\/01\/9anlthjuoc0-isabella-juskova-150x150.jpg\" class=\"attachment-thumbnail size-thumbnail\" alt=\"\" \/><\/a>\n\t\t\t<\/dt><\/dl><dl class='gallery-item'>\n\t\t\t<dt class='gallery-icon landscape'>\n\t\t\t\t<a href='https:\/\/www.amicale-aeap.fr\/word\/2017\/01\/17\/voyage-interagence-en-islande\/44m4n3nh1b4-drew-collins\/'><img loading=\"lazy\" decoding=\"async\" width=\"150\" height=\"150\" src=\"https:\/\/www.amicale-aeap.fr\/word\/wp-content\/uploads\/2017\/01\/44m4n3nh1b4-drew-collins-150x150.jpg\" class=\"attachment-thumbnail size-thumbnail\" alt=\"\" \/><\/a>\n\t\t\t<\/dt><\/dl><dl class='gallery-item'>\n\t\t\t<dt class='gallery-icon landscape'>\n\t\t\t\t<a href='https:\/\/www.amicale-aeap.fr\/word\/2017\/01\/17\/voyage-interagence-en-islande\/eloughfgaf8-amy-hanley\/'><img loading=\"lazy\" decoding=\"async\" width=\"150\" height=\"150\" src=\"https:\/\/www.amicale-aeap.fr\/word\/wp-content\/uploads\/2017\/01\/eloughfgaf8-amy-hanley-150x150.jpg\" class=\"attachment-thumbnail size-thumbnail\" alt=\"\" \/><\/a>\n\t\t\t<\/dt><\/dl><br style=\"clear: both\" \/><dl class='gallery-item'>\n\t\t\t<dt class='gallery-icon landscape'>\n\t\t\t\t<a href='https:\/\/www.amicale-aeap.fr\/word\/2017\/01\/17\/voyage-interagence-en-islande\/ezgtejdrfhc-jonatan-pie\/'><img loading=\"lazy\" decoding=\"async\" width=\"150\" height=\"150\" src=\"https:\/\/www.amicale-aeap.fr\/word\/wp-content\/uploads\/2017\/01\/ezgtejdrfhc-jonatan-pie-150x150.jpg\" class=\"attachment-thumbnail size-thumbnail\" alt=\"\" \/><\/a>\n\t\t\t<\/dt><\/dl><dl class='gallery-item'>\n\t\t\t<dt class='gallery-icon portrait'>\n\t\t\t\t<a href='https:\/\/www.amicale-aeap.fr\/word\/2017\/01\/17\/voyage-interagence-en-islande\/jteqavjjbds-jeff-sheldon\/'><img loading=\"lazy\" decoding=\"async\" width=\"150\" height=\"150\" src=\"https:\/\/www.amicale-aeap.fr\/word\/wp-content\/uploads\/2017\/01\/jteqavjjbds-jeff-sheldon-150x150.jpg\" class=\"attachment-thumbnail size-thumbnail\" alt=\"\" \/><\/a>\n\t\t\t<\/dt><\/dl><dl class='gallery-item'>\n\t\t\t<dt class='gallery-icon landscape'>\n\t\t\t\t<a href='https:\/\/www.amicale-aeap.fr\/word\/2017\/01\/17\/voyage-interagence-en-islande\/myeurdck5ng-justin-laberge\/'><img loading=\"lazy\" decoding=\"async\" width=\"150\" height=\"150\" src=\"https:\/\/www.amicale-aeap.fr\/word\/wp-content\/uploads\/2017\/01\/myeurdck5ng-justin-laberge-150x150.jpg\" class=\"attachment-thumbnail size-thumbnail\" alt=\"\" \/><\/a>\n\t\t\t<\/dt><\/dl><br style=\"clear: both\" \/><dl class='gallery-item'>\n\t\t\t<dt class='gallery-icon landscape'>\n\t\t\t\t<a href='https:\/\/www.amicale-aeap.fr\/word\/2017\/01\/17\/voyage-interagence-en-islande\/n1nduvnffmc-tetiana-syrova\/'><img loading=\"lazy\" decoding=\"async\" width=\"150\" height=\"150\" src=\"https:\/\/www.amicale-aeap.fr\/word\/wp-content\/uploads\/2017\/01\/n1nduvnffmc-tetiana-syrova-150x150.jpg\" class=\"attachment-thumbnail size-thumbnail\" alt=\"\" \/><\/a>\n\t\t\t<\/dt><\/dl><dl class='gallery-item'>\n\t\t\t<dt class='gallery-icon landscape'>\n\t\t\t\t<a href='https:\/\/www.amicale-aeap.fr\/word\/2017\/01\/17\/voyage-interagence-en-islande\/nx-l1jtlo0i-jan-erik-waider\/'><img loading=\"lazy\" decoding=\"async\" width=\"150\" height=\"150\" src=\"https:\/\/www.amicale-aeap.fr\/word\/wp-content\/uploads\/2017\/01\/nx-l1jtlo0i-jan-erik-waider-150x150.jpg\" class=\"attachment-thumbnail size-thumbnail\" alt=\"\" \/><\/a>\n\t\t\t<\/dt><\/dl><dl class='gallery-item'>\n\t\t\t<dt class='gallery-icon landscape'>\n\t\t\t\t<a href='https:\/\/www.amicale-aeap.fr\/word\/2017\/01\/17\/voyage-interagence-en-islande\/ovn1hybge38-paul-morris\/'><img loading=\"lazy\" decoding=\"async\" width=\"150\" height=\"150\" src=\"https:\/\/www.amicale-aeap.fr\/word\/wp-content\/uploads\/2017\/01\/ovn1hybge38-paul-morris-150x150.jpg\" class=\"attachment-thumbnail size-thumbnail\" alt=\"\" \/><\/a>\n\t\t\t<\/dt><\/dl><br style=\"clear: both\" \/><dl class='gallery-item'>\n\t\t\t<dt class='gallery-icon landscape'>\n\t\t\t\t<a href='https:\/\/www.amicale-aeap.fr\/word\/2017\/01\/17\/voyage-interagence-en-islande\/pxdbknf8rlk-anders-jilden\/'><img loading=\"lazy\" decoding=\"async\" width=\"150\" height=\"150\" src=\"https:\/\/www.amicale-aeap.fr\/word\/wp-content\/uploads\/2017\/01\/pxdbknf8rlk-anders-jilden-150x150.jpg\" class=\"attachment-thumbnail size-thumbnail\" alt=\"\" \/><\/a>\n\t\t\t<\/dt><\/dl><dl class='gallery-item'>\n\t\t\t<dt class='gallery-icon landscape'>\n\t\t\t\t<a href='https:\/\/www.amicale-aeap.fr\/word\/2017\/01\/17\/voyage-interagence-en-islande\/rh810cowgti-chris-lawton\/'><img loading=\"lazy\" decoding=\"async\" width=\"150\" height=\"150\" src=\"https:\/\/www.amicale-aeap.fr\/word\/wp-content\/uploads\/2017\/01\/rh810cowgti-chris-lawton-150x150.jpg\" class=\"attachment-thumbnail size-thumbnail\" alt=\"\" \/><\/a>\n\t\t\t<\/dt><\/dl><dl class='gallery-item'>\n\t\t\t<dt class='gallery-icon landscape'>\n\t\t\t\t<a href='https:\/\/www.amicale-aeap.fr\/word\/2017\/01\/17\/voyage-interagence-en-islande\/t07faen9waa-jon-flobrant\/'><img loading=\"lazy\" decoding=\"async\" width=\"150\" height=\"150\" src=\"https:\/\/www.amicale-aeap.fr\/word\/wp-content\/uploads\/2017\/01\/t07faen9waa-jon-flobrant-150x150.jpg\" class=\"attachment-thumbnail size-thumbnail\" alt=\"\" \/><\/a>\n\t\t\t<\/dt><\/dl><br style=\"clear: both\" \/><dl class='gallery-item'>\n\t\t\t<dt class='gallery-icon landscape'>\n\t\t\t\t<a href='https:\/\/www.amicale-aeap.fr\/word\/2017\/01\/17\/voyage-interagence-en-islande\/t9yq8peb3xo-kai-gradert\/'><img loading=\"lazy\" decoding=\"async\" width=\"150\" height=\"150\" src=\"https:\/\/www.amicale-aeap.fr\/word\/wp-content\/uploads\/2017\/01\/t9yq8peb3xo-kai-gradert-150x150.jpg\" class=\"attachment-thumbnail size-thumbnail\" alt=\"\" \/><\/a>\n\t\t\t<\/dt><\/dl><dl class='gallery-item'>\n\t\t\t<dt class='gallery-icon landscape'>\n\t\t\t\t<a href='https:\/\/www.amicale-aeap.fr\/word\/2017\/01\/17\/voyage-interagence-en-islande\/tssb28hzzsi-jon-flobrant\/'><img loading=\"lazy\" decoding=\"async\" width=\"150\" height=\"150\" src=\"https:\/\/www.amicale-aeap.fr\/word\/wp-content\/uploads\/2017\/01\/tssb28hzzsi-jon-flobrant-150x150.jpg\" class=\"attachment-thumbnail size-thumbnail\" alt=\"\" \/><\/a>\n\t\t\t<\/dt><\/dl><dl class='gallery-item'>\n\t\t\t<dt class='gallery-icon landscape'>\n\t\t\t\t<a href='https:\/\/www.amicale-aeap.fr\/word\/2017\/01\/17\/voyage-interagence-en-islande\/ujgpfgynfce-tobias-van-schneider\/'><img loading=\"lazy\" decoding=\"async\" width=\"150\" height=\"150\" src=\"https:\/\/www.amicale-aeap.fr\/word\/wp-content\/uploads\/2017\/01\/ujgpfgynfce-tobias-van-schneider-150x150.jpg\" class=\"attachment-thumbnail size-thumbnail\" alt=\"\" \/><\/a>\n\t\t\t<\/dt><\/dl><br style=\"clear: both\" \/><dl class='gallery-item'>\n\t\t\t<dt class='gallery-icon landscape'>\n\t\t\t\t<a href='https:\/\/www.amicale-aeap.fr\/word\/2017\/01\/17\/voyage-interagence-en-islande\/uo7_di3i9o-anais-kowalczyk\/'><img loading=\"lazy\" decoding=\"async\" width=\"150\" height=\"150\" src=\"https:\/\/www.amicale-aeap.fr\/word\/wp-content\/uploads\/2017\/01\/uo7_di3i9o-anais-kowalczyk-150x150.jpg\" class=\"attachment-thumbnail size-thumbnail\" alt=\"\" \/><\/a>\n\t\t\t<\/dt><\/dl><dl class='gallery-item'>\n\t\t\t<dt class='gallery-icon landscape'>\n\t\t\t\t<a href='https:\/\/www.amicale-aeap.fr\/word\/2017\/01\/17\/voyage-interagence-en-islande\/wvpqydd-3ow-evelyn-paris\/'><img loading=\"lazy\" decoding=\"async\" width=\"150\" height=\"150\" src=\"https:\/\/www.amicale-aeap.fr\/word\/wp-content\/uploads\/2017\/01\/wvpqydd-3ow-evelyn-paris-150x150.jpg\" class=\"attachment-thumbnail size-thumbnail\" alt=\"\" \/><\/a>\n\t\t\t<\/dt><\/dl>\n\t\t\t<br style='clear: both' \/>\n\t\t<\/div>\n\n<p>&nbsp;<\/p>\n<p>&nbsp;<\/p>\n<p>&nbsp;<\/p>\n<p><span style=\"border-radius: 2px; text-indent: 20px; width: auto; padding: 0px 4px 0px 0px; text-align: center; font: bold 11px\/20px 'Helvetica Neue',Helvetica,sans-serif; color: #ffffff; background: #bd081c  no-repeat scroll 3px 50% \/ 14px 14px; position: absolute; opacity: 1; z-index: 8675309; display: none; cursor: pointer;\">Enregistrer<\/span><\/p>\n","protected":false},"excerpt":{"rendered":"<p>Bonjour \u00e0 tous, Rhin-Meuse organise un voyage inter-Agences en Islande en 2018 et nous propose d&rsquo;y participer.<\/p>\n","protected":false},"author":1,"featured_media":0,"comment_status":"open","ping_status":"closed","sticky":false,"template":"","format":"standard","meta":{"footnotes":""},"categories":[1],"tags":[],"class_list":["post-6072","post","type-post","status-publish","format-standard","hentry","category-actus"],"_links":{"self":[{"href":"https:\/\/www.amicale-aeap.fr\/word\/wp-json\/wp\/v2\/posts\/6072","targetHints":{"allow":["GET"]}}],"collection":[{"href":"https:\/\/www.amicale-aeap.fr\/word\/wp-json\/wp\/v2\/posts"}],"about":[{"href":"https:\/\/www.amicale-aeap.fr\/word\/wp-json\/wp\/v2\/types\/post"}],"author":[{"embeddable":true,"href":"https:\/\/www.amicale-aeap.fr\/word\/wp-json\/wp\/v2\/users\/1"}],"replies":[{"embeddable":true,"href":"https:\/\/www.amicale-aeap.fr\/word\/wp-json\/wp\/v2\/comments?post=6072"}],"version-history":[{"count":2,"href":"https:\/\/www.amicale-aeap.fr\/word\/wp-json\/wp\/v2\/posts\/6072\/revisions"}],"predecessor-version":[{"id":6100,"href":"https:\/\/www.amicale-aeap.fr\/word\/wp-json\/wp\/v2\/posts\/6072\/revisions\/6100"}],"wp:attachment":[{"href":"https:\/\/www.amicale-aeap.fr\/word\/wp-json\/wp\/v2\/media?parent=6072"}],"wp:term":[{"taxonomy":"category","embeddable":true,"href":"https:\/\/www.amicale-aeap.fr\/word\/wp-json\/wp\/v2\/categories?post=6072"},{"taxonomy":"post_tag","embeddable":true,"href":"https:\/\/www.amicale-aeap.fr\/word\/wp-json\/wp\/v2\/tags?post=6072"}],"curies":[{"name":"wp","href":"https:\/\/api.w.org\/{rel}","templated":true}]}}