{"id":6003,"date":"2016-11-22T12:22:41","date_gmt":"2016-11-22T11:22:41","guid":{"rendered":"http:\/\/www.amicale-aeap.fr\/word\/?p=6003"},"modified":"2016-11-22T12:25:28","modified_gmt":"2016-11-22T11:25:28","slug":"inscrivez-vous-au-repas-de-noel-2016","status":"publish","type":"post","link":"https:\/\/www.amicale-aeap.fr\/word\/2016\/11\/22\/inscrivez-vous-au-repas-de-noel-2016\/","title":{"rendered":"Inscrivez-vous au repas de No\u00ebl 2016 !"},"content":{"rendered":"<p style=\"text-align: left;\"><img loading=\"lazy\" decoding=\"async\" class=\"alignnone size-full wp-image-6014\" src=\"http:\/\/www.amicale-aeap.fr\/word\/wp-content\/uploads\/2016\/11\/flocons.png\" alt=\"Frise flocons\" width=\"1706\" height=\"258\" srcset=\"https:\/\/www.amicale-aeap.fr\/word\/wp-content\/uploads\/2016\/11\/flocons.png 1706w, https:\/\/www.amicale-aeap.fr\/word\/wp-content\/uploads\/2016\/11\/flocons-300x45.png 300w, https:\/\/www.amicale-aeap.fr\/word\/wp-content\/uploads\/2016\/11\/flocons-768x116.png 768w, https:\/\/www.amicale-aeap.fr\/word\/wp-content\/uploads\/2016\/11\/flocons-1024x155.png 1024w\" sizes=\"auto, (max-width: 1706px) 100vw, 1706px\" \/><a href=\"http:\/\/www.amicale-aeap.fr\/word\/wp-content\/uploads\/2016\/11\/repas_noel_2016.pdf\">Repas de No\u00ebl 2016<\/a><\/p>\n<p style=\"text-align: left;\">L\u2019amicale a le plaisir de vous inviter au repas de No\u00ebl 2016.<\/p>\n<p style=\"text-align: left;\">Il aura lieu dans la salle du restaurant<\/p>\n<p style=\"text-align: left;\"><strong>vendredi 16 d\u00e9cembre 2016 \u00e0 12 h 45<\/strong>,<\/p>\n<p style=\"text-align: left;\">\u00e0 l\u2019issue de la c\u00e9r\u00e9monie de remise des m\u00e9dailles\u00a0et des d\u00e9parts en retraite et de son cocktail.<\/p>\n<p style=\"text-align: left;\">Ce repas est <strong>ouvert \u00e0 tous les agents, amicalistes ou non,\u00a0<\/strong> au tarif unique de 10 \u20ac.<\/p>\n<p style=\"text-align: left;\">3 menus sont propos\u00e9s :<br \/>\n\u00ab Viande \u00bb, \u00ab Poisson \u00bb, \u00ab V\u00e9g\u00e9tarien, sans gluten, sans lactose \u00bb.<\/p>\n<p style=\"text-align: left;\"><strong>Venez nombreux pour ce moment de convivialit\u00e9 !<\/strong><\/p>\n<p style=\"text-align: left;\">En pratique : <strong>Veuillez vous inscrire avant le 3 d\u00e9cembre\u00a0<\/strong> avec votre choix de menu et votre r\u00e8glement par ch\u00e8que \u00e0 l\u2019ordre de l\u2019Amicale aupr\u00e8s de :<br \/>\n&#8211; RDC, missions : Martine Rymek<br \/>\n&#8211; 1er \u00e9tage : Karine Vall\u00e9e<br \/>\n&#8211; 2\u00e8me \u00e9tage : Estelle Chevillard<br \/>\n&#8211; 3\u00e8me \u00e9tage : Am\u00e9lie Vlandas<br \/>\n&#8211; 4\u00e8me \u00e9tage : Edith Piraina<br \/>\n&#8211; 5\u00e8me \u00e9tage : Marie Jarocki<\/p>\n<hr \/>\n<p style=\"text-align: center;\"><strong>Les menus au choix, venus tout droit de Scandinavie<\/strong><\/p>\n<hr \/>\n<p>&nbsp;<\/p>\n<p><strong>Menu viande<\/strong><\/p>\n<p>Gigot d\u2019agneau lard\u00e9 farci au beurre de persil enrob\u00e9 \u00e0 la moutarde<br \/>\nHasselback (pomme de terre r\u00f4tie \u00e0 la su\u00e9doise) , Flan de courge butternut au fromage persill\u00e9 et noix<\/p>\n<p>Omelette Norv\u00e9gienne \u00e0 la vanille flamb\u00e9e au Grand Marnier<br \/>\nCaf\u00e9 et mendiants<\/p>\n<p><strong>Menu poisson<\/strong><\/p>\n<p>Tourte au saumon, \u00e9pinards, grains de bl\u00e9 bio, cr\u00e8me, tomates s\u00e9ch\u00e9es et aromates<br \/>\nHasselback (pomme de terre r\u00f4tie \u00e0 la su\u00e9doise), Flan de courge butternut au fromage persill\u00e9 et noix<\/p>\n<p>Omelette Norv\u00e9gienne \u00e0 la vanille flamb\u00e9e au Grand Marnier<br \/>\nCaf\u00e9 et mendiants<\/p>\n<p><strong>Menu v\u00e9g\u00e9tarien (sans gluten ni lactose)<\/strong><\/p>\n<p>Gratin de pomme de terre bio et courge butternut<br \/>\nJeunes pousses d\u2019\u00e9pinard revenues \u00e0 la casserole, Mini courgettes r\u00f4ties \u00e0 la coriandre fra\u00eeche, Graines germ\u00e9es bio<\/p>\n<p>Glace bio sans lactose et ses meringues bio<br \/>\nTh\u00e9 bio et mendiants<\/p>\n<p><img loading=\"lazy\" decoding=\"async\" class=\"alignnone size-full wp-image-6014\" src=\"http:\/\/www.amicale-aeap.fr\/word\/wp-content\/uploads\/2016\/11\/flocons.png\" alt=\"Frise flocons\" width=\"1706\" height=\"258\" srcset=\"https:\/\/www.amicale-aeap.fr\/word\/wp-content\/uploads\/2016\/11\/flocons.png 1706w, https:\/\/www.amicale-aeap.fr\/word\/wp-content\/uploads\/2016\/11\/flocons-300x45.png 300w, https:\/\/www.amicale-aeap.fr\/word\/wp-content\/uploads\/2016\/11\/flocons-768x116.png 768w, https:\/\/www.amicale-aeap.fr\/word\/wp-content\/uploads\/2016\/11\/flocons-1024x155.png 1024w\" sizes=\"auto, (max-width: 1706px) 100vw, 1706px\" \/><\/p>\n","protected":false},"excerpt":{"rendered":"<p>Repas de No\u00ebl 2016 L\u2019amicale a le plaisir de vous inviter au repas de No\u00ebl 2016. Il aura lieu dans la salle du restaurant vendredi 16 d\u00e9cembre 2016 \u00e0 12 h 45, \u00e0 l\u2019issue de la c\u00e9r\u00e9monie de remise des m\u00e9dailles\u00a0et des d\u00e9parts en retraite et de son cocktail. Ce [&hellip;]<\/p>\n","protected":false},"author":171,"featured_media":0,"comment_status":"open","ping_status":"closed","sticky":false,"template":"","format":"standard","meta":{"footnotes":""},"categories":[45,1],"tags":[],"class_list":["post-6003","post","type-post","status-publish","format-standard","hentry","category-noel-2","category-actus"],"_links":{"self":[{"href":"https:\/\/www.amicale-aeap.fr\/word\/wp-json\/wp\/v2\/posts\/6003","targetHints":{"allow":["GET"]}}],"collection":[{"href":"https:\/\/www.amicale-aeap.fr\/word\/wp-json\/wp\/v2\/posts"}],"about":[{"href":"https:\/\/www.amicale-aeap.fr\/word\/wp-json\/wp\/v2\/types\/post"}],"author":[{"embeddable":true,"href":"https:\/\/www.amicale-aeap.fr\/word\/wp-json\/wp\/v2\/users\/171"}],"replies":[{"embeddable":true,"href":"https:\/\/www.amicale-aeap.fr\/word\/wp-json\/wp\/v2\/comments?post=6003"}],"version-history":[{"count":13,"href":"https:\/\/www.amicale-aeap.fr\/word\/wp-json\/wp\/v2\/posts\/6003\/revisions"}],"predecessor-version":[{"id":6019,"href":"https:\/\/www.amicale-aeap.fr\/word\/wp-json\/wp\/v2\/posts\/6003\/revisions\/6019"}],"wp:attachment":[{"href":"https:\/\/www.amicale-aeap.fr\/word\/wp-json\/wp\/v2\/media?parent=6003"}],"wp:term":[{"taxonomy":"category","embeddable":true,"href":"https:\/\/www.amicale-aeap.fr\/word\/wp-json\/wp\/v2\/categories?post=6003"},{"taxonomy":"post_tag","embeddable":true,"href":"https:\/\/www.amicale-aeap.fr\/word\/wp-json\/wp\/v2\/tags?post=6003"}],"curies":[{"name":"wp","href":"https:\/\/api.w.org\/{rel}","templated":true}]}}