{"id":5951,"date":"2016-10-20T10:22:53","date_gmt":"2016-10-20T09:22:53","guid":{"rendered":"http:\/\/www.amicale-aeap.fr\/word\/?p=5951"},"modified":"2016-10-20T10:22:53","modified_gmt":"2016-10-20T09:22:53","slug":"2017-escapades-au-mois-de-mai-previsions-de-sorties","status":"publish","type":"post","link":"https:\/\/www.amicale-aeap.fr\/word\/2016\/10\/20\/2017-escapades-au-mois-de-mai-previsions-de-sorties\/","title":{"rendered":"2017 : Escapades au mois de mai, pr\u00e9visions de sorties &#8230;"},"content":{"rendered":"<p>Bonjour \u00e0 tous,<\/p>\n<p>Au programme de l&rsquo;amicale ces jours-ci :<\/p>\n<ul>\n<li><a href=\"http:\/\/www.amicale-aeap.fr\/word\/2016\/5918\">Randonn\u00e9e au Val Joly : il est toujours possible de vous inscrire !<\/a><\/li>\n<li><a href=\"http:\/\/www.amicale-aeap.fr\/word\/2016\/5907\">Sortie \u00e0 Douai le 3 d\u00e9cembre pour un spectacle d&rsquo;exception : pas de regrets ?<\/a><\/li>\n<li>Organisation du repas de No\u00ebl pour l&rsquo;agence le 16 d\u00e9cembre &#8211; on va commencer.<\/li>\n<li>Le P\u00e8re No\u00ebl est tr\u00e8s occup\u00e9 : soyez pr\u00eats pour le 18 d\u00e9cembre !<\/li>\n<li>En f\u00e9vrier, nous aurons des skieurs sur les pistes des Deux Alpes.<\/li>\n<\/ul>\n<p><strong>Mais d\u00e9j\u00e0, il faut s&rsquo;inscrire pour 2017 et les escapades du mois de mai !!<\/strong><\/p>\n<p>Nous lan\u00e7ons les deux escapades en m\u00eame temps, pour que vous puissiez choisir de faire l&rsquo;une, l&rsquo;autre ou les deux !! Il n&rsquo;y aura pas d&rsquo;autre week-end organis\u00e9 en mai.<\/p>\n<p><a href=\"http:\/\/www.amicale-aeap.fr\/word\/2016\/5938\">Escapade \u00e0 Vienne du 6 au 8 mai 2017<\/a><\/p>\n<p><a href=\"http:\/\/www.amicale-aeap.fr\/word\/2016\/5936\">Escapade \u00e0 Europa Park du 25 au 27 mai 2017<\/a><\/p>\n<p>&nbsp;<\/p>\n<p>En cours de r\u00e9flexion\/organisation par ailleurs\u00a0 :<\/p>\n<ul>\n<li>sortie Cabaret au mois de janvier<\/li>\n<li>journ\u00e9e Jeux de soci\u00e9t\u00e9 au mois de f\u00e9vrier<\/li>\n<li>peut-\u00eatre un week-end de marche nordique, ou un stage photo en mars\/avril<\/li>\n<li>une journ\u00e9e Jeux &amp; familles autour d&rsquo;un barbecue en mai<\/li>\n<li>bien s\u00fbr le week-end du 9 au 11 juin, les RIA chez Rhin-Meuse (vous aurez le th\u00e8me en d\u00e9cembre)<\/li>\n<\/ul>\n<p>Et enfin en dernier, Patricia serait OK pour organiser une nouvelle escapade de type Aventure en 2018, <a href=\"http:\/\/www.amicale-aeap.fr\/word\/2016\/5954\">nous proposons une bo\u00eete \u00e0 id\u00e9es (num\u00e9rique) disponible ici.<\/a><\/p>\n<p>Bonnes vacances \u00e0 tous !<\/p>\n<p>&nbsp;<\/p>\n<p>&nbsp;<\/p>\n<p>&nbsp;<\/p>\n<p>&nbsp;<\/p>\n<p>&nbsp;<\/p>\n<p>&nbsp;<\/p>\n<p><span style=\"border-radius: 2px; text-indent: 20px; width: auto; padding: 0px 4px 0px 0px; text-align: center; font: bold 11px\/20px 'Helvetica Neue',Helvetica,sans-serif; color: #ffffff; background: #bd081c no-repeat scroll 3px 50% \/ 14px 14px; position: absolute; opacity: 1; z-index: 8675309; display: none; cursor: pointer;\">Enregistrer<\/span><\/p>\n","protected":false},"excerpt":{"rendered":"<p>Bonjour \u00e0 tous, Au programme de l&rsquo;amicale ces jours-ci : Randonn\u00e9e au Val Joly : il est toujours possible de vous inscrire ! Sortie \u00e0 Douai le 3 d\u00e9cembre pour un spectacle d&rsquo;exception : pas de regrets ? Organisation du repas de No\u00ebl pour l&rsquo;agence le 16 d\u00e9cembre &#8211; on [&hellip;]<\/p>\n","protected":false},"author":1,"featured_media":0,"comment_status":"open","ping_status":"closed","sticky":false,"template":"","format":"standard","meta":{"footnotes":""},"categories":[1],"tags":[],"class_list":["post-5951","post","type-post","status-publish","format-standard","hentry","category-actus"],"_links":{"self":[{"href":"https:\/\/www.amicale-aeap.fr\/word\/wp-json\/wp\/v2\/posts\/5951","targetHints":{"allow":["GET"]}}],"collection":[{"href":"https:\/\/www.amicale-aeap.fr\/word\/wp-json\/wp\/v2\/posts"}],"about":[{"href":"https:\/\/www.amicale-aeap.fr\/word\/wp-json\/wp\/v2\/types\/post"}],"author":[{"embeddable":true,"href":"https:\/\/www.amicale-aeap.fr\/word\/wp-json\/wp\/v2\/users\/1"}],"replies":[{"embeddable":true,"href":"https:\/\/www.amicale-aeap.fr\/word\/wp-json\/wp\/v2\/comments?post=5951"}],"version-history":[{"count":3,"href":"https:\/\/www.amicale-aeap.fr\/word\/wp-json\/wp\/v2\/posts\/5951\/revisions"}],"predecessor-version":[{"id":5960,"href":"https:\/\/www.amicale-aeap.fr\/word\/wp-json\/wp\/v2\/posts\/5951\/revisions\/5960"}],"wp:attachment":[{"href":"https:\/\/www.amicale-aeap.fr\/word\/wp-json\/wp\/v2\/media?parent=5951"}],"wp:term":[{"taxonomy":"category","embeddable":true,"href":"https:\/\/www.amicale-aeap.fr\/word\/wp-json\/wp\/v2\/categories?post=5951"},{"taxonomy":"post_tag","embeddable":true,"href":"https:\/\/www.amicale-aeap.fr\/word\/wp-json\/wp\/v2\/tags?post=5951"}],"curies":[{"name":"wp","href":"https:\/\/api.w.org\/{rel}","templated":true}]}}