{"id":5936,"date":"2016-10-20T09:35:50","date_gmt":"2016-10-20T08:35:50","guid":{"rendered":"http:\/\/www.amicale-aeap.fr\/word\/?p=5936"},"modified":"2016-10-20T10:41:40","modified_gmt":"2016-10-20T09:41:40","slug":"escapade-a-europa-park-du-25-au-27-mai-2017","status":"publish","type":"post","link":"https:\/\/www.amicale-aeap.fr\/word\/2016\/10\/20\/escapade-a-europa-park-du-25-au-27-mai-2017\/","title":{"rendered":"Escapade \u00e0 Europa Park du 25 au 27 mai 2017"},"content":{"rendered":"<blockquote><p>Bas\u00e9 sur le concept de l\u2019Europe et de ses diversit\u00e9s architecturales, culturelles et gastronomiques, Europa-Park se compose de quartiers th\u00e9matiques, chacun fid\u00e8le aux us et coutumes d\u2019un pays. En quelques pas, vous voil\u00e0 transport\u00e9 sur tout le continent europ\u00e9en, en Russie, en Gr\u00e8ce, en Italie&#8230; ou en Islande !<a href=\"http:\/\/www.amicale-aeap.fr\/word\/wp-content\/uploads\/2016\/10\/Capture-2.jpg\"><img loading=\"lazy\" decoding=\"async\" class=\"size-medium wp-image-5944 alignright\" src=\"http:\/\/www.amicale-aeap.fr\/word\/wp-content\/uploads\/2016\/10\/Capture-2-300x187.jpg\" alt=\"capture-2\" width=\"300\" height=\"187\" srcset=\"https:\/\/www.amicale-aeap.fr\/word\/wp-content\/uploads\/2016\/10\/Capture-2-300x187.jpg 300w, https:\/\/www.amicale-aeap.fr\/word\/wp-content\/uploads\/2016\/10\/Capture-2-768x480.jpg 768w, https:\/\/www.amicale-aeap.fr\/word\/wp-content\/uploads\/2016\/10\/Capture-2-1024x639.jpg 1024w, https:\/\/www.amicale-aeap.fr\/word\/wp-content\/uploads\/2016\/10\/Capture-2.jpg 1166w\" sizes=\"auto, (max-width: 300px) 100vw, 300px\" \/><\/a><\/p>\n<p>Plus de 100 attractions, animations, man\u00e8ges, spectacles et activit\u00e9s sont d\u00e9clin\u00e9s sur 85 hectares. Il y en a pour tous les go\u00fbts et toute la famille. Les oasis de tranquillit\u00e9 et les univers d\u2019aventure se c\u00f4toient, offrant de vivre des moments enjou\u00e9s.<\/p>\n<p>Les visiteurs peuvent notamment d\u00e9couvrir un spectacle de vaillants chevaliers avec leurs fid\u00e8les destriers dans l\u2019ar\u00e8ne espagnole, un film d\u2019animations en 4 D au \u00abMagic Cin\u00e9ma\u00bb du quartier fran\u00e7ais, d\u2019excellents spectacles de vari\u00e9t\u00e9s, de magie, de patinage artistique et des pi\u00e8ces de th\u00e9\u00e2tre de qualit\u00e9 pr\u00e9sent\u00e9s en divers lieux du parc. Bien \u00e9videmment, les plus jeunes sont tout aussi choy\u00e9s : contes, spectacles de marionnettes, clowns et mascottes les attendent !<a href=\"http:\/\/www.amicale-aeap.fr\/word\/wp-content\/uploads\/2016\/10\/Capture-4.jpg\"><img loading=\"lazy\" decoding=\"async\" class=\"size-medium wp-image-5943 alignright\" src=\"http:\/\/www.amicale-aeap.fr\/word\/wp-content\/uploads\/2016\/10\/Capture-4-300x191.jpg\" alt=\"capture-4\" width=\"300\" height=\"191\" srcset=\"https:\/\/www.amicale-aeap.fr\/word\/wp-content\/uploads\/2016\/10\/Capture-4-300x191.jpg 300w, https:\/\/www.amicale-aeap.fr\/word\/wp-content\/uploads\/2016\/10\/Capture-4-768x489.jpg 768w, https:\/\/www.amicale-aeap.fr\/word\/wp-content\/uploads\/2016\/10\/Capture-4-1024x652.jpg 1024w, https:\/\/www.amicale-aeap.fr\/word\/wp-content\/uploads\/2016\/10\/Capture-4.jpg 1139w\" sizes=\"auto, (max-width: 300px) 100vw, 300px\" \/><\/a><\/p>\n<div class=\"regie_17\">D\u2019autre part, tout au long de l\u2019ann\u00e9e, de nombreuses manifestations, des concerts et des f\u00eates<\/div>\n<div class=\"regie_17\">europ\u00e9ennes comme la f\u00eate italienne ou suisse, sont organis\u00e9s dans les diff\u00e9rents quartiers du parc.<\/div>\n<\/blockquote>\n<div class=\"regie_17\">L&rsquo;amicale vous propose de vous faire tourner la t\u00eate \u00e0 la mode europ\u00e9enne du 25 au 27 mai !<\/div>\n<div class=\"regie_17\"><\/div>\n<div class=\"regie_17\"><a href=\"http:\/\/www.amicale-aeap.fr\/word\/wp-content\/uploads\/2016\/10\/BI_EuropaPark.pdf\">T\u00e9l\u00e9charger le bulletin d&rsquo;inscription et le programme<\/a><\/div>\n<div class=\"regie_17\"><\/div>\n<div class=\"regie_17\"><em>Nota Bene : si vous \u00eates tr\u00e8s nombreux \u00e0 vous inscrire, nous pourrions b\u00e9n\u00e9ficier d&rsquo;une diminution du co\u00fbt par personne, qui pourrait \u00eatre r\u00e9percut\u00e9e sous la forme de coupons-repas pour la restauration sur place. <\/em><\/div>\n<div class=\"regie_17\"><\/div>\n<div class=\"regie_17\"><\/div>\n<div class=\"regie_17\"><\/div>\n<div class=\"regie_17\">Inscriptions avant le 18 novembre aupr\u00e8s de Aurore.<\/div>\n<div class=\"regie_17\"><\/div>\n<div class=\"regie_17\"><\/div>\n<p><span style=\"border-radius: 2px; text-indent: 20px; width: auto; padding: 0px 4px 0px 0px; text-align: center; font: bold 11px\/20px 'Helvetica Neue',Helvetica,sans-serif; color: #ffffff; background: #bd081c no-repeat scroll 3px 50% \/ 14px 14px; position: absolute; opacity: 1; z-index: 8675309; display: none; cursor: pointer; top: 316px; left: 819px;\">Enregistrer<\/span><\/p>\n<p><span style=\"border-radius: 2px; text-indent: 20px; width: auto; padding: 0px 4px 0px 0px; text-align: center; font: bold 11px\/20px 'Helvetica Neue',Helvetica,sans-serif; color: #ffffff; background: #bd081c no-repeat scroll 3px 50% \/ 14px 14px; position: absolute; opacity: 1; z-index: 8675309; display: none; cursor: pointer; top: 92px; left: 819px;\">Enregistrer<\/span><\/p>\n<p><span style=\"border-radius: 2px; text-indent: 20px; width: auto; padding: 0px 4px 0px 0px; text-align: center; font: bold 11px\/20px 'Helvetica Neue',Helvetica,sans-serif; color: #ffffff; background: #bd081c no-repeat scroll 3px 50% \/ 14px 14px; position: absolute; opacity: 1; z-index: 8675309; display: none; cursor: pointer; top: 92px; left: 819px;\">Enregistrer<\/span><\/p>\n<p><span style=\"border-radius: 2px; text-indent: 20px; width: auto; padding: 0px 4px 0px 0px; text-align: center; font: bold 11px\/20px 'Helvetica Neue',Helvetica,sans-serif; color: #ffffff; background: #bd081c  no-repeat scroll 3px 50% \/ 14px 14px; position: absolute; opacity: 1; z-index: 8675309; display: none; cursor: pointer; top: 316px; left: 819px;\">Enregistrer<\/span><\/p>\n","protected":false},"excerpt":{"rendered":"<p>Bas\u00e9 sur le concept de l\u2019Europe et de ses diversit\u00e9s architecturales, culturelles et gastronomiques, Europa-Park se compose de quartiers th\u00e9matiques, chacun fid\u00e8le aux us et coutumes d\u2019un pays. En quelques pas, vous voil\u00e0 transport\u00e9 sur tout le continent europ\u00e9en, en Russie, en Gr\u00e8ce, en Italie&#8230; ou en Islande ! Plus [&hellip;]<\/p>\n","protected":false},"author":1,"featured_media":0,"comment_status":"open","ping_status":"closed","sticky":false,"template":"","format":"standard","meta":{"footnotes":""},"categories":[1],"tags":[],"class_list":["post-5936","post","type-post","status-publish","format-standard","hentry","category-actus"],"_links":{"self":[{"href":"https:\/\/www.amicale-aeap.fr\/word\/wp-json\/wp\/v2\/posts\/5936","targetHints":{"allow":["GET"]}}],"collection":[{"href":"https:\/\/www.amicale-aeap.fr\/word\/wp-json\/wp\/v2\/posts"}],"about":[{"href":"https:\/\/www.amicale-aeap.fr\/word\/wp-json\/wp\/v2\/types\/post"}],"author":[{"embeddable":true,"href":"https:\/\/www.amicale-aeap.fr\/word\/wp-json\/wp\/v2\/users\/1"}],"replies":[{"embeddable":true,"href":"https:\/\/www.amicale-aeap.fr\/word\/wp-json\/wp\/v2\/comments?post=5936"}],"version-history":[{"count":6,"href":"https:\/\/www.amicale-aeap.fr\/word\/wp-json\/wp\/v2\/posts\/5936\/revisions"}],"predecessor-version":[{"id":5961,"href":"https:\/\/www.amicale-aeap.fr\/word\/wp-json\/wp\/v2\/posts\/5936\/revisions\/5961"}],"wp:attachment":[{"href":"https:\/\/www.amicale-aeap.fr\/word\/wp-json\/wp\/v2\/media?parent=5936"}],"wp:term":[{"taxonomy":"category","embeddable":true,"href":"https:\/\/www.amicale-aeap.fr\/word\/wp-json\/wp\/v2\/categories?post=5936"},{"taxonomy":"post_tag","embeddable":true,"href":"https:\/\/www.amicale-aeap.fr\/word\/wp-json\/wp\/v2\/tags?post=5936"}],"curies":[{"name":"wp","href":"https:\/\/api.w.org\/{rel}","templated":true}]}}