{"id":5918,"date":"2016-10-06T19:04:19","date_gmt":"2016-10-06T18:04:19","guid":{"rendered":"http:\/\/www.amicale-aeap.fr\/word\/?p=5918"},"modified":"2016-11-03T14:41:27","modified_gmt":"2016-11-03T13:41:27","slug":"randonnee-autour-du-val-joly-le-6-novembre","status":"publish","type":"post","link":"https:\/\/www.amicale-aeap.fr\/word\/2016\/10\/06\/randonnee-autour-du-val-joly-le-6-novembre\/","title":{"rendered":"Randonn\u00e9e autour du Val Joly le 6 novembre"},"content":{"rendered":"<div id=\"GroupWiseSection_1475754799000_JP.Lefebvre@eau-artois-picardie.fr_E6894FE018F60000BDAA84D2120084D2_\" class=\"GroupWiseMessageBody active\">\n<div><img loading=\"lazy\" decoding=\"async\" class=\"alignnone\" src=\"http:\/\/www.valjoly.com\/wp-content\/uploads\/2013\/07\/lac-vu-du-ciel-venir-journee-590x365.jpg\" width=\"590\" height=\"365\" \/><\/div>\n<div><\/div>\n<div>Vous r\u00eaviez de d\u00e9couvrir le Val Joly ? De marcher dans la for\u00eat au coeur de l&rsquo;Avesnois ?<\/div>\n<div>Jean-Pierre et l&rsquo;amicale vous proposent une rando autour du Lac du Val Joly dans l&rsquo;Avesnois.<\/div>\n<\/div>\n<div><\/div>\n<div id=\"GroupWiseSection_1475754799000_JP.Lefebvre@eau-artois-picardie.fr_E6894FE018F60000BDAA84D2120084D2_\" class=\"GroupWiseMessageBody active\">\n<div>Date : 6 Nov 2016<\/div>\n<div>Trajet : covoiturage entre vous pour vous rendre sur place<\/div>\n<div>D\u00e9part de l&rsquo;accueil du Val Joly (coeur de station) \u00e0 9 H 30 pr\u00e9cises<\/div>\n<div>Distance 21 kms<\/div>\n<div>Tour du lac avec une partie importante en zone foresti\u00e8re.<\/div>\n<div>Rando un peu physique ( surtout si le terrain est gras).<\/div>\n<div>Pr\u00e9voir son pique nique le midi<\/div>\n<\/div>\n<div><\/div>\n<div>Inscriptions aupr\u00e8s de Jean-Pierre (bureau 212)<\/div>\n<div><\/div>\n<div>Tous \u00e0 vos godillots \ud83d\ude42<\/div>\n<div id=\"GroupWiseSection_1475754799000_JP.Lefebvre@eau-artois-picardie.fr_E6894FE018F60000BDAA84D2120084D2_\" class=\"GroupWiseMessageBody active\"><\/div>\n<p><span style=\"border-radius: 2px; text-indent: 20px; width: auto; padding: 0px 4px 0px 0px; text-align: center; font: bold 11px\/20px 'Helvetica Neue',Helvetica,sans-serif; color: #ffffff; background: #bd081c no-repeat scroll 3px 50% \/ 14px 14px; position: absolute; opacity: 1; z-index: 8675309; display: none; cursor: pointer; top: 28px; left: 569px;\">Enregistrer<\/span><\/p>\n<p><span style=\"border-radius: 2px; text-indent: 20px; width: auto; padding: 0px 4px 0px 0px; text-align: center; font: bold 11px\/20px 'Helvetica Neue',Helvetica,sans-serif; color: #ffffff; background: #bd081c  no-repeat scroll 3px 50% \/ 14px 14px; position: absolute; opacity: 1; z-index: 8675309; display: none; cursor: pointer; top: 28px; left: 569px;\">Enregistrer<\/span><\/p>\n","protected":false},"excerpt":{"rendered":"<p>Vous r\u00eaviez de d\u00e9couvrir le Val Joly ? De marcher dans la for\u00eat au coeur de l&rsquo;Avesnois ? Jean-Pierre et l&rsquo;amicale vous proposent une rando autour du Lac du Val Joly dans l&rsquo;Avesnois. Date : 6 Nov 2016 Trajet : covoiturage entre vous pour vous rendre sur place D\u00e9part de [&hellip;]<\/p>\n","protected":false},"author":1,"featured_media":0,"comment_status":"open","ping_status":"closed","sticky":false,"template":"","format":"standard","meta":{"footnotes":""},"categories":[1],"tags":[],"class_list":["post-5918","post","type-post","status-publish","format-standard","hentry","category-actus"],"_links":{"self":[{"href":"https:\/\/www.amicale-aeap.fr\/word\/wp-json\/wp\/v2\/posts\/5918","targetHints":{"allow":["GET"]}}],"collection":[{"href":"https:\/\/www.amicale-aeap.fr\/word\/wp-json\/wp\/v2\/posts"}],"about":[{"href":"https:\/\/www.amicale-aeap.fr\/word\/wp-json\/wp\/v2\/types\/post"}],"author":[{"embeddable":true,"href":"https:\/\/www.amicale-aeap.fr\/word\/wp-json\/wp\/v2\/users\/1"}],"replies":[{"embeddable":true,"href":"https:\/\/www.amicale-aeap.fr\/word\/wp-json\/wp\/v2\/comments?post=5918"}],"version-history":[{"count":3,"href":"https:\/\/www.amicale-aeap.fr\/word\/wp-json\/wp\/v2\/posts\/5918\/revisions"}],"predecessor-version":[{"id":5990,"href":"https:\/\/www.amicale-aeap.fr\/word\/wp-json\/wp\/v2\/posts\/5918\/revisions\/5990"}],"wp:attachment":[{"href":"https:\/\/www.amicale-aeap.fr\/word\/wp-json\/wp\/v2\/media?parent=5918"}],"wp:term":[{"taxonomy":"category","embeddable":true,"href":"https:\/\/www.amicale-aeap.fr\/word\/wp-json\/wp\/v2\/categories?post=5918"},{"taxonomy":"post_tag","embeddable":true,"href":"https:\/\/www.amicale-aeap.fr\/word\/wp-json\/wp\/v2\/tags?post=5918"}],"curies":[{"name":"wp","href":"https:\/\/api.w.org\/{rel}","templated":true}]}}