{"id":5860,"date":"2016-08-29T19:11:23","date_gmt":"2016-08-29T18:11:23","guid":{"rendered":"http:\/\/www.amicale-aeap.fr\/word\/?p=5860"},"modified":"2016-09-02T11:12:03","modified_gmt":"2016-09-02T10:12:03","slug":"cest-la-rentree-sportive-de-lamicale","status":"publish","type":"post","link":"https:\/\/www.amicale-aeap.fr\/word\/2016\/08\/29\/cest-la-rentree-sportive-de-lamicale\/","title":{"rendered":"C&rsquo;est la rentr\u00e9e sportive de l&rsquo;amicale !"},"content":{"rendered":"<p>Bonjour \u00e0 tous,<\/p>\n<p>Bon retour \u00e0 ceux qui reviennent de vacances, et bonnes vacances aux septembriens !\u00a0 C&rsquo;est aussi la rentr\u00e9e pour l&rsquo;amicale, avec vos activit\u00e9s r\u00e9guli\u00e8res pr\u00e9f\u00e9r\u00e9es &#8230; Nous vous rappelons les horaires et lieux dans le tableau ci-dessous.<\/p>\n<p>Vous avez la possibilit\u00e9 d&rsquo;essayer une activit\u00e9 pendant une ou deux s\u00e9ances avant de vous inscrire d\u00e9finitivement.<\/p>\n<table>\n<tbody>\n<tr>\n<td width=\"121\"><strong>Activit\u00e9<\/strong><\/td>\n<td width=\"142\"><strong>Fr\u00e9quence<\/strong><\/td>\n<td width=\"189\"><strong>R\u00e9f\u00e9rent<\/strong><\/td>\n<td width=\"76\"><strong>Lieu<\/strong><\/td>\n<td width=\"87\"><strong>Tarif annuel<\/strong><\/td>\n<td><strong>Date de la reprise<\/strong><\/td>\n<\/tr>\n<tr>\n<td width=\"121\">Gymnastique sportive<\/td>\n<td width=\"142\">le lundi de 12h45 \u00e0 13h45<\/td>\n<td width=\"189\">B\u00e9atrice bureau 517<\/td>\n<td width=\"76\">Douai &#8211; salle D\u00e9tente<\/td>\n<td width=\"87\">40 \u20ac<\/td>\n<td>5 septembre<\/td>\n<\/tr>\n<tr>\n<td width=\"121\">Gymnastique douce<\/td>\n<td width=\"142\">le vendredi de 12h45 \u00e0 13h45<\/td>\n<td width=\"189\">Krystina bureau 502 ou Nadine bureau 203<\/td>\n<td width=\"76\">Douai &#8211; salle D\u00e9tente<\/td>\n<td width=\"87\">40 \u20ac<\/td>\n<td>2 septembre<\/td>\n<\/tr>\n<tr>\n<td width=\"121\">Marche nordique<\/td>\n<td width=\"142\">le lundi de 12h15 \u00e0 13h45 &#8211; possibilit\u00e9 de modifier le jour si consensus entre les participants<\/td>\n<td width=\"189\">Anne D. bureau Doc<\/td>\n<td width=\"76\">Douai &#8211; rdv dans le hall<\/td>\n<td width=\"87\">40 \u20ac<\/td>\n<td>5 septembre<\/td>\n<\/tr>\n<tr>\n<td width=\"121\">Pilate<\/td>\n<td width=\"142\">le mardi de 12h00 \u00e0 13h00 et 13h00 \u00e0 14h00<\/td>\n<td width=\"189\">S\u00e9verine bureau 523<\/td>\n<td width=\"76\">Douai &#8211; salle D\u00e9tente<\/td>\n<td width=\"87\">40 \u20ac<\/td>\n<td>6 septembre<\/td>\n<\/tr>\n<tr>\n<td width=\"121\">Pilate \u00e0 Amiens<\/td>\n<td width=\"142\">le mardi de 12h00 \u00e0 13h00<\/td>\n<td width=\"189\">Catherine D<\/td>\n<td width=\"76\">Amiens<\/td>\n<td width=\"87\">40 \u20ac<\/td>\n<td>4 octobre<\/td>\n<\/tr>\n<\/tbody>\n<\/table>\n<p>Par contre,\u00a0 plus d&rsquo;arts plastiques cette ann\u00e9e, l&rsquo;activit\u00e9 est suspendue faute d&rsquo;un assez grand nombre de participants. Et il semblerait \u00e9galement que la salle Multiform aupr\u00e8s de laquelle nous avions des tarifs pr\u00e9f\u00e9rentiels ait ferm\u00e9. <strong><br \/>\n<\/strong><\/p>\n<p>Si vous avez une id\u00e9e d&rsquo;activit\u00e9, nous sommes ouverts ! La salle est libre le jeudi midi. Renseignez-vous, trouvez un animateur pour votre activit\u00e9, faites vos propositions !<\/p>\n<p>Nous vous souhaitons \u00e0 tous une bonne rentr\u00e9e sportive !<\/p>\n<p>&nbsp;<\/p>\n<p>&nbsp;<\/p>\n<p>&nbsp;<\/p>\n<p>&nbsp;<\/p>\n<p>&nbsp;<\/p>\n<p>&nbsp;<\/p>\n<p>&nbsp;<\/p>\n<div><\/div>\n<div><\/div>\n<p>&nbsp;<\/p>\n<p>&nbsp;<\/p>\n<p>&nbsp;<\/p>\n<p>&nbsp;<\/p>\n","protected":false},"excerpt":{"rendered":"<p>Bonjour \u00e0 tous, Bon retour \u00e0 ceux qui reviennent de vacances, et bonnes vacances aux septembriens !\u00a0 C&rsquo;est aussi la rentr\u00e9e pour l&rsquo;amicale, avec vos activit\u00e9s r\u00e9guli\u00e8res pr\u00e9f\u00e9r\u00e9es &#8230; Nous vous rappelons les horaires et lieux dans le tableau ci-dessous. Vous avez la possibilit\u00e9 d&rsquo;essayer une activit\u00e9 pendant une ou [&hellip;]<\/p>\n","protected":false},"author":1,"featured_media":4483,"comment_status":"open","ping_status":"closed","sticky":false,"template":"","format":"standard","meta":{"footnotes":""},"categories":[1],"tags":[],"class_list":["post-5860","post","type-post","status-publish","format-standard","has-post-thumbnail","hentry","category-actus"],"_links":{"self":[{"href":"https:\/\/www.amicale-aeap.fr\/word\/wp-json\/wp\/v2\/posts\/5860","targetHints":{"allow":["GET"]}}],"collection":[{"href":"https:\/\/www.amicale-aeap.fr\/word\/wp-json\/wp\/v2\/posts"}],"about":[{"href":"https:\/\/www.amicale-aeap.fr\/word\/wp-json\/wp\/v2\/types\/post"}],"author":[{"embeddable":true,"href":"https:\/\/www.amicale-aeap.fr\/word\/wp-json\/wp\/v2\/users\/1"}],"replies":[{"embeddable":true,"href":"https:\/\/www.amicale-aeap.fr\/word\/wp-json\/wp\/v2\/comments?post=5860"}],"version-history":[{"count":8,"href":"https:\/\/www.amicale-aeap.fr\/word\/wp-json\/wp\/v2\/posts\/5860\/revisions"}],"predecessor-version":[{"id":5881,"href":"https:\/\/www.amicale-aeap.fr\/word\/wp-json\/wp\/v2\/posts\/5860\/revisions\/5881"}],"wp:featuredmedia":[{"embeddable":true,"href":"https:\/\/www.amicale-aeap.fr\/word\/wp-json\/wp\/v2\/media\/4483"}],"wp:attachment":[{"href":"https:\/\/www.amicale-aeap.fr\/word\/wp-json\/wp\/v2\/media?parent=5860"}],"wp:term":[{"taxonomy":"category","embeddable":true,"href":"https:\/\/www.amicale-aeap.fr\/word\/wp-json\/wp\/v2\/categories?post=5860"},{"taxonomy":"post_tag","embeddable":true,"href":"https:\/\/www.amicale-aeap.fr\/word\/wp-json\/wp\/v2\/tags?post=5860"}],"curies":[{"name":"wp","href":"https:\/\/api.w.org\/{rel}","templated":true}]}}