{"id":5683,"date":"2016-05-24T20:27:29","date_gmt":"2016-05-24T19:27:29","guid":{"rendered":"http:\/\/www.amicale-aeap.fr\/word\/?p=5683"},"modified":"2016-05-25T13:24:02","modified_gmt":"2016-05-25T12:24:02","slug":"sejour-a-la-neige-fevrier-2017","status":"publish","type":"post","link":"https:\/\/www.amicale-aeap.fr\/word\/2016\/05\/24\/sejour-a-la-neige-fevrier-2017\/","title":{"rendered":"S\u00e9jour \u00e0 la neige f\u00e9vrier 2017"},"content":{"rendered":"<p>Vous l&rsquo;attendiez tous ! Le voil\u00e0 !! Le s\u00e9jour \u00e0 la neige 2017 !<\/p>\n<p>\u00c7a avait bien march\u00e9 il y a deux ans, donc on remet \u00e7a &#8230; \u00e0 l&rsquo;hotel MMV Panorama aux Deux Alpes !<\/p>\n<h2><strong>DATES : DU 18 au 25 FEVRIER 2017<\/strong><\/h2>\n<p><a href=\"http:\/\/www.amicale-aeap.fr\/word\/wp-content\/uploads\/2014\/05\/hotel-club-mmv-le-panorama01.jpg\" rel=\"attachment wp-att-4225\"><img loading=\"lazy\" decoding=\"async\" class=\"alignright wp-image-4225 size-medium\" src=\"http:\/\/www.amicale-aeap.fr\/word\/wp-content\/uploads\/2014\/05\/hotel-club-mmv-le-panorama01-300x200.jpg\" alt=\"hotel-club-mmv-le-panorama01\" width=\"300\" height=\"200\" srcset=\"https:\/\/www.amicale-aeap.fr\/word\/wp-content\/uploads\/2014\/05\/hotel-club-mmv-le-panorama01-300x200.jpg 300w, https:\/\/www.amicale-aeap.fr\/word\/wp-content\/uploads\/2014\/05\/hotel-club-mmv-le-panorama01.jpg 720w\" sizes=\"auto, (max-width: 300px) 100vw, 300px\" \/><\/a>Situ\u00e9 au pied des pistes, l&rsquo;H\u00f4tel Club MMV le Panorama vous accueille dans un environnement convivial et cosy, id\u00e9al pour des vacances en famille. L&rsquo;h\u00f4tel club le Panorama aux Deux Alpes a \u00e9galement mis\u00e9 sur la qualit\u00e9 des installations afin de garantir des soir\u00e9es et un apr\u00e8s-ski agr\u00e9able. L&rsquo;espace bien-\u00eatre \u00e9quip\u00e9 de deux jacuzzis, sauna et hammam est \u00e0 disposition des r\u00e9sidents pour se relaxer et prendre soin de soi. L&rsquo;\u00e9tablissement dispose enfin de deux restaurants, d&rsquo;un bar spacieux avec un coin chemin\u00e9e et d&rsquo;une salle de spectacle pour partager des moments conviviaux. Trois clubs enfants sont \u00e0 disposition dans cet h\u00f4tel club au c\u0153ur des 2 Alpes.<\/p>\n<p><strong>Les plus de la station et de l&rsquo;h\u00f4tel<br \/>\n<\/strong><\/p>\n<p>Espace Bien-\u00eatre avec soins Pure Altitude\u00ae<br \/>\nPistes \u00e0 50m avec Point Rencontre ESF (Champam\u00e9)<br \/>\nBar avec chemin\u00e9e et animations le soir<br \/>\nLocation de skis sur place, local pour ranger les skis<br \/>\nPension compl\u00e8te<\/p>\n<p><span style=\"color: #ff0000;\"><strong>Important\u00a0 :<\/strong><\/span><\/p>\n<ul>\n<li>Le s\u00e9jour est ouvert aux amicalistes et \u00e0 leurs ayant-droits \u00e0 l\u2019inscription \u00e0 l\u2019amicale d\u00e9but 2016, soit l\u2019ayant-droit d\u00e9clar\u00e9 et les enfants de l\u2019amicaliste.<\/li>\n<li><strong>Transport non compris<\/strong> &#8211;\u00a0 St\u00e9phane T et Catherine Z vont n\u00e9gocier et proposer un tarif groupe pour le train, merci de cocher la case dans le bulletin d&rsquo;inscription si vous \u00eates int\u00e9ress\u00e9s &#8230;.<\/li>\n<li>Suite \u00e0 une discussion personnelle avec des moniteurs ESF l&rsquo;ann\u00e9e derni\u00e8re, il appara\u00eet que les cours de ski sont plus int\u00e9ressants au niveau financier ET pour la progression des enfants si on prend un moniteur particulier pour 4 enfants, plut\u00f4t que de les inscrire dans les cours classiques o\u00f9 ils se retrouvent dans des grands groupes et passent beaucoup de temps \u00e0 patienter. Mais pour cela, il faut que le mini-groupe ait le m\u00eame niveau. Donc si vous \u00eates int\u00e9ress\u00e9s pour \u00e9ventuellement \u00e9tudier cette possibilit\u00e9 et grouper des inscriptions aux cours, selon les niveaux des autres enfants inscrits, merci de cocher la case correspondante et d&rsquo;indiquer les niveaux de ski de vos enfants dans le bulletin d&rsquo;inscription.<\/li>\n<li>Possibilit\u00e9 de payer par ch\u00e8ques vacances.<\/li>\n<li>En cas d&rsquo;annulation sans motif valable selon le contrat pass\u00e9 entre l&rsquo;amicale et MMV, des p\u00e9nalit\u00e9s seront \u00e0 pr\u00e9voir. Nous faisons ce que nous pouvons pour garantir le maximum de flexibilit\u00e9, mais une fois le contrat sign\u00e9, nous devons nous conformer \u00e0 ses termes.<\/li>\n<\/ul>\n<p>La participation financi\u00e8re de l\u2019amicale varie selon les ressources du m\u00e9nage (sous r\u00e9serve de pr\u00e9sentation des justificatifs ad\u00e9quats aupr\u00e8s de la tr\u00e9sori\u00e8re, de la pr\u00e9sidente ou de Claudine P.) et le co\u00fbt du s\u00e9jour. Le quotient familial est calcul\u00e9 comme suit\u00a0:\u00a0 Quotient familial = revenu fiscal de r\u00e9f\u00e9rence du m\u00e9nage \/ (nombre parts * 12). Ce s\u00e9jour est propos\u00e9 en double participation financi\u00e8re.<\/p>\n<table border=\"0\" width=\"425\" cellspacing=\"0\" cellpadding=\"0\">\n<tbody>\n<tr>\n<td valign=\"top\" width=\"94\"><strong>TRANCHE<\/strong><\/td>\n<td valign=\"top\" width=\"98\"><strong>QUOTIENT FAMILIAL<\/strong><\/td>\n<td valign=\"top\" width=\"119\"><strong>SIMPLE PARTICIPATION FINANCI\u00c8RE<br \/>\n<\/strong><\/td>\n<td valign=\"top\" width=\"113\"><strong>DOUBLE PARTICIPATION FINANCI\u00c8RE<br \/>\n<\/strong><\/td>\n<\/tr>\n<tr>\n<td style=\"text-align: center;\" valign=\"top\" width=\"94\">1<\/td>\n<td valign=\"top\" width=\"98\">Plus de 1051\u20ac<\/td>\n<td valign=\"top\" width=\"119\">40% plafonn\u00e9 \u00e0 200\u20ac<\/td>\n<td valign=\"top\" width=\"113\">le double de la simple PF<\/td>\n<\/tr>\n<tr>\n<td style=\"text-align: center;\" valign=\"top\" width=\"94\">2<\/td>\n<td valign=\"top\" width=\"98\">Entre 751 et 1050\u20ac<\/td>\n<td valign=\"top\" width=\"119\">45% plafonn\u00e9 \u00e0 250\u20ac<\/td>\n<td valign=\"top\" width=\"113\">le double de la simple PF<\/td>\n<\/tr>\n<tr>\n<td style=\"text-align: center;\" valign=\"top\" width=\"94\">3<\/td>\n<td valign=\"top\" width=\"98\">Moins de 750\u20ac<\/td>\n<td valign=\"top\" width=\"119\">50% plafonn\u00e9 \u00e0 300\u20ac<\/td>\n<td valign=\"top\" width=\"113\">le double de la simple PF<\/td>\n<\/tr>\n<tr>\n<td style=\"text-align: center;\" valign=\"top\" width=\"94\">Retrait\u00e9s<\/td>\n<td valign=\"top\" width=\"98\"><\/td>\n<td valign=\"top\" width=\"119\">40% plafonn\u00e9 \u00e0 150\u20ac<\/td>\n<td valign=\"top\" width=\"113\">le double de la simple PF<\/td>\n<\/tr>\n<\/tbody>\n<\/table>\n<p><strong>Responsables de l\u2019activit\u00e9 : <\/strong>Claudine P.\u2013 Anne D.<br \/>\n<strong>Inscriptions :<\/strong> Claudine P.<\/p>\n<p><span style=\"color: #ff0000;\">Cl\u00f4ture des inscriptions pour le 30\/06\/2016\u00a0<\/span><\/p>\n<p><a href=\"http:\/\/www.amicale-aeap.fr\/word\/wp-content\/uploads\/2016\/05\/S\u00e9jour-neige-2017.pdf\" rel=\"\">T\u00e9l\u00e9chargez la grille des tarifs et le bulletin d&rsquo;inscription : S\u00e9jour neige 2017<\/a><\/p>\n<p><em>ATTENTION :<\/em> L&rsquo;amicale a budg\u00e9tis\u00e9 un certain montant pour ce s\u00e9jour. Selon les inscriptions, l&rsquo;amicale se r\u00e9serve le droit de prioriser les inscriptions (r\u00e8gles \u00e0 voir : premiers inscrits, personnes n&rsquo;ayant pas particip\u00e9 au voyage \u00e0 la neige il y a deux ans, &#8230;), de reporter le voyage, ou de prendre toutes mesures n\u00e9cessaires si le budget n&rsquo;est pas suffisant &#8230; Nous ferons au mieux pour satisfaire tout le monde, bien s\u00fbr, dans la concertation.<\/p>\n<p>&nbsp;<\/p>\n","protected":false},"excerpt":{"rendered":"<p>Vous l&rsquo;attendiez tous ! Le voil\u00e0 !! Le s\u00e9jour \u00e0 la neige 2017 ! \u00c7a avait bien march\u00e9 il y a deux ans, donc on remet \u00e7a &#8230; \u00e0 l&rsquo;hotel MMV Panorama aux Deux Alpes ! DATES : DU 18 au 25 FEVRIER 2017 Situ\u00e9 au pied des pistes, l&rsquo;H\u00f4tel [&hellip;]<\/p>\n","protected":false},"author":1,"featured_media":2668,"comment_status":"open","ping_status":"closed","sticky":false,"template":"","format":"standard","meta":{"footnotes":""},"categories":[1],"tags":[],"class_list":["post-5683","post","type-post","status-publish","format-standard","has-post-thumbnail","hentry","category-actus"],"_links":{"self":[{"href":"https:\/\/www.amicale-aeap.fr\/word\/wp-json\/wp\/v2\/posts\/5683","targetHints":{"allow":["GET"]}}],"collection":[{"href":"https:\/\/www.amicale-aeap.fr\/word\/wp-json\/wp\/v2\/posts"}],"about":[{"href":"https:\/\/www.amicale-aeap.fr\/word\/wp-json\/wp\/v2\/types\/post"}],"author":[{"embeddable":true,"href":"https:\/\/www.amicale-aeap.fr\/word\/wp-json\/wp\/v2\/users\/1"}],"replies":[{"embeddable":true,"href":"https:\/\/www.amicale-aeap.fr\/word\/wp-json\/wp\/v2\/comments?post=5683"}],"version-history":[{"count":10,"href":"https:\/\/www.amicale-aeap.fr\/word\/wp-json\/wp\/v2\/posts\/5683\/revisions"}],"predecessor-version":[{"id":5694,"href":"https:\/\/www.amicale-aeap.fr\/word\/wp-json\/wp\/v2\/posts\/5683\/revisions\/5694"}],"wp:featuredmedia":[{"embeddable":true,"href":"https:\/\/www.amicale-aeap.fr\/word\/wp-json\/wp\/v2\/media\/2668"}],"wp:attachment":[{"href":"https:\/\/www.amicale-aeap.fr\/word\/wp-json\/wp\/v2\/media?parent=5683"}],"wp:term":[{"taxonomy":"category","embeddable":true,"href":"https:\/\/www.amicale-aeap.fr\/word\/wp-json\/wp\/v2\/categories?post=5683"},{"taxonomy":"post_tag","embeddable":true,"href":"https:\/\/www.amicale-aeap.fr\/word\/wp-json\/wp\/v2\/tags?post=5683"}],"curies":[{"name":"wp","href":"https:\/\/api.w.org\/{rel}","templated":true}]}}