{"id":5673,"date":"2016-04-28T20:15:45","date_gmt":"2016-04-28T19:15:45","guid":{"rendered":"http:\/\/www.amicale-aeap.fr\/word\/?p=5673"},"modified":"2016-06-10T12:26:37","modified_gmt":"2016-06-10T11:26:37","slug":"le-souffle-de-la-terre-spectacle-son-lumiere","status":"publish","type":"post","link":"https:\/\/www.amicale-aeap.fr\/word\/2016\/04\/28\/le-souffle-de-la-terre-spectacle-son-lumiere\/","title":{"rendered":"Relance : Le souffle de la terre &#8211; spectacle Son &#038; Lumi\u00e8re"},"content":{"rendered":"<p><span style=\"color: #ff6600;\">Manifestez-vous aupr\u00e8s de M\u00e9lina ou Marc si vous \u00eates int\u00e9ress\u00e9s !<\/span><\/p>\n<p><strong>L&rsquo;amicale propose une sortie Son &amp; Lumi\u00e8re avec le spectacle Le souffle de la terre, \u00e0 Ailly sur Noye, le samedi 10 septembre 2016. <\/strong><\/p>\n<p>Au programme :<\/p>\n<ul>\n<li>Repas tout compris dans un chapiteau avec menu comprenant un ap\u00e9ritif, une entr\u00e9e, un plat, fromage, dessert, une boisson, caf\u00e9.<\/li>\n<li>Spectacle avec nouvelles sc\u00e8nes, d\u00e9cors, costumes<\/li>\n<li>D\u00e9placement en covoiturage entre amicalistes (si plus de 20 amicalistes inscrits, nous \u00e9tudierons la possibilit\u00e9 de pr\u00e9voir un bus, moyennant un petit suppl\u00e9ment, si assez de personnes int\u00e9ress\u00e9es)<\/li>\n<\/ul>\n<p><!--more--><\/p>\n<p>Tarif pour les amicalistes : 15 \u20ac adulte, 8 \u20ac enfant 5-12 ans<\/p>\n<p>Bulletin d&rsquo;inscription : <a href=\"http:\/\/www.amicale-aeap.fr\/word\/wp-content\/uploads\/2016\/04\/BI_souffle_terre.pdf\" rel=\"\">BI_souffle_terre<\/a><\/p>\n<p><a href=\"http:\/\/www.amicale-aeap.fr\/word\/wp-content\/uploads\/2016\/04\/sl_1_theme2016_diapo.jpg\" rel=\"attachment wp-att-5674\"><img loading=\"lazy\" decoding=\"async\" class=\"alignright size-full wp-image-5674\" src=\"http:\/\/www.amicale-aeap.fr\/word\/wp-content\/uploads\/2016\/04\/sl_1_theme2016_diapo.jpg\" alt=\"sl_1_theme2016_diapo\" width=\"1000\" height=\"372\" srcset=\"https:\/\/www.amicale-aeap.fr\/word\/wp-content\/uploads\/2016\/04\/sl_1_theme2016_diapo.jpg 1000w, https:\/\/www.amicale-aeap.fr\/word\/wp-content\/uploads\/2016\/04\/sl_1_theme2016_diapo-300x112.jpg 300w, https:\/\/www.amicale-aeap.fr\/word\/wp-content\/uploads\/2016\/04\/sl_1_theme2016_diapo-768x286.jpg 768w\" sizes=\"auto, (max-width: 1000px) 100vw, 1000px\" \/><\/a><\/p>\n<p><em>En 2016, Le souffle de la terre met l&rsquo;accent sur le centenaire de la bataille de la Somme.<\/em><\/p>\n<p><em>Parmi les animations propos\u00e9es en arrivant sur le site, \u00e0 partir de 19h, le spectateur d\u00e9couvrira une \u00e9vocation de l&rsquo;ambiance des tranch\u00e9es juste avant la grande offensive du 1<sup>er<\/sup> juillet 1916.<\/em><\/p>\n<p><em>Puis viendra l&rsquo;heure de gagner le gradin de 3000 places. L\u00e0, le visiteur se laissera tout d&rsquo;abord aborder, en pr\u00e9ambule du spectacle, par des acteurs qui incarneront pour lui des combattants de 1916, ainsi que des membres de leur famille rest\u00e9s au village.<\/em><\/p>\n<p><em>Enfin, le spectacle commencera, grandiose, magique, \u00e9mouvant, avec ses 3500 personnages costum\u00e9s. Une nouvelle sc\u00e8ne tr\u00e8s spectaculaire viendra compl\u00e9ter et enrichir le tableau consacr\u00e9 \u00e0 la Grande Guerre.<\/em><\/p>\n<p><em>D&rsquo;autres surprises, de nouvelles musiques, de nouvelles chor\u00e9graphies, de nouveaux costumes, donneront encore plus d&rsquo;\u00e9clat \u00e0 un spectacle qui, plus que jamais, surprendra par sa d\u00e9mesure, son originalit\u00e9, son dynamisme, et surtout par l&rsquo;\u00e9motion qu&rsquo;il d\u00e9gage.<\/em><\/p>\n<p><a href=\"http:\/\/www.amicale-aeap.fr\/word\/wp-content\/uploads\/2016\/04\/affiche_A4.jpg\" rel=\"attachment wp-att-5675\"><img loading=\"lazy\" decoding=\"async\" class=\"alignright size-full wp-image-5675\" src=\"http:\/\/www.amicale-aeap.fr\/word\/wp-content\/uploads\/2016\/04\/affiche_A4.jpg\" alt=\"affiche_A4\" width=\"640\" height=\"878\" srcset=\"https:\/\/www.amicale-aeap.fr\/word\/wp-content\/uploads\/2016\/04\/affiche_A4.jpg 640w, https:\/\/www.amicale-aeap.fr\/word\/wp-content\/uploads\/2016\/04\/affiche_A4-219x300.jpg 219w\" sizes=\"auto, (max-width: 640px) 100vw, 640px\" \/><\/a><\/p>\n","protected":false},"excerpt":{"rendered":"<p>Manifestez-vous aupr\u00e8s de M\u00e9lina ou Marc si vous \u00eates int\u00e9ress\u00e9s ! L&rsquo;amicale propose une sortie Son &amp; Lumi\u00e8re avec le spectacle Le souffle de la terre, \u00e0 Ailly sur Noye, le samedi 10 septembre 2016. Au programme : Repas tout compris dans un chapiteau avec menu comprenant un ap\u00e9ritif, une [&hellip;]<\/p>\n","protected":false},"author":1,"featured_media":5674,"comment_status":"open","ping_status":"closed","sticky":false,"template":"","format":"standard","meta":{"footnotes":""},"categories":[1],"tags":[],"class_list":["post-5673","post","type-post","status-publish","format-standard","has-post-thumbnail","hentry","category-actus"],"_links":{"self":[{"href":"https:\/\/www.amicale-aeap.fr\/word\/wp-json\/wp\/v2\/posts\/5673","targetHints":{"allow":["GET"]}}],"collection":[{"href":"https:\/\/www.amicale-aeap.fr\/word\/wp-json\/wp\/v2\/posts"}],"about":[{"href":"https:\/\/www.amicale-aeap.fr\/word\/wp-json\/wp\/v2\/types\/post"}],"author":[{"embeddable":true,"href":"https:\/\/www.amicale-aeap.fr\/word\/wp-json\/wp\/v2\/users\/1"}],"replies":[{"embeddable":true,"href":"https:\/\/www.amicale-aeap.fr\/word\/wp-json\/wp\/v2\/comments?post=5673"}],"version-history":[{"count":3,"href":"https:\/\/www.amicale-aeap.fr\/word\/wp-json\/wp\/v2\/posts\/5673\/revisions"}],"predecessor-version":[{"id":5704,"href":"https:\/\/www.amicale-aeap.fr\/word\/wp-json\/wp\/v2\/posts\/5673\/revisions\/5704"}],"wp:featuredmedia":[{"embeddable":true,"href":"https:\/\/www.amicale-aeap.fr\/word\/wp-json\/wp\/v2\/media\/5674"}],"wp:attachment":[{"href":"https:\/\/www.amicale-aeap.fr\/word\/wp-json\/wp\/v2\/media?parent=5673"}],"wp:term":[{"taxonomy":"category","embeddable":true,"href":"https:\/\/www.amicale-aeap.fr\/word\/wp-json\/wp\/v2\/categories?post=5673"},{"taxonomy":"post_tag","embeddable":true,"href":"https:\/\/www.amicale-aeap.fr\/word\/wp-json\/wp\/v2\/tags?post=5673"}],"curies":[{"name":"wp","href":"https:\/\/api.w.org\/{rel}","templated":true}]}}