{"id":5669,"date":"2016-04-23T12:52:56","date_gmt":"2016-04-23T11:52:56","guid":{"rendered":"http:\/\/www.amicale-aeap.fr\/word\/?p=5669"},"modified":"2016-04-22T12:56:59","modified_gmt":"2016-04-22T11:56:59","slug":"retour-sur-lassemblee-generale-du-21-avril","status":"publish","type":"post","link":"https:\/\/www.amicale-aeap.fr\/word\/2016\/04\/23\/retour-sur-lassemblee-generale-du-21-avril\/","title":{"rendered":"Retour sur l&rsquo;Assembl\u00e9e G\u00e9n\u00e9rale du 21 avril"},"content":{"rendered":"<p>Bonjour \u00e0 tous,<\/p>\n<p>L&rsquo;AG de hier s&rsquo;est bien d\u00e9roul\u00e9e.<\/p>\n<p>Vous trouverez en lien ci-apr\u00e8s le diaporama pr\u00e9sent\u00e9 en s\u00e9ance, amend\u00e9 des r\u00e9sultats des \u00e9lections : <a href=\"http:\/\/www.amicale-aeap.fr\/word\/wp-content\/uploads\/2016\/04\/AG_2016_postAG.pdf\" rel=\"\">AG_2016_postAG<\/a><\/p>\n<p>Le nouvel conseil comprend les personnes suivantes :<\/p>\n<ul>\n<li>Elus en 2016 : Catherine Saldo, Patrice Bizais,\u00a0 Vincent Cappelle, G\u00e9raldine Aubert, Soria Benderradji, M\u00e9lina Seyman, Nolwenn Thepaut<\/li>\n<li>Elus en 2015 : Karine Vall\u00e9e, Am\u00e9lie Vlandas, Catherine Zacharko, Bruno P\u00e9nisson<\/li>\n<\/ul>\n<p>Amicalement,<\/p>\n<p>Le conseil.<\/p>\n<p>&nbsp;<\/p>\n<p>&nbsp;<\/p>\n<p>&nbsp;<\/p>\n","protected":false},"excerpt":{"rendered":"<p>Bonjour \u00e0 tous, L&rsquo;AG de hier s&rsquo;est bien d\u00e9roul\u00e9e. Vous trouverez en lien ci-apr\u00e8s le diaporama pr\u00e9sent\u00e9 en s\u00e9ance, amend\u00e9 des r\u00e9sultats des \u00e9lections : AG_2016_postAG Le nouvel conseil comprend les personnes suivantes : Elus en 2016 : Catherine Saldo, Patrice Bizais,\u00a0 Vincent Cappelle, G\u00e9raldine Aubert, Soria Benderradji, M\u00e9lina Seyman, [&hellip;]<\/p>\n","protected":false},"author":1,"featured_media":0,"comment_status":"open","ping_status":"closed","sticky":false,"template":"","format":"standard","meta":{"footnotes":""},"categories":[1],"tags":[],"class_list":["post-5669","post","type-post","status-publish","format-standard","hentry","category-actus"],"_links":{"self":[{"href":"https:\/\/www.amicale-aeap.fr\/word\/wp-json\/wp\/v2\/posts\/5669","targetHints":{"allow":["GET"]}}],"collection":[{"href":"https:\/\/www.amicale-aeap.fr\/word\/wp-json\/wp\/v2\/posts"}],"about":[{"href":"https:\/\/www.amicale-aeap.fr\/word\/wp-json\/wp\/v2\/types\/post"}],"author":[{"embeddable":true,"href":"https:\/\/www.amicale-aeap.fr\/word\/wp-json\/wp\/v2\/users\/1"}],"replies":[{"embeddable":true,"href":"https:\/\/www.amicale-aeap.fr\/word\/wp-json\/wp\/v2\/comments?post=5669"}],"version-history":[{"count":1,"href":"https:\/\/www.amicale-aeap.fr\/word\/wp-json\/wp\/v2\/posts\/5669\/revisions"}],"predecessor-version":[{"id":5671,"href":"https:\/\/www.amicale-aeap.fr\/word\/wp-json\/wp\/v2\/posts\/5669\/revisions\/5671"}],"wp:attachment":[{"href":"https:\/\/www.amicale-aeap.fr\/word\/wp-json\/wp\/v2\/media?parent=5669"}],"wp:term":[{"taxonomy":"category","embeddable":true,"href":"https:\/\/www.amicale-aeap.fr\/word\/wp-json\/wp\/v2\/categories?post=5669"},{"taxonomy":"post_tag","embeddable":true,"href":"https:\/\/www.amicale-aeap.fr\/word\/wp-json\/wp\/v2\/tags?post=5669"}],"curies":[{"name":"wp","href":"https:\/\/api.w.org\/{rel}","templated":true}]}}