{"id":5662,"date":"2016-04-18T17:00:01","date_gmt":"2016-04-18T16:00:01","guid":{"rendered":"http:\/\/www.amicale-aeap.fr\/word\/?p=5662"},"modified":"2016-04-18T16:38:14","modified_gmt":"2016-04-18T15:38:14","slug":"assemblee-generale-ce-jeudi-21-avril-a-15h","status":"publish","type":"post","link":"https:\/\/www.amicale-aeap.fr\/word\/2016\/04\/18\/assemblee-generale-ce-jeudi-21-avril-a-15h\/","title":{"rendered":"Assembl\u00e9e g\u00e9n\u00e9rale ce jeudi 21 avril \u00e0 15h."},"content":{"rendered":"<p>Bonjour \u00e0 tous,<\/p>\n<p>Nous vous rappelons que l&rsquo;Assembl\u00e9e G\u00e9n\u00e9rale de l&rsquo;amicale se d\u00e9roulera ce jeudi 21 avril \u00e0 15h dans la salle du restaurant. L&rsquo;ordre du jour est envoy\u00e9 un peu tardivement, mais rien d&rsquo;exceptionnel dans les sujets abord\u00e9s.<\/p>\n<p><strong>Ordre du jour\u00a0:<\/strong><\/p>\n<ul>\n<li>Approbation des comptes de l\u2019exercice clos avec Mr Verez<\/li>\n<li>\u00c9lections du conseil d\u2019administration<\/li>\n<li>Bilan de l\u2019ann\u00e9e 2015, projets 2016 en cours<\/li>\n<li>Appel \u00e0 projets pour 2017<\/li>\n<li>Budget pr\u00e9visionnel<\/li>\n<li>Questions diverses<\/li>\n<\/ul>\n<p><strong>\u00c9lections, se pr\u00e9sentent\u00a0: <\/strong><\/p>\n<ul>\n<li>Catherine Saldo<\/li>\n<li>Patrice Bizais<\/li>\n<li>Vincent Cappelle<\/li>\n<li>G\u00e9raldine Aubert<\/li>\n<li>Soria Benderradji<\/li>\n<li>M\u00e9lina Seyman<\/li>\n<li>Nolwenn Thepaut<\/li>\n<\/ul>\n<p>Vous trouverez ci-dessous le bulletin\u00a0 de vote avec le pouvoir, \u00e0 imprimer pour venir \u00e0 l&rsquo;Assembl\u00e9e, ou \u00e0 remplir pour donner pouvoir \u00e0 un autre amicaliste qui viendra \u00e0 l&rsquo;Assembl\u00e9e. Chaque amicaliste ne peut recevoir plus de 5 pouvoirs.<\/p>\n<p><a href=\"http:\/\/www.amicale-aeap.fr\/word\/wp-content\/uploads\/2016\/04\/BULLETIN_AG_2016.pdf\" rel=\"\">BULLETIN_AG_2016<\/a><\/p>\n<p>Vous trouverez ci-dessous un rapport d&rsquo;activit\u00e9s de l&rsquo;amicale : assez succinct, mais qui r\u00e9sume l&rsquo;ann\u00e9e en un A4.<\/p>\n<p><a href=\"http:\/\/www.amicale-aeap.fr\/word\/wp-content\/uploads\/2016\/04\/Rapport_Activit\u00e9s_2015_v2.pdf\" rel=\"\">Rapport_Activit\u00e9s_2015_v2<\/a><\/p>\n<p><strong>Nous vous attendons nombreux !!<\/strong><\/p>\n<p>&nbsp;<\/p>\n","protected":false},"excerpt":{"rendered":"<p>Bonjour \u00e0 tous, Nous vous rappelons que l&rsquo;Assembl\u00e9e G\u00e9n\u00e9rale de l&rsquo;amicale se d\u00e9roulera ce jeudi 21 avril \u00e0 15h dans la salle du restaurant. L&rsquo;ordre du jour est envoy\u00e9 un peu tardivement, mais rien d&rsquo;exceptionnel dans les sujets abord\u00e9s. Ordre du jour\u00a0: Approbation des comptes de l\u2019exercice clos avec Mr [&hellip;]<\/p>\n","protected":false},"author":1,"featured_media":5505,"comment_status":"open","ping_status":"closed","sticky":false,"template":"","format":"standard","meta":{"footnotes":""},"categories":[1],"tags":[],"class_list":["post-5662","post","type-post","status-publish","format-standard","has-post-thumbnail","hentry","category-actus"],"_links":{"self":[{"href":"https:\/\/www.amicale-aeap.fr\/word\/wp-json\/wp\/v2\/posts\/5662","targetHints":{"allow":["GET"]}}],"collection":[{"href":"https:\/\/www.amicale-aeap.fr\/word\/wp-json\/wp\/v2\/posts"}],"about":[{"href":"https:\/\/www.amicale-aeap.fr\/word\/wp-json\/wp\/v2\/types\/post"}],"author":[{"embeddable":true,"href":"https:\/\/www.amicale-aeap.fr\/word\/wp-json\/wp\/v2\/users\/1"}],"replies":[{"embeddable":true,"href":"https:\/\/www.amicale-aeap.fr\/word\/wp-json\/wp\/v2\/comments?post=5662"}],"version-history":[{"count":3,"href":"https:\/\/www.amicale-aeap.fr\/word\/wp-json\/wp\/v2\/posts\/5662\/revisions"}],"predecessor-version":[{"id":5668,"href":"https:\/\/www.amicale-aeap.fr\/word\/wp-json\/wp\/v2\/posts\/5662\/revisions\/5668"}],"wp:featuredmedia":[{"embeddable":true,"href":"https:\/\/www.amicale-aeap.fr\/word\/wp-json\/wp\/v2\/media\/5505"}],"wp:attachment":[{"href":"https:\/\/www.amicale-aeap.fr\/word\/wp-json\/wp\/v2\/media?parent=5662"}],"wp:term":[{"taxonomy":"category","embeddable":true,"href":"https:\/\/www.amicale-aeap.fr\/word\/wp-json\/wp\/v2\/categories?post=5662"},{"taxonomy":"post_tag","embeddable":true,"href":"https:\/\/www.amicale-aeap.fr\/word\/wp-json\/wp\/v2\/tags?post=5662"}],"curies":[{"name":"wp","href":"https:\/\/api.w.org\/{rel}","templated":true}]}}