{"id":5607,"date":"2016-03-11T14:49:41","date_gmt":"2016-03-11T13:49:41","guid":{"rendered":"http:\/\/www.amicale-aeap.fr\/word\/?p=5607"},"modified":"2016-03-11T14:50:14","modified_gmt":"2016-03-11T13:50:14","slug":"la-minute-infos-locales","status":"publish","type":"post","link":"https:\/\/www.amicale-aeap.fr\/word\/2016\/03\/11\/la-minute-infos-locales\/","title":{"rendered":"La minute \u00ab\u00a0infos locales\u00a0\u00bb"},"content":{"rendered":"<p>Du 22 au 29 f\u00e9vrier, les lyc\u00e9ens et apprentis se sont mobilis\u00e9s pour trouver un nom \u00e0 notre nouvelle r\u00e9gion. Ils ont fait des propositions, et un grand sondage a \u00e9t\u00e9 lanc\u00e9 pour choisir parmi ces propositions. Alors, vous \u00eates plut\u00f4t Terres du Nord ou Hauts de France ? R\u00e9pondez avant le 14 mars !<\/p>\n<p>Vous trouverez le sondage \u00e0 cette adresse :<a href=\"http:\/\/www.nordpasdecalaispicardie.fr\/sondage-nom-region\/\"> http:\/\/www.nordpasdecalaispicardie.fr\/sondage-nom-region\/<\/a><\/p>\n<p>&nbsp;<\/p>\n","protected":false},"excerpt":{"rendered":"<p>Du 22 au 29 f\u00e9vrier, les lyc\u00e9ens et apprentis se sont mobilis\u00e9s pour trouver un nom \u00e0 notre nouvelle r\u00e9gion. Ils ont fait des propositions, et un grand sondage a \u00e9t\u00e9 lanc\u00e9 pour choisir parmi ces propositions. Alors, vous \u00eates plut\u00f4t Terres du Nord ou Hauts de France ? R\u00e9pondez [&hellip;]<\/p>\n","protected":false},"author":1,"featured_media":0,"comment_status":"open","ping_status":"closed","sticky":false,"template":"","format":"standard","meta":{"footnotes":""},"categories":[1],"tags":[],"class_list":["post-5607","post","type-post","status-publish","format-standard","hentry","category-actus"],"_links":{"self":[{"href":"https:\/\/www.amicale-aeap.fr\/word\/wp-json\/wp\/v2\/posts\/5607","targetHints":{"allow":["GET"]}}],"collection":[{"href":"https:\/\/www.amicale-aeap.fr\/word\/wp-json\/wp\/v2\/posts"}],"about":[{"href":"https:\/\/www.amicale-aeap.fr\/word\/wp-json\/wp\/v2\/types\/post"}],"author":[{"embeddable":true,"href":"https:\/\/www.amicale-aeap.fr\/word\/wp-json\/wp\/v2\/users\/1"}],"replies":[{"embeddable":true,"href":"https:\/\/www.amicale-aeap.fr\/word\/wp-json\/wp\/v2\/comments?post=5607"}],"version-history":[{"count":4,"href":"https:\/\/www.amicale-aeap.fr\/word\/wp-json\/wp\/v2\/posts\/5607\/revisions"}],"predecessor-version":[{"id":5611,"href":"https:\/\/www.amicale-aeap.fr\/word\/wp-json\/wp\/v2\/posts\/5607\/revisions\/5611"}],"wp:attachment":[{"href":"https:\/\/www.amicale-aeap.fr\/word\/wp-json\/wp\/v2\/media?parent=5607"}],"wp:term":[{"taxonomy":"category","embeddable":true,"href":"https:\/\/www.amicale-aeap.fr\/word\/wp-json\/wp\/v2\/categories?post=5607"},{"taxonomy":"post_tag","embeddable":true,"href":"https:\/\/www.amicale-aeap.fr\/word\/wp-json\/wp\/v2\/tags?post=5607"}],"curies":[{"name":"wp","href":"https:\/\/api.w.org\/{rel}","templated":true}]}}