{"id":5597,"date":"2016-02-18T18:34:00","date_gmt":"2016-02-18T17:34:00","guid":{"rendered":"http:\/\/www.amicale-aeap.fr\/word\/?p=5597"},"modified":"2016-02-18T14:35:26","modified_gmt":"2016-02-18T13:35:26","slug":"preparation-des-ria-2016","status":"publish","type":"post","link":"https:\/\/www.amicale-aeap.fr\/word\/2016\/02\/18\/preparation-des-ria-2016\/","title":{"rendered":"PREPARATION DES RIA 2016 !!!"},"content":{"rendered":"<p>En 2015, Artois-Picardie organisait ses Rencontres Inter-Agences sur le th\u00e8me des contes et l\u00e9gendes avec brio.<\/p>\n<p>Il est maintenant l&rsquo;heure\u00a0de pr\u00e9parer notre victoire pour\u00a0les RIA 2016.<\/p>\n<p><img loading=\"lazy\" decoding=\"async\" class=\"aligncenter size-medium wp-image-5424\" src=\"http:\/\/www.amicale-aeap.fr\/word\/wp-content\/uploads\/2015\/12\/12345528_10207756596770246_4965288498778705256_n-257x300.jpg\" alt=\"12345528_10207756596770246_4965288498778705256_n\" width=\"257\" height=\"300\" srcset=\"https:\/\/www.amicale-aeap.fr\/word\/wp-content\/uploads\/2015\/12\/12345528_10207756596770246_4965288498778705256_n-257x300.jpg 257w, https:\/\/www.amicale-aeap.fr\/word\/wp-content\/uploads\/2015\/12\/12345528_10207756596770246_4965288498778705256_n.jpg 633w\" sizes=\"auto, (max-width: 257px) 100vw, 257px\" \/><\/p>\n<p>IL NOUS FAUT LE\u00a0BOUCLIER !!<\/p>\n<p>Pour cela, nous devons nous pr\u00e9parer.<\/p>\n<p>Pour commencer \u00e0\u00a0r\u00e9fl\u00e9chir et s&rsquo;organiser, je vous propose de nous r\u00e9unir le <strong>25 f\u00e9vrier \u00e0 13h en salle d\u00e9tente au sous-sol<\/strong>.<\/p>\n<p>Vous n&rsquo;avez pas eu le temps de vous inscrire, pas de probl\u00e8me, il est encore temps !<br \/>\nVenez nous retrouver jeudi 25 \u00e0 13h.<br \/>\n<a href=\"http:\/\/www.amicale-aeap.fr\/word\/wp-content\/uploads\/2015\/12\/Bulletin_inscription_RIA.pdf\" rel=\"\">Bulletin_inscription_RIA<\/a><br \/>\nVous n&rsquo;\u00eates pas disponible ce jour l\u00e0, mais souhaitez tout de m\u00eame participer au rencontres Inter-Agences, manifestez-vous !<\/p>\n<p>Je vous attends nombreux et nombreuses.<\/p>\n<p>Catherine S.<\/p>\n","protected":false},"excerpt":{"rendered":"<p>En 2015, Artois-Picardie organisait ses Rencontres Inter-Agences sur le th\u00e8me des contes et l\u00e9gendes avec brio. Il est maintenant l&rsquo;heure\u00a0de pr\u00e9parer notre victoire pour\u00a0les RIA 2016. IL NOUS FAUT LE\u00a0BOUCLIER !! Pour cela, nous devons nous pr\u00e9parer. Pour commencer \u00e0\u00a0r\u00e9fl\u00e9chir et s&rsquo;organiser, je vous propose de nous r\u00e9unir le 25 [&hellip;]<\/p>\n","protected":false},"author":162,"featured_media":0,"comment_status":"open","ping_status":"closed","sticky":false,"template":"","format":"standard","meta":{"footnotes":""},"categories":[1],"tags":[],"class_list":["post-5597","post","type-post","status-publish","format-standard","hentry","category-actus"],"_links":{"self":[{"href":"https:\/\/www.amicale-aeap.fr\/word\/wp-json\/wp\/v2\/posts\/5597","targetHints":{"allow":["GET"]}}],"collection":[{"href":"https:\/\/www.amicale-aeap.fr\/word\/wp-json\/wp\/v2\/posts"}],"about":[{"href":"https:\/\/www.amicale-aeap.fr\/word\/wp-json\/wp\/v2\/types\/post"}],"author":[{"embeddable":true,"href":"https:\/\/www.amicale-aeap.fr\/word\/wp-json\/wp\/v2\/users\/162"}],"replies":[{"embeddable":true,"href":"https:\/\/www.amicale-aeap.fr\/word\/wp-json\/wp\/v2\/comments?post=5597"}],"version-history":[{"count":3,"href":"https:\/\/www.amicale-aeap.fr\/word\/wp-json\/wp\/v2\/posts\/5597\/revisions"}],"predecessor-version":[{"id":5600,"href":"https:\/\/www.amicale-aeap.fr\/word\/wp-json\/wp\/v2\/posts\/5597\/revisions\/5600"}],"wp:attachment":[{"href":"https:\/\/www.amicale-aeap.fr\/word\/wp-json\/wp\/v2\/media?parent=5597"}],"wp:term":[{"taxonomy":"category","embeddable":true,"href":"https:\/\/www.amicale-aeap.fr\/word\/wp-json\/wp\/v2\/categories?post=5597"},{"taxonomy":"post_tag","embeddable":true,"href":"https:\/\/www.amicale-aeap.fr\/word\/wp-json\/wp\/v2\/tags?post=5597"}],"curies":[{"name":"wp","href":"https:\/\/api.w.org\/{rel}","templated":true}]}}