{"id":5509,"date":"2016-01-11T13:28:04","date_gmt":"2016-01-11T12:28:04","guid":{"rendered":"http:\/\/www.amicale-aeap.fr\/word\/?p=5509"},"modified":"2016-01-11T13:28:04","modified_gmt":"2016-01-11T12:28:04","slug":"inscriptions-en-cours","status":"publish","type":"post","link":"https:\/\/www.amicale-aeap.fr\/word\/2016\/01\/11\/inscriptions-en-cours\/","title":{"rendered":"Inscriptions en cours &#8230;."},"content":{"rendered":"<p>Petit rappel en ce d\u00e9but d&rsquo;ann\u00e9e sur les actions en cours !<\/p>\n<p>Nous recueillons actuellement les inscriptions pour :<\/p>\n<ul>\n<li>Une semaine kayak ou randonn\u00e9e avec <strong>Terres d&rsquo;aventure<\/strong> en Corse du 17 au 24 septembre 2016 pour les tr\u00e8s sportifs : <a href=\"http:\/\/www.amicale-aeap.fr\/word\/2015\/5454\">c&rsquo;est par ici.<\/a><\/li>\n<li>Une semaine en pension compl\u00e8te dans le Cotentin les pieds dans l&rsquo;eau du 09 au 16 avril 2016 pour les familles ou les voyageurs plus \u00ab\u00a0confort\u00a0\u00bb :<a href=\"http:\/\/www.amicale-aeap.fr\/word\/2015\/5443\"> c&rsquo;est par ici<\/a>.<\/li>\n<li>Les Rencontres-Inter Agences 2016 sur le th\u00e8me du Cirque : <a href=\"http:\/\/www.amicale-aeap.fr\/word\/2015\/5421\">c&rsquo;est par l\u00e0<\/a>.<\/li>\n<\/ul>\n<p>Si vous avez des r\u00e9gimes alimentaires sp\u00e9cifiques \u00e0 prendre en compte, merci de le signaler syst\u00e9matiquement \u00e0 la personne qui recueille les inscriptions, pour qu&rsquo;elle puisse relayer au prestataire.<\/p>\n<p>R\u00e9fl\u00e9chissez aux projets 2016-2017 que vous pourriez proposer, projets \u00e0 pr\u00e9senter \u00e0 l&rsquo;AG en mars-avril !<\/p>\n<p>Une bonne semaine \u00e0 tous \ud83d\ude42<\/p>\n<p>&nbsp;<\/p>\n<p>&nbsp;<\/p>\n<p>&nbsp;<\/p>\n<p>&nbsp;<\/p>\n<p>&nbsp;<\/p>\n","protected":false},"excerpt":{"rendered":"<p>Petit rappel en ce d\u00e9but d&rsquo;ann\u00e9e sur les actions en cours ! Nous recueillons actuellement les inscriptions pour : Une semaine kayak ou randonn\u00e9e avec Terres d&rsquo;aventure en Corse du 17 au 24 septembre 2016 pour les tr\u00e8s sportifs : c&rsquo;est par ici. Une semaine en pension compl\u00e8te dans le [&hellip;]<\/p>\n","protected":false},"author":1,"featured_media":5472,"comment_status":"open","ping_status":"closed","sticky":false,"template":"","format":"standard","meta":{"footnotes":""},"categories":[1],"tags":[],"class_list":["post-5509","post","type-post","status-publish","format-standard","has-post-thumbnail","hentry","category-actus"],"_links":{"self":[{"href":"https:\/\/www.amicale-aeap.fr\/word\/wp-json\/wp\/v2\/posts\/5509","targetHints":{"allow":["GET"]}}],"collection":[{"href":"https:\/\/www.amicale-aeap.fr\/word\/wp-json\/wp\/v2\/posts"}],"about":[{"href":"https:\/\/www.amicale-aeap.fr\/word\/wp-json\/wp\/v2\/types\/post"}],"author":[{"embeddable":true,"href":"https:\/\/www.amicale-aeap.fr\/word\/wp-json\/wp\/v2\/users\/1"}],"replies":[{"embeddable":true,"href":"https:\/\/www.amicale-aeap.fr\/word\/wp-json\/wp\/v2\/comments?post=5509"}],"version-history":[{"count":1,"href":"https:\/\/www.amicale-aeap.fr\/word\/wp-json\/wp\/v2\/posts\/5509\/revisions"}],"predecessor-version":[{"id":5510,"href":"https:\/\/www.amicale-aeap.fr\/word\/wp-json\/wp\/v2\/posts\/5509\/revisions\/5510"}],"wp:featuredmedia":[{"embeddable":true,"href":"https:\/\/www.amicale-aeap.fr\/word\/wp-json\/wp\/v2\/media\/5472"}],"wp:attachment":[{"href":"https:\/\/www.amicale-aeap.fr\/word\/wp-json\/wp\/v2\/media?parent=5509"}],"wp:term":[{"taxonomy":"category","embeddable":true,"href":"https:\/\/www.amicale-aeap.fr\/word\/wp-json\/wp\/v2\/categories?post=5509"},{"taxonomy":"post_tag","embeddable":true,"href":"https:\/\/www.amicale-aeap.fr\/word\/wp-json\/wp\/v2\/tags?post=5509"}],"curies":[{"name":"wp","href":"https:\/\/api.w.org\/{rel}","templated":true}]}}