{"id":5456,"date":"2015-12-16T15:19:07","date_gmt":"2015-12-16T14:19:07","guid":{"rendered":"http:\/\/www.amicale-aeap.fr\/word\/?p=5456"},"modified":"2015-12-16T15:19:07","modified_gmt":"2015-12-16T14:19:07","slug":"et-pour-2016-dernier-petit-cadeau-avant-noel","status":"publish","type":"post","link":"https:\/\/www.amicale-aeap.fr\/word\/2015\/12\/16\/et-pour-2016-dernier-petit-cadeau-avant-noel\/","title":{"rendered":"Et pour 2016 &#8230;.. dernier petit cadeau avant No\u00ebl :)"},"content":{"rendered":"<p>Pour 2016, quelques derniers petits projets que vous attendiez tous ! Attention, inscriptions avant le 15 janvier 2016 pour ces deux projets (au choix, vous pouvez vous inscrire \u00e0 l&rsquo;un, ou l&rsquo;autre, mais pas les deux) :<\/p>\n<ul>\n<li>Une semaine kayak ou randonn\u00e9e en Corse du 17 au 24 septembre 2016 pour les tr\u00e8s sportifs : <a href=\"http:\/\/www.amicale-aeap.fr\/word\/2015\/5454\">c&rsquo;est par ici.<\/a><\/li>\n<li>Une semaine en pension compl\u00e8te dans le Cotentin les pieds dans l&rsquo;eau du 09 au 16 avril 2016 pour les familles ou les voyageurs plus \u00ab\u00a0confort\u00a0\u00bb :<a href=\"http:\/\/www.amicale-aeap.fr\/word\/2015\/5443\"> c&rsquo;est par ici<\/a>.<\/li>\n<\/ul>\n<p>En cours d&rsquo;\u00e9tude \u00e9galement pour 2016 :<\/p>\n<ul>\n<li>un week-end Thalassoth\u00e9rapie au Touquet en mars<\/li>\n<li>un week-end \u00e0 Europa Park pour le week-end de la Pentec\u00f4te<\/li>\n<li>peut-\u00eatre une journ\u00e9e Famille Barbecue Activit\u00e9s (si on trouve un week-end de libre !).<\/li>\n<\/ul>\n<p>Les projets suivants dont nous avons connaissance sont :<\/p>\n<ul>\n<li>2017 : une semaine au ski &#8211; nous allons commencer \u00e0 \u00e9tudier la question<\/li>\n<li>2018 : voyage inter-agences organis\u00e9 par Rhin-Meuse en Islande, ils commencent les demandes de devis.<\/li>\n<\/ul>\n<p>Si vous avez des projets ou que vous souhaitez organiser quelque chose, n&rsquo;h\u00e9sitez pas \u00e0 venir nous voir pour que nous puissions les planifier !<\/p>\n<p>En attendant, l&rsquo;amicale vous souhaite \u00e0 tous de joyeuses f\u00eates de fin d&rsquo;ann\u00e9e !<\/p>\n<p><a href=\"http:\/\/www.amicale-aeap.fr\/word\/wp-content\/uploads\/2015\/12\/PereNoelCourant500.jpg\"><img loading=\"lazy\" decoding=\"async\" class=\"alignright size-medium wp-image-5487\" src=\"http:\/\/www.amicale-aeap.fr\/word\/wp-content\/uploads\/2015\/12\/PereNoelCourant500-300x300.jpg\" alt=\"PereNoelCourant500\" width=\"300\" height=\"300\" srcset=\"https:\/\/www.amicale-aeap.fr\/word\/wp-content\/uploads\/2015\/12\/PereNoelCourant500-300x300.jpg 300w, https:\/\/www.amicale-aeap.fr\/word\/wp-content\/uploads\/2015\/12\/PereNoelCourant500-150x150.jpg 150w, https:\/\/www.amicale-aeap.fr\/word\/wp-content\/uploads\/2015\/12\/PereNoelCourant500.jpg 500w\" sizes=\"auto, (max-width: 300px) 100vw, 300px\" \/><\/a><\/p>\n","protected":false},"excerpt":{"rendered":"<p>Pour 2016, quelques derniers petits projets que vous attendiez tous ! Attention, inscriptions avant le 15 janvier 2016 pour ces deux projets (au choix, vous pouvez vous inscrire \u00e0 l&rsquo;un, ou l&rsquo;autre, mais pas les deux) : Une semaine kayak ou randonn\u00e9e en Corse du 17 au 24 septembre 2016 [&hellip;]<\/p>\n","protected":false},"author":1,"featured_media":5487,"comment_status":"open","ping_status":"closed","sticky":false,"template":"","format":"standard","meta":{"footnotes":""},"categories":[1],"tags":[],"class_list":["post-5456","post","type-post","status-publish","format-standard","has-post-thumbnail","hentry","category-actus"],"_links":{"self":[{"href":"https:\/\/www.amicale-aeap.fr\/word\/wp-json\/wp\/v2\/posts\/5456","targetHints":{"allow":["GET"]}}],"collection":[{"href":"https:\/\/www.amicale-aeap.fr\/word\/wp-json\/wp\/v2\/posts"}],"about":[{"href":"https:\/\/www.amicale-aeap.fr\/word\/wp-json\/wp\/v2\/types\/post"}],"author":[{"embeddable":true,"href":"https:\/\/www.amicale-aeap.fr\/word\/wp-json\/wp\/v2\/users\/1"}],"replies":[{"embeddable":true,"href":"https:\/\/www.amicale-aeap.fr\/word\/wp-json\/wp\/v2\/comments?post=5456"}],"version-history":[{"count":4,"href":"https:\/\/www.amicale-aeap.fr\/word\/wp-json\/wp\/v2\/posts\/5456\/revisions"}],"predecessor-version":[{"id":5488,"href":"https:\/\/www.amicale-aeap.fr\/word\/wp-json\/wp\/v2\/posts\/5456\/revisions\/5488"}],"wp:featuredmedia":[{"embeddable":true,"href":"https:\/\/www.amicale-aeap.fr\/word\/wp-json\/wp\/v2\/media\/5487"}],"wp:attachment":[{"href":"https:\/\/www.amicale-aeap.fr\/word\/wp-json\/wp\/v2\/media?parent=5456"}],"wp:term":[{"taxonomy":"category","embeddable":true,"href":"https:\/\/www.amicale-aeap.fr\/word\/wp-json\/wp\/v2\/categories?post=5456"},{"taxonomy":"post_tag","embeddable":true,"href":"https:\/\/www.amicale-aeap.fr\/word\/wp-json\/wp\/v2\/tags?post=5456"}],"curies":[{"name":"wp","href":"https:\/\/api.w.org\/{rel}","templated":true}]}}