{"id":5427,"date":"2015-12-17T21:33:54","date_gmt":"2015-12-17T20:33:54","guid":{"rendered":"http:\/\/www.amicale-aeap.fr\/word\/?p=5427"},"modified":"2015-12-17T09:34:51","modified_gmt":"2015-12-17T08:34:51","slug":"et-pour-bien-commencer-lannee-2016","status":"publish","type":"post","link":"https:\/\/www.amicale-aeap.fr\/word\/2015\/12\/17\/et-pour-bien-commencer-lannee-2016\/","title":{"rendered":"Et pour bien commencer l&rsquo;ann\u00e9e 2016.."},"content":{"rendered":"<h1 style=\"text-align: justify;\">..une nouvelle activit\u00e9 : le Pilates !!<\/h1>\n<h2 style=\"text-align: justify;\">Le Pilates c&rsquo;est quoi ?!<\/h2>\n<p style=\"text-align: justify;\"><a href=\"http:\/\/www.amicale-aeap.fr\/word\/wp-content\/uploads\/2015\/12\/Le-pilate-cest-quoi.png\"><img loading=\"lazy\" decoding=\"async\" class=\" wp-image-5428 aligncenter\" src=\"http:\/\/www.amicale-aeap.fr\/word\/wp-content\/uploads\/2015\/12\/Le-pilate-cest-quoi-123x300.png\" alt=\"Le pilate c'est quoi\" width=\"84\" height=\"205\" srcset=\"https:\/\/www.amicale-aeap.fr\/word\/wp-content\/uploads\/2015\/12\/Le-pilate-cest-quoi-123x300.png 123w, https:\/\/www.amicale-aeap.fr\/word\/wp-content\/uploads\/2015\/12\/Le-pilate-cest-quoi.png 170w\" sizes=\"auto, (max-width: 84px) 100vw, 84px\" \/><\/a><\/p>\n<p style=\"text-align: justify;\">Le Pilates est une m\u00e9thode douce qui vise \u00e0 renforcer les cha\u00eenes profondes du corps.<\/p>\n<h2 style=\"text-align: justify;\">Pour quoi faire ?!<\/h2>\n<p style=\"text-align: justify;\">Son objectif est de ramener le corps dans un alignement id\u00e9al, cr\u00e9ant ainsi une forte stabilit\u00e9 limitant de ce fait les douleurs et blessures permanentes.<\/p>\n<p style=\"text-align: justify;\">Elle a pour objectif\u00a0d\u2019harmoniser votre silhouette, en vous apportant une plus grande force int\u00e9rieure.<\/p>\n<p style=\"text-align: justify;\">Vous allez red\u00e9couvrir votre corps de fa\u00e7on \u00e0 mieux le comprendre et, de ce fait, \u00e0 mieux le contr\u00f4ler. Il s\u2019agit d\u2019exercices bas\u00e9s sur la respiration thoracique, la musculation des abdominaux en profondeur, l\u2019appr\u00e9hension de la posture du corps, la relaxation et les \u00e9tirements dans le but de lutter contre le mal de dos, travailler les muscles profonds du corps et renforcer les abdominaux et le p\u00e9rin\u00e9e dans chaque mouvement.<\/p>\n<h2 style=\"text-align: justify;\">Comment ?!<\/h2>\n<p style=\"text-align: justify;\">La m\u00e9thode Pilates comprend huit principes de base :<\/p>\n<h4 style=\"text-align: justify;\">La respiration<\/h4>\n<p style=\"text-align: justify;\">C&rsquo;est la propre respiration de l&rsquo;individu qui pratique la m\u00e9thode Pilates qui rythme ses exercices. La technique respiratoire naturelle de chacun est pr\u00e9serv\u00e9e et encourag\u00e9e.<\/p>\n<h4 style=\"text-align: justify;\">La ma\u00eetrise des mouvements<\/h4>\n<p style=\"text-align: justify;\">La ma\u00eetrise du mouvement est importante et c&rsquo;est pour cela que la m\u00e9thode Pilates demande le plus souvent un coach, un instructeur qui enseigne les exercices \u00e0 un nombre restreint de personnes. L&rsquo;ensemble des mouvements r\u00e9alis\u00e9s doivent \u00eatre pr\u00e9cis sans aucune tricherie de la part de ceux qui les r\u00e9alisent.<\/p>\n<h4 style=\"text-align: justify;\">La fr\u00e9quence<\/h4>\n<p style=\"text-align: justify;\">Lorsque vous d\u00e9butez la m\u00e9thode Pilates, sachez que c&rsquo;est de la fr\u00e9quence et de la r\u00e9gularit\u00e9 des exercices que les r\u00e9sultats seront obtenus. Votre assiduit\u00e9 \u00e0 vos entrainements vous apportera rapidement un bien-\u00eatre inesp\u00e9r\u00e9.<\/p>\n<h4 style=\"text-align: justify;\">Le centrage<\/h4>\n<p style=\"text-align: justify;\">Pour Pilates, l&rsquo;engagement du centre du corps doit \u00eatre pr\u00e9sent dans la totalit\u00e9 des exercices r\u00e9alis\u00e9s.<\/p>\n<h4 style=\"text-align: justify;\">La pr\u00e9cision<\/h4>\n<p style=\"text-align: justify;\">Dans la m\u00e9thode Pilates, chaque exercice \u00e0 entreprendre a un nom bien pr\u00e9cis. Ceci facilite la mise en oeuvre de ceux-ci et la mani\u00e8re de les r\u00e9aliser par des mouvements propres et millimetr\u00e9s du d\u00e9but \u00e0 la fin. La concentration sera \u00e9galement n\u00e9cessaire.<\/p>\n<h4 style=\"text-align: justify;\">La fluidit\u00e9<\/h4>\n<p style=\"text-align: justify;\">Pour r\u00e9ussir correctement les exercices de la m\u00e9thode Pilates, les mouvements seront ex\u00e9cut\u00e9s avec fluidit\u00e9, sans a-coups pour accro\u00eetre la ma\u00eetrise de son corps.<\/p>\n<h4 style=\"text-align: justify;\">L&rsquo;isolation<\/h4>\n<p style=\"text-align: justify;\">Pour rechercher la ma\u00eetrise de son corps, avec des exercices parfois difficiles, l&rsquo;isolation d&rsquo;une partie du corps par rapport \u00e0 une autre est n\u00e9cessaire.<\/p>\n<h4 style=\"text-align: justify;\">La concentration<\/h4>\n<p style=\"text-align: justify;\">Le dernier principe de base est la concentration. Faire le vide autour de soi renforcera celle-ci. Sans la concentration, la m\u00e9thode Pilates ne vous apportera certainement pas les r\u00e9sultats escompt\u00e9s. C&rsquo;est gr\u00e2ce \u00e0 elle que l&rsquo;esprit ne fait plus qu&rsquo;un avec le corps.<\/p>\n<p style=\"text-align: justify;\">Cette m\u00e9thode douce sollicite l&rsquo;ensemble des muscles, qu&rsquo;ils soient profonds comme superficiels. Elle apporte un mieux vivre au quotidien gr\u00e2ce \u00e0 l&rsquo;am\u00e9lioration de sa musculature, de sa souplesse et de la coordination des mouvements.<\/p>\n<h2 style=\"text-align: justify;\">Pour qui ?!<\/h2>\n<p style=\"text-align: justify;\">M\u00e9thode accessible \u00e0 toutes et \u00e0 tous (sportif, non sportif, femme enceinte, s\u00e9nior, ..)<\/p>\n<p style=\"text-align: justify;\"><strong><span style=\"color: #3366ff;\">Deux s\u00e9ances d\u2019essais gratuites vous sont propos\u00e9es les mardi 5 et 12 janvier.<br \/>\n<\/span><\/strong><strong><span style=\"color: #3366ff;\">Si l\u2019essai est concluant, nous maintiendrons l\u2019activit\u00e9.<\/span><\/strong><\/p>\n<p style=\"text-align: justify;\">L\u2019activit\u00e9 aura lieu une fois par semaine tout au long de l\u2019ann\u00e9e.<br \/>\nDes s\u00e9ances d&rsquo;une heure\u00a0le mardi\u00a0\u00e0 partir de 12h45\u00a0dans la salle d\u00e9tente\u00a0de l\u2019Agence.<br \/>\nPour plus d&rsquo;infos, le site Internet du coach : <a href=\"http:\/\/pilathorizon.wifeo.com\/\" target=\"_blank\">http:\/\/pilathorizon.wifeo.com\/<\/a><\/p>\n<p style=\"text-align: justify;\"><strong>Inscription aupr\u00e8s de S\u00e9verine LANDR\u0116 jusqu\u2019au\u00a04 janvier pour les deux s\u00e9ances d\u2019essai gratuites !!<br \/>\nSi nous avons assez de personnes int\u00e9ress\u00e9es et que les cours se passent bien, nous lancerons cette activit\u00e9 sur toute l\u2019ann\u00e9e !<\/strong><\/p>\n<p style=\"text-align: justify;\">Pour tous renseignements\u00a0compl\u00e9mentaires rapprochez-vous de S\u00e9verine LANDR\u0116 (bureau 523).<\/p>\n<p style=\"text-align: justify;\"><em>Pour \u00e9conomiser les impressions et sauver la plan\u00e8te, nous n\u2019avons pas pr\u00e9vu de bulletin d\u2019inscription.<\/em><br \/>\n<em>Un\u00a0tableau de suivi des inscriptions sera tenu par S\u00e9verine.<\/em><\/p>\n","protected":false},"excerpt":{"rendered":"<p>..une nouvelle activit\u00e9 : le Pilates !! Le Pilates c&rsquo;est quoi ?! Le Pilates est une m\u00e9thode douce qui vise \u00e0 renforcer les cha\u00eenes profondes du corps. Pour quoi faire ?! Son objectif est de ramener le corps dans un alignement id\u00e9al, cr\u00e9ant ainsi une forte stabilit\u00e9 limitant de ce [&hellip;]<\/p>\n","protected":false},"author":162,"featured_media":0,"comment_status":"open","ping_status":"closed","sticky":false,"template":"","format":"standard","meta":{"footnotes":""},"categories":[46,1],"tags":[],"class_list":["post-5427","post","type-post","status-publish","format-standard","hentry","category-activites-sportives","category-actus"],"_links":{"self":[{"href":"https:\/\/www.amicale-aeap.fr\/word\/wp-json\/wp\/v2\/posts\/5427","targetHints":{"allow":["GET"]}}],"collection":[{"href":"https:\/\/www.amicale-aeap.fr\/word\/wp-json\/wp\/v2\/posts"}],"about":[{"href":"https:\/\/www.amicale-aeap.fr\/word\/wp-json\/wp\/v2\/types\/post"}],"author":[{"embeddable":true,"href":"https:\/\/www.amicale-aeap.fr\/word\/wp-json\/wp\/v2\/users\/162"}],"replies":[{"embeddable":true,"href":"https:\/\/www.amicale-aeap.fr\/word\/wp-json\/wp\/v2\/comments?post=5427"}],"version-history":[{"count":17,"href":"https:\/\/www.amicale-aeap.fr\/word\/wp-json\/wp\/v2\/posts\/5427\/revisions"}],"predecessor-version":[{"id":5494,"href":"https:\/\/www.amicale-aeap.fr\/word\/wp-json\/wp\/v2\/posts\/5427\/revisions\/5494"}],"wp:attachment":[{"href":"https:\/\/www.amicale-aeap.fr\/word\/wp-json\/wp\/v2\/media?parent=5427"}],"wp:term":[{"taxonomy":"category","embeddable":true,"href":"https:\/\/www.amicale-aeap.fr\/word\/wp-json\/wp\/v2\/categories?post=5427"},{"taxonomy":"post_tag","embeddable":true,"href":"https:\/\/www.amicale-aeap.fr\/word\/wp-json\/wp\/v2\/tags?post=5427"}],"curies":[{"name":"wp","href":"https:\/\/api.w.org\/{rel}","templated":true}]}}