{"id":5363,"date":"2015-11-23T13:34:00","date_gmt":"2015-11-23T12:34:00","guid":{"rendered":"http:\/\/www.amicale-aeap.fr\/word\/?p=5363"},"modified":"2015-11-23T13:34:00","modified_gmt":"2015-11-23T12:34:00","slug":"invitation-au-repas-de-noel-vendredi-18-decembre","status":"publish","type":"post","link":"https:\/\/www.amicale-aeap.fr\/word\/2015\/11\/23\/invitation-au-repas-de-noel-vendredi-18-decembre\/","title":{"rendered":"Invitation au repas de No\u00ebl vendredi 18 d\u00e9cembre"},"content":{"rendered":"<p><a href=\"http:\/\/www.amicale-aeap.fr\/word\/wp-content\/uploads\/2015\/11\/bandeau_etoiles.png\"><img loading=\"lazy\" decoding=\"async\" class=\"size-full wp-image-5370 aligncenter\" src=\"http:\/\/www.amicale-aeap.fr\/word\/wp-content\/uploads\/2015\/11\/bandeau_etoiles.png\" alt=\"Bandeau \u00e9toil\u00e9\" width=\"1000\" height=\"124\" srcset=\"https:\/\/www.amicale-aeap.fr\/word\/wp-content\/uploads\/2015\/11\/bandeau_etoiles.png 1000w, https:\/\/www.amicale-aeap.fr\/word\/wp-content\/uploads\/2015\/11\/bandeau_etoiles-300x37.png 300w\" sizes=\"auto, (max-width: 1000px) 100vw, 1000px\" \/><\/a><\/p>\n<p>&nbsp;<\/p>\n<p style=\"text-align: center;\">L\u2019amicale a le plaisir de vous inviter au traditionnel repas de No\u00ebl.<\/p>\n<p style=\"text-align: center;\">Il aura lieu dans la salle du restaurant<\/p>\n<p style=\"text-align: center;\"><strong>vendredi 18 d\u00e9cembre 2015 \u00e0\u00a012 h 45<\/strong>,<\/p>\n<p style=\"text-align: center;\">\u00e0 l\u2019issue de la c\u00e9r\u00e9monie de remise des m\u00e9dailles<\/p>\n<p style=\"text-align: center;\">et des d\u00e9parts en retraite (11 h) et de son cocktail.<\/p>\n<p style=\"text-align: center;\">Ce repas est <strong>ouvert \u00e0 tous les agents, amicalistes ou non, <\/strong><\/p>\n<p style=\"text-align: center;\">au tarif unique de 10 \u20ac.<\/p>\n<p style=\"text-align: center;\">3 menus sont propos\u00e9s :<\/p>\n<p style=\"text-align: center;\">\u00ab Viande \u00bb, \u00ab Poisson \u00bb, \u00ab V\u00e9g\u00e9tarien, sans gluten, sans lactose \u00bb.<\/p>\n<p style=\"text-align: center;\"><strong>Nous vous attendons nombreux pour ce moment de convivialit\u00e9 !<\/strong><\/p>\n<p style=\"text-align: left;\">En pratique :<br \/>\n<strong>Veuillez vous inscrire avant le 4 d\u00e9cembre 2015<\/strong> aupr\u00e8s d\u2019Am\u00e9lie V. (bureau 315) , avec votre r\u00e8glement par ch\u00e8que \u00e0 l\u2019ordre de l\u2019amicale et votre choix de menu.<\/p>\n<p style=\"text-align: left;\">Les menus au choix : <a href=\"http:\/\/www.amicale-aeap.fr\/word\/wp-content\/uploads\/2015\/11\/Amicale_Noel_menus.pdf\">Menus &#8211; repas de No\u00ebl 2015<\/a><\/p>\n<p><a href=\"http:\/\/www.amicale-aeap.fr\/word\/wp-content\/uploads\/2015\/11\/bandeau_etoiles.png\"><img loading=\"lazy\" decoding=\"async\" class=\"size-full wp-image-5370 aligncenter\" src=\"http:\/\/www.amicale-aeap.fr\/word\/wp-content\/uploads\/2015\/11\/bandeau_etoiles.png\" alt=\"Bandeau \u00e9toil\u00e9\" width=\"1000\" height=\"124\" srcset=\"https:\/\/www.amicale-aeap.fr\/word\/wp-content\/uploads\/2015\/11\/bandeau_etoiles.png 1000w, https:\/\/www.amicale-aeap.fr\/word\/wp-content\/uploads\/2015\/11\/bandeau_etoiles-300x37.png 300w\" sizes=\"auto, (max-width: 1000px) 100vw, 1000px\" \/><\/a><\/p>\n","protected":false},"excerpt":{"rendered":"<p>&nbsp; L\u2019amicale a le plaisir de vous inviter au traditionnel repas de No\u00ebl. Il aura lieu dans la salle du restaurant vendredi 18 d\u00e9cembre 2015 \u00e0\u00a012 h 45, \u00e0 l\u2019issue de la c\u00e9r\u00e9monie de remise des m\u00e9dailles et des d\u00e9parts en retraite (11 h) et de son cocktail. Ce repas [&hellip;]<\/p>\n","protected":false},"author":171,"featured_media":5376,"comment_status":"open","ping_status":"closed","sticky":false,"template":"","format":"standard","meta":{"footnotes":""},"categories":[45,1],"tags":[],"class_list":["post-5363","post","type-post","status-publish","format-standard","has-post-thumbnail","hentry","category-noel-2","category-actus"],"_links":{"self":[{"href":"https:\/\/www.amicale-aeap.fr\/word\/wp-json\/wp\/v2\/posts\/5363","targetHints":{"allow":["GET"]}}],"collection":[{"href":"https:\/\/www.amicale-aeap.fr\/word\/wp-json\/wp\/v2\/posts"}],"about":[{"href":"https:\/\/www.amicale-aeap.fr\/word\/wp-json\/wp\/v2\/types\/post"}],"author":[{"embeddable":true,"href":"https:\/\/www.amicale-aeap.fr\/word\/wp-json\/wp\/v2\/users\/171"}],"replies":[{"embeddable":true,"href":"https:\/\/www.amicale-aeap.fr\/word\/wp-json\/wp\/v2\/comments?post=5363"}],"version-history":[{"count":13,"href":"https:\/\/www.amicale-aeap.fr\/word\/wp-json\/wp\/v2\/posts\/5363\/revisions"}],"predecessor-version":[{"id":5380,"href":"https:\/\/www.amicale-aeap.fr\/word\/wp-json\/wp\/v2\/posts\/5363\/revisions\/5380"}],"wp:featuredmedia":[{"embeddable":true,"href":"https:\/\/www.amicale-aeap.fr\/word\/wp-json\/wp\/v2\/media\/5376"}],"wp:attachment":[{"href":"https:\/\/www.amicale-aeap.fr\/word\/wp-json\/wp\/v2\/media?parent=5363"}],"wp:term":[{"taxonomy":"category","embeddable":true,"href":"https:\/\/www.amicale-aeap.fr\/word\/wp-json\/wp\/v2\/categories?post=5363"},{"taxonomy":"post_tag","embeddable":true,"href":"https:\/\/www.amicale-aeap.fr\/word\/wp-json\/wp\/v2\/tags?post=5363"}],"curies":[{"name":"wp","href":"https:\/\/api.w.org\/{rel}","templated":true}]}}