{"id":5048,"date":"2015-11-07T10:43:03","date_gmt":"2015-11-07T09:43:03","guid":{"rendered":"http:\/\/www.amicale-aeap.fr\/word\/?p=5048"},"modified":"2015-11-10T15:46:19","modified_gmt":"2015-11-10T14:46:19","slug":"escapade-a-lisbonne-du-5-au-8-mai-2016","status":"publish","type":"post","link":"https:\/\/www.amicale-aeap.fr\/word\/2015\/11\/07\/escapade-a-lisbonne-du-5-au-8-mai-2016\/","title":{"rendered":"Escapade \u00e0 Lisbonne du 5 au 8 mai 2016"},"content":{"rendered":"<p><a href=\"http:\/\/www.education.gouv.fr\/pid25058\/le-calendrier-scolaire.html\" target=\"_blank\">Vu sur le site du Minist\u00e8re de l&rsquo;Education<\/a><\/p>\n<blockquote><p>Pour l&rsquo;ann\u00e9e scolaire 2015-2016, les classes vaqueront le vendredi 6 mai 2016 et le samedi 7 mai 2016.<\/p><\/blockquote>\n<p>Ca veut dire quoi, vaquer, d\u00e9j\u00e0 ? \u00ab\u00a0Cesser de fonctionner, interrompre ses fonctions &#8230;.\u00a0\u00bb (Merci <a href=\"http:\/\/www.larousse.fr\/dictionnaires\/francais\/vaquer\/81091?q=vaquer#80146\">Larousse <\/a>!). Donc l&rsquo;\u00e9ducation nationale fait le pont de l&rsquo;Ascension ? Et bien, nous aussi, nous en profiterons ! Envolons-nous vers le soleil &#8230;.. Vamos em Lisboa !!<\/p>\n<p>L&rsquo;amicale vous propose de faire le pont en mai, et de partir en escapade 4 jours\/ 3 nuits \u00e0 Lisbonne du 5 au 8 mai 2016.<\/p>\n<p><em>Camp\u00e9e sur la rive droite de l\u2019estuaire du Tage, Lisbonne est avant tout un site d\u2019une incomparable beaut\u00e9, parfois d\u00e9routante certes, mais qui a su remarquablement traverser le temps.<br \/>\n<\/em><\/p>\n<p>T\u00e9l\u00e9chargez le programme et le bulletin d&rsquo;inscription pour le week-end : <a href=\"http:\/\/www.amicale-aeap.fr\/word\/wp-content\/uploads\/2015\/11\/Bulletin_Inscription_Lisbonne.pdf\">Bulletin_Inscription_Lisbonne<\/a><\/p>\n<p><strong>Programme de la visite guid\u00e9e : <\/strong><\/p>\n<p><strong>Lisbonne<\/strong>, la Capitale du Portugal. La ville s\u2019\u00e9gr\u00e8ne au long de sept collines, offrant de nombreux belv\u00e9d\u00e8res aux points de vue vari\u00e9s sur Lisbonne. Les quartiers historiques ont conserv\u00e9 l\u2019aspect ancien avec les palais aux fa\u00e7ades couleur pastel, les immeubles couverts d\u2019azulejos (carreaux de fa\u00efence), et les rues et places rev\u00eatues de mosa\u00efques de petits pav\u00e9s blancs et noirs. Visite du quartier de la Baixa, reconstruit apr\u00e8s le tremblement de terre de 1755, avec la place du commerce, et le quartier commer\u00e7ant du Rossio. Puis d\u00e9couverte du quartier typique d\u2019Alfama, domin\u00e9 par le Ch\u00e2teau de S\u00e3o Jorge, dont vous pourrez profiter de la vue panoramique sur Lisbonne. D\u00fb \u00e0 son lacis de ruelles \u00e9troites, ses escaliers et le linge pendu aux fen\u00eatres Alfama rappelle une Kasbah. Finalement, visite du quartier de Bel\u00e9m, qui t\u00e9moigne du pass\u00e9 maritime du Portugal, avec la Tour de Bel\u00e9m et le Monast\u00e8re des Hi\u00e9ronymites (Entr\u00e9e libre \u00e0 l\u2019\u00e9glise du Monast\u00e8re qui abrite le tombeau de Vasco da Gama)<br \/>\nJourn\u00e9es et repas libres.<\/p>\n<p><strong>Quelques photos de la ville tir\u00e9es du site : http:\/\/photolisbonne.com\/<br \/>\n<\/strong><\/p>\n<p><a href=\"http:\/\/www.amicale-aeap.fr\/word\/wp-content\/uploads\/2015\/11\/torre_de_belem.jpg\"><img loading=\"lazy\" decoding=\"async\" class=\" size-medium wp-image-5056 alignleft\" src=\"http:\/\/www.amicale-aeap.fr\/word\/wp-content\/uploads\/2015\/11\/torre_de_belem-300x200.jpg\" alt=\"torre_de_belem\" width=\"300\" height=\"200\" srcset=\"https:\/\/www.amicale-aeap.fr\/word\/wp-content\/uploads\/2015\/11\/torre_de_belem-300x200.jpg 300w, https:\/\/www.amicale-aeap.fr\/word\/wp-content\/uploads\/2015\/11\/torre_de_belem.jpg 720w\" sizes=\"auto, (max-width: 300px) 100vw, 300px\" \/><\/a> <a href=\"http:\/\/www.amicale-aeap.fr\/word\/wp-content\/uploads\/2015\/11\/electrico_i.jpg\"><img loading=\"lazy\" decoding=\"async\" class=\" size-medium wp-image-5058 alignleft\" src=\"http:\/\/www.amicale-aeap.fr\/word\/wp-content\/uploads\/2015\/11\/electrico_i-300x200.jpg\" alt=\"electrico_i\" width=\"300\" height=\"200\" srcset=\"https:\/\/www.amicale-aeap.fr\/word\/wp-content\/uploads\/2015\/11\/electrico_i-300x200.jpg 300w, https:\/\/www.amicale-aeap.fr\/word\/wp-content\/uploads\/2015\/11\/electrico_i.jpg 720w\" sizes=\"auto, (max-width: 300px) 100vw, 300px\" \/><\/a> <a href=\"http:\/\/www.amicale-aeap.fr\/word\/wp-content\/uploads\/2015\/11\/alfama_pano_i.jpg\"><img loading=\"lazy\" decoding=\"async\" class=\" size-medium wp-image-5059 alignleft\" src=\"http:\/\/www.amicale-aeap.fr\/word\/wp-content\/uploads\/2015\/11\/alfama_pano_i-300x200.jpg\" alt=\"alfama_pano_i\" width=\"300\" height=\"200\" srcset=\"https:\/\/www.amicale-aeap.fr\/word\/wp-content\/uploads\/2015\/11\/alfama_pano_i-300x200.jpg 300w, https:\/\/www.amicale-aeap.fr\/word\/wp-content\/uploads\/2015\/11\/alfama_pano_i.jpg 720w\" sizes=\"auto, (max-width: 300px) 100vw, 300px\" \/><\/a> <a href=\"http:\/\/www.amicale-aeap.fr\/word\/wp-content\/uploads\/2015\/11\/sintra_i.jpg\"><img loading=\"lazy\" decoding=\"async\" class=\" size-medium wp-image-5060 alignleft\" src=\"http:\/\/www.amicale-aeap.fr\/word\/wp-content\/uploads\/2015\/11\/sintra_i-300x200.jpg\" alt=\"sintra_i\" width=\"300\" height=\"200\" srcset=\"https:\/\/www.amicale-aeap.fr\/word\/wp-content\/uploads\/2015\/11\/sintra_i-300x200.jpg 300w, https:\/\/www.amicale-aeap.fr\/word\/wp-content\/uploads\/2015\/11\/sintra_i.jpg 720w\" sizes=\"auto, (max-width: 300px) 100vw, 300px\" \/><\/a><\/p>\n<p>&nbsp;<\/p>\n<p>&nbsp;<\/p>\n<p>&nbsp;<\/p>\n<p>&nbsp;<\/p>\n<p>&nbsp;<\/p>\n<p>&nbsp;<\/p>\n<p>&nbsp;<\/p>\n<p>&nbsp;<\/p>\n<p>&nbsp;<\/p>\n<p>&nbsp;<\/p>\n<p>&nbsp;<\/p>\n<p>&nbsp;<\/p>\n<p><strong>Quelques informations sur l\u2019h\u00f4tel : <\/strong>H\u00f4tel Real Parque de Lisbonne<\/p>\n<p><em>L\u2019h\u00f4tel Real Parque de Lisbonne est situ\u00e9 dans une zone du centre ville relativement calme. Toutefois, vous n\u2019aurez pas besoin de marcher loin pour trouver les boutiques et les services. Il y a trois stations de M\u00e9tro \u00e0 proximit\u00e9, offrant une moyen d\u2019acc\u00e8s rapide et efficace aux endroits les plus int\u00e9ressants de la ville de Lisbonne. Embarquez vous dans l\u2019exploration des magnifiques parcs de Lisbonne, de ses immeubles, mus\u00e9es, th\u00e9\u00e2tres, de ses nombreux restaurants, bars, caf\u00e9s et quelques-unes des meilleures adresses pour le shopping. L\u2019h\u00f4tel est juste \u00e0 quelques minutes de marche du parc Eduardo VII, qui est tr\u00e8s \u00e9tendu et populaire. Situ\u00e9 sur le c\u00f4t\u00e9 nord de l\u2019Avenue Liberty, il est juste derri\u00e8re le Square du Marqu\u00eas Pombal.<\/em><\/p>\n<p><a href=\"http:\/\/www.amicale-aeap.fr\/word\/wp-content\/uploads\/2015\/11\/01gal.jpg\"><img loading=\"lazy\" decoding=\"async\" class=\" size-medium wp-image-5062 alignleft\" src=\"http:\/\/www.amicale-aeap.fr\/word\/wp-content\/uploads\/2015\/11\/01gal-300x201.jpg\" alt=\"01gal\" width=\"300\" height=\"201\" srcset=\"https:\/\/www.amicale-aeap.fr\/word\/wp-content\/uploads\/2015\/11\/01gal-300x201.jpg 300w, https:\/\/www.amicale-aeap.fr\/word\/wp-content\/uploads\/2015\/11\/01gal.jpg 800w\" sizes=\"auto, (max-width: 300px) 100vw, 300px\" \/><\/a> <a href=\"http:\/\/www.amicale-aeap.fr\/word\/wp-content\/uploads\/2015\/11\/08gal.jpg\"><img loading=\"lazy\" decoding=\"async\" class=\" size-medium wp-image-5063 alignleft\" src=\"http:\/\/www.amicale-aeap.fr\/word\/wp-content\/uploads\/2015\/11\/08gal-300x201.jpg\" alt=\"08gal\" width=\"300\" height=\"201\" srcset=\"https:\/\/www.amicale-aeap.fr\/word\/wp-content\/uploads\/2015\/11\/08gal-300x201.jpg 300w, https:\/\/www.amicale-aeap.fr\/word\/wp-content\/uploads\/2015\/11\/08gal.jpg 800w\" sizes=\"auto, (max-width: 300px) 100vw, 300px\" \/><\/a> <a href=\"http:\/\/www.amicale-aeap.fr\/word\/wp-content\/uploads\/2015\/11\/09gal.jpg\"><img loading=\"lazy\" decoding=\"async\" class=\" size-medium wp-image-5064 alignleft\" src=\"http:\/\/www.amicale-aeap.fr\/word\/wp-content\/uploads\/2015\/11\/09gal-300x201.jpg\" alt=\"09gal\" width=\"300\" height=\"201\" srcset=\"https:\/\/www.amicale-aeap.fr\/word\/wp-content\/uploads\/2015\/11\/09gal-300x201.jpg 300w, https:\/\/www.amicale-aeap.fr\/word\/wp-content\/uploads\/2015\/11\/09gal.jpg 800w\" sizes=\"auto, (max-width: 300px) 100vw, 300px\" \/><\/a> <a href=\"http:\/\/www.amicale-aeap.fr\/word\/wp-content\/uploads\/2015\/11\/07gal.jpg\"><img loading=\"lazy\" decoding=\"async\" class=\" size-medium wp-image-5055 alignleft\" src=\"http:\/\/www.amicale-aeap.fr\/word\/wp-content\/uploads\/2015\/11\/07gal-300x201.jpg\" alt=\"07gal\" width=\"300\" height=\"201\" srcset=\"https:\/\/www.amicale-aeap.fr\/word\/wp-content\/uploads\/2015\/11\/07gal-300x201.jpg 300w, https:\/\/www.amicale-aeap.fr\/word\/wp-content\/uploads\/2015\/11\/07gal.jpg 800w\" sizes=\"auto, (max-width: 300px) 100vw, 300px\" \/><\/a><\/p>\n<p>&nbsp;<\/p>\n<p>&nbsp;<\/p>\n<p>&nbsp;<\/p>\n<p>&nbsp;<\/p>\n<p>&nbsp;<\/p>\n<p>&nbsp;<\/p>\n<p>&nbsp;<\/p>\n<p>&nbsp;<\/p>\n<p>&nbsp;<\/p>\n<p>&nbsp;<\/p>\n<p>&nbsp;<\/p>\n<p>&nbsp;<\/p>\n<p><em><strong>Petite information compl\u00e9mentaire :<\/strong> <\/em><\/p>\n<p><em>L&rsquo;amicale planifie \u00e9galement un week-end de deux jours \u00e0 Londres. L&rsquo;information pour les inscriptions devrait sortir tr\u00e8s prochainement.<\/em><\/p>\n<p>&nbsp;<\/p>\n<p>&nbsp;<\/p>\n<p>&nbsp;<\/p>\n<p>&nbsp;<\/p>\n<p>&nbsp;<\/p>\n","protected":false},"excerpt":{"rendered":"<p>Vu sur le site du Minist\u00e8re de l&rsquo;Education Pour l&rsquo;ann\u00e9e scolaire 2015-2016, les classes vaqueront le vendredi 6 mai 2016 et le samedi 7 mai 2016. Ca veut dire quoi, vaquer, d\u00e9j\u00e0 ? \u00ab\u00a0Cesser de fonctionner, interrompre ses fonctions &#8230;.\u00a0\u00bb (Merci Larousse !). Donc l&rsquo;\u00e9ducation nationale fait le pont de [&hellip;]<\/p>\n","protected":false},"author":1,"featured_media":5058,"comment_status":"open","ping_status":"closed","sticky":false,"template":"","format":"standard","meta":{"footnotes":""},"categories":[1],"tags":[],"class_list":["post-5048","post","type-post","status-publish","format-standard","has-post-thumbnail","hentry","category-actus"],"_links":{"self":[{"href":"https:\/\/www.amicale-aeap.fr\/word\/wp-json\/wp\/v2\/posts\/5048","targetHints":{"allow":["GET"]}}],"collection":[{"href":"https:\/\/www.amicale-aeap.fr\/word\/wp-json\/wp\/v2\/posts"}],"about":[{"href":"https:\/\/www.amicale-aeap.fr\/word\/wp-json\/wp\/v2\/types\/post"}],"author":[{"embeddable":true,"href":"https:\/\/www.amicale-aeap.fr\/word\/wp-json\/wp\/v2\/users\/1"}],"replies":[{"embeddable":true,"href":"https:\/\/www.amicale-aeap.fr\/word\/wp-json\/wp\/v2\/comments?post=5048"}],"version-history":[{"count":18,"href":"https:\/\/www.amicale-aeap.fr\/word\/wp-json\/wp\/v2\/posts\/5048\/revisions"}],"predecessor-version":[{"id":5075,"href":"https:\/\/www.amicale-aeap.fr\/word\/wp-json\/wp\/v2\/posts\/5048\/revisions\/5075"}],"wp:featuredmedia":[{"embeddable":true,"href":"https:\/\/www.amicale-aeap.fr\/word\/wp-json\/wp\/v2\/media\/5058"}],"wp:attachment":[{"href":"https:\/\/www.amicale-aeap.fr\/word\/wp-json\/wp\/v2\/media?parent=5048"}],"wp:term":[{"taxonomy":"category","embeddable":true,"href":"https:\/\/www.amicale-aeap.fr\/word\/wp-json\/wp\/v2\/categories?post=5048"},{"taxonomy":"post_tag","embeddable":true,"href":"https:\/\/www.amicale-aeap.fr\/word\/wp-json\/wp\/v2\/tags?post=5048"}],"curies":[{"name":"wp","href":"https:\/\/api.w.org\/{rel}","templated":true}]}}